{"id":89979,"date":"2025-06-09T16:43:19","date_gmt":"2025-06-09T21:43:19","guid":{"rendered":"https:\/\/www.evafm.net\/sitio\/?p=89979"},"modified":"2025-06-09T16:43:48","modified_gmt":"2025-06-09T21:43:48","slug":"ranieri-dice-si-a-la-seleccion-italiana","status":"publish","type":"post","link":"https:\/\/www.evafm.net\/sitio\/ranieri-dice-si-a-la-seleccion-italiana\/","title":{"rendered":"Ranieri dice \u201cs\u00ed\u201d a la selecci\u00f3n italiana"},"content":{"rendered":"<p>Cuando la selecci\u00f3n Italiana llama es imposible resistirse: Claudio Ranieri (73) ser\u00e1 en nuevo entrenador de la Nazionale italiana y, al mismo tiempo, seguir\u00e1 siendo el asesor personal del presidente<\/p>\n<p>de la Roma, Dan Friedkin.<\/p>\n<p>El t\u00e9cnico Italiano, conocido por para su personalidad abierta y su entusiasmo, siempre ha coleccionado \u00f3ptimos resultados, realizando una carrera maravillosa que seguir\u00e1 regalando sorpresas.<\/p>\n<p>Despu\u00e9s de su experiencia en el Cagliari y luego en la Roma, no hubiese podido imaginar que se le hubiese vuelto a abrir la puerta de la selecci\u00f3n italiana.<\/p>\n<p>&nbsp;<\/p>\n<p>Ayer por la tarde todo se concret\u00f3 y cuando Ranieri recibi\u00f3 la llamada, no pudo decir que no.<\/p>\n<p>\u00bfY la Roma? Tendr\u00e1 un doble rol con &#8216;i giallorossi&#8217; y la Nazionale, porque Friedkin ha dado luz verde al doble papel: el de comisario t\u00e9cnico y el de asesor personal del presidente.<\/p>\n<p>La Federaci\u00f3n italiana tambi\u00e9n lo ha aprobado.<\/p>\n<p>&nbsp;<\/p>\n<p>Ranieri tiene una experiencia internacional impresionante: es el hombre de la extraordinaria haza\u00f1a con el Leicester (2016), con quien gan\u00f3 la Premier League, logrando crear un grupo fuerte y de calidad y convirti\u00e9ndose en su l\u00edder. Desde siempre, el t\u00e9cnico ha cre\u00eddo fervientemente en los jugadores que ha tenido.<\/p>\n<p>Este a\u00f1o, con la Roma, no fue una excepci\u00f3n. Ahora Ranieri est\u00e1 listo para hacer lo mismo con la Nazionale y salvar el Mundial. <strong>(D)<\/strong><\/p>\n<p><strong>TEXTO TOMADO DE MUNDO DEPORTIVO<\/strong><\/p>\n<p>&nbsp;<\/p>\n<p><strong>Fuente<\/strong>: evafm.net &#8211; studiofutbol.com.ec<\/p>\n<div class=\"gsp_post_data\" \r\n\t            data-post_type=\"post\" \r\n\t            data-cat=\"deportes-internacionales\" \r\n\t            data-modified=\"120\"\r\n\t            data-created=\"1749487399\"\r\n\t            data-title=\"Ranieri dice \u201cs\u00ed\u201d a la selecci\u00f3n italiana\" \r\n\t            data-home=\"https:\/\/www.evafm.net\/sitio\"><\/div>","protected":false},"excerpt":{"rendered":"<p>Cuando la selecci\u00f3n Italiana llama es imposible resistirse: Claudio Ranieri (73) ser\u00e1 en nuevo entrenador de la Nazionale italiana y, al mismo tiempo, seguir\u00e1 siendo el asesor personal del presidente de la Roma, Dan Friedkin. El t\u00e9cnico Italiano, conocido por para su personalidad abierta y su entusiasmo, siempre ha coleccionado \u00f3ptimos resultados, realizando una carrera&#8230;<\/p>\n","protected":false},"author":5,"featured_media":89980,"comment_status":"closed","ping_status":"open","sticky":false,"template":"","format":"standard","meta":{"_joinchat":[],"footnotes":""},"categories":[1342],"tags":[],"class_list":["post-89979","post","type-post","status-publish","format-standard","has-post-thumbnail","hentry","category-deportes-internacionales","have-post-thumb"],"_links":{"self":[{"href":"https:\/\/www.evafm.net\/sitio\/wp-json\/wp\/v2\/posts\/89979","targetHints":{"allow":["GET"]}}],"collection":[{"href":"https:\/\/www.evafm.net\/sitio\/wp-json\/wp\/v2\/posts"}],"about":[{"href":"https:\/\/www.evafm.net\/sitio\/wp-json\/wp\/v2\/types\/post"}],"author":[{"embeddable":true,"href":"https:\/\/www.evafm.net\/sitio\/wp-json\/wp\/v2\/users\/5"}],"replies":[{"embeddable":true,"href":"https:\/\/www.evafm.net\/sitio\/wp-json\/wp\/v2\/comments?post=89979"}],"version-history":[{"count":2,"href":"https:\/\/www.evafm.net\/sitio\/wp-json\/wp\/v2\/posts\/89979\/revisions"}],"predecessor-version":[{"id":89982,"href":"https:\/\/www.evafm.net\/sitio\/wp-json\/wp\/v2\/posts\/89979\/revisions\/89982"}],"wp:featuredmedia":[{"embeddable":true,"href":"https:\/\/www.evafm.net\/sitio\/wp-json\/wp\/v2\/media\/89980"}],"wp:attachment":[{"href":"https:\/\/www.evafm.net\/sitio\/wp-json\/wp\/v2\/media?parent=89979"}],"wp:term":[{"taxonomy":"category","embeddable":true,"href":"https:\/\/www.evafm.net\/sitio\/wp-json\/wp\/v2\/categories?post=89979"},{"taxonomy":"post_tag","embeddable":true,"href":"https:\/\/www.evafm.net\/sitio\/wp-json\/wp\/v2\/tags?post=89979"}],"curies":[{"name":"wp","href":"https:\/\/api.w.org\/{rel}","templated":true}]}}