{"id":89997,"date":"2025-06-10T19:27:36","date_gmt":"2025-06-11T00:27:36","guid":{"rendered":"https:\/\/www.evafm.net\/sitio\/?p=89997"},"modified":"2025-06-10T19:27:36","modified_gmt":"2025-06-11T00:27:36","slug":"barcelona-oficializo-a-nuevo-refuerzo-miguel-parrales","status":"publish","type":"post","link":"https:\/\/www.evafm.net\/sitio\/barcelona-oficializo-a-nuevo-refuerzo-miguel-parrales\/","title":{"rendered":"Barcelona oficializo a nuevo refuerzo Miguel Parrales"},"content":{"rendered":"<p><strong>Barcelona Sporting Club i<\/strong>nforma que ha llegado a un acuerdo con<strong> Guayaquil City F.C<\/strong>. para la incorporaci\u00f3n del futbolista <strong>Miguel Parrales<\/strong>, quien se convierte en nuevo jugador de nuestra instituci\u00f3n.<\/p>\n<p>Como parte de la operaci\u00f3n, el club ha adquirido el<strong> 80% de los derechos del jugador,<\/strong> quien ha firmado un contrato hasta junio del<strong> 2028 (tres temporadas).<\/strong><\/p>\n<p>Parrales, de 29 a\u00f1os de edad, super\u00f3 con \u00e9xito los chequeos m\u00e9dicos realizados y desde ma\u00f1ana se integrar\u00e1 a los entrenamientos del primer equipo en el <strong>Estadio Banco Pichincha.<\/strong><\/p>\n<p><strong>Estad\u00edsticas<\/strong><\/p>\n<p>Fue el m\u00e1ximo anotador en la<strong> LigaPro 2023<\/strong> con el Guayaquil City, anotando <strong>16 goles.<\/strong><\/p>\n<p>Su \u00faltimo club fue<strong> Orense S.C.,<\/strong> donde en <strong>13 partidos marc\u00f3 7 goles.<\/strong><\/p>\n<p>Lleva 109 goles anotados con sus diferentes clubes por torneos nacionales e internacionales. <strong>(D)<\/strong><\/p>\n<p>&nbsp;<\/p>\n<div class=\"css-175oi2r r-zl2h9q\">\n<div class=\"css-175oi2r r-k4xj1c r-18u37iz r-1wtj0ep\">\n<div class=\"css-175oi2r r-1d09ksm r-18u37iz r-1wbh5a2\">\n<div class=\"css-175oi2r r-1wbh5a2 r-dnmrzs r-1ny4l3l\">\n<div id=\"id__baac3nqhqu\" class=\"css-175oi2r r-1wbh5a2 r-dnmrzs r-1ny4l3l r-1awozwy r-18u37iz\" data-testid=\"User-Name\">\n<div class=\"css-175oi2r r-1awozwy r-18u37iz r-1wbh5a2 r-dnmrzs\">\n<div class=\"css-175oi2r r-1wbh5a2 r-dnmrzs\">\n<div class=\"css-175oi2r r-1awozwy r-18u37iz r-1wbh5a2 r-dnmrzs\">\n<div class=\"css-146c3p1 r-bcqeeo r-1ttztb7 r-qvutc0 r-37j5jr r-a023e6 r-rjixqe r-b88u0q r-1awozwy r-6koalj r-1udh08x r-3s2u2q\" dir=\"ltr\"><strong><span class=\"css-1jxf684 r-dnmrzs r-1udh08x r-1udbk01 r-3s2u2q r-bcqeeo r-1ttztb7 r-qvutc0 r-poiln3\"><span class=\"css-1jxf684 r-bcqeeo r-1ttztb7 r-qvutc0 r-poiln3\">BARCELONA S.C.<\/span><\/span><\/strong><\/div>\n<div class=\"css-146c3p1 r-bcqeeo r-1ttztb7 r-qvutc0 r-37j5jr r-a023e6 r-rjixqe r-16dba41 r-xoduu5 r-18u37iz r-1q142lx\" dir=\"ltr\"><\/div>\n<\/div>\n<\/div>\n<\/div>\n<div class=\"css-175oi2r r-18u37iz r-1wbh5a2 r-1ez5h0i\">\n<div class=\"css-175oi2r r-1d09ksm r-18u37iz r-1wbh5a2\">\n<div class=\"css-175oi2r r-1wbh5a2 r-dnmrzs\">\n<div class=\"css-146c3p1 r-dnmrzs r-1udh08x r-1udbk01 r-3s2u2q r-bcqeeo r-1ttztb7 r-qvutc0 r-37j5jr r-a023e6 r-rjixqe r-16dba41 r-18u37iz r-1wvb978\" dir=\"ltr\"><strong><span class=\"css-1jxf684 r-bcqeeo r-1ttztb7 r-qvutc0 r-poiln3\">@BarcelonaSC<\/span><\/strong><\/div>\n<\/div>\n<div class=\"css-146c3p1 r-bcqeeo r-1ttztb7 r-qvutc0 r-37j5jr r-a023e6 r-rjixqe r-16dba41 r-1q142lx r-n7gxbd\" dir=\"ltr\" aria-hidden=\"true\"><strong><span class=\"css-1jxf684 r-bcqeeo r-1ttztb7 r-qvutc0 r-poiln3\">\u00b7<\/span><\/strong><\/div>\n<div class=\"css-175oi2r r-18u37iz r-1q142lx\"><strong>Comunicado Oficial: Miguel Parrales El nuevo artillero amarillo<\/strong><\/div>\n<\/div>\n<\/div>\n<\/div>\n<\/div>\n<\/div>\n<\/div>\n<\/div>\n<p><img decoding=\"async\" src=\"https:\/\/pbs.twimg.com\/media\/GtFY1P0W8AEWnRc?format=jpg&amp;name=small\" alt=\"Imagen\" \/><\/p>\n<p>&nbsp;<\/p>\n<p><strong>Fuente:<\/strong> evafm.net &#8211; barcelonas.com.ec<\/p>\n<div class=\"gsp_post_data\" \r\n\t            data-post_type=\"post\" \r\n\t            data-cat=\"deportes-ecuador,general\" \r\n\t            data-modified=\"120\"\r\n\t            data-created=\"1749583656\"\r\n\t            data-title=\"Barcelona oficializo a nuevo refuerzo Miguel Parrales\" \r\n\t            data-home=\"https:\/\/www.evafm.net\/sitio\"><\/div>","protected":false},"excerpt":{"rendered":"<p>Barcelona Sporting Club informa que ha llegado a un acuerdo con Guayaquil City F.C. para la incorporaci\u00f3n del futbolista Miguel Parrales, quien se convierte en nuevo jugador de nuestra instituci\u00f3n. Como parte de la operaci\u00f3n, el club ha adquirido el 80% de los derechos del jugador, quien ha firmado un contrato hasta junio del 2028&#8230;<\/p>\n","protected":false},"author":5,"featured_media":90024,"comment_status":"closed","ping_status":"open","sticky":false,"template":"","format":"standard","meta":{"_joinchat":[],"footnotes":""},"categories":[1557,1720],"tags":[],"class_list":["post-89997","post","type-post","status-publish","format-standard","has-post-thumbnail","hentry","category-deportes-ecuador","category-general","have-post-thumb"],"_links":{"self":[{"href":"https:\/\/www.evafm.net\/sitio\/wp-json\/wp\/v2\/posts\/89997","targetHints":{"allow":["GET"]}}],"collection":[{"href":"https:\/\/www.evafm.net\/sitio\/wp-json\/wp\/v2\/posts"}],"about":[{"href":"https:\/\/www.evafm.net\/sitio\/wp-json\/wp\/v2\/types\/post"}],"author":[{"embeddable":true,"href":"https:\/\/www.evafm.net\/sitio\/wp-json\/wp\/v2\/users\/5"}],"replies":[{"embeddable":true,"href":"https:\/\/www.evafm.net\/sitio\/wp-json\/wp\/v2\/comments?post=89997"}],"version-history":[{"count":1,"href":"https:\/\/www.evafm.net\/sitio\/wp-json\/wp\/v2\/posts\/89997\/revisions"}],"predecessor-version":[{"id":90025,"href":"https:\/\/www.evafm.net\/sitio\/wp-json\/wp\/v2\/posts\/89997\/revisions\/90025"}],"wp:featuredmedia":[{"embeddable":true,"href":"https:\/\/www.evafm.net\/sitio\/wp-json\/wp\/v2\/media\/90024"}],"wp:attachment":[{"href":"https:\/\/www.evafm.net\/sitio\/wp-json\/wp\/v2\/media?parent=89997"}],"wp:term":[{"taxonomy":"category","embeddable":true,"href":"https:\/\/www.evafm.net\/sitio\/wp-json\/wp\/v2\/categories?post=89997"},{"taxonomy":"post_tag","embeddable":true,"href":"https:\/\/www.evafm.net\/sitio\/wp-json\/wp\/v2\/tags?post=89997"}],"curies":[{"name":"wp","href":"https:\/\/api.w.org\/{rel}","templated":true}]}}