{"id":89998,"date":"2025-06-10T19:28:22","date_gmt":"2025-06-11T00:28:22","guid":{"rendered":"https:\/\/www.evafm.net\/sitio\/?p=89998"},"modified":"2025-06-10T19:28:22","modified_gmt":"2025-06-11T00:28:22","slug":"peru-vs-ecuador-en-vivo-y-por-senal-abierta-para-todo-el-pais","status":"publish","type":"post","link":"https:\/\/www.evafm.net\/sitio\/peru-vs-ecuador-en-vivo-y-por-senal-abierta-para-todo-el-pais\/","title":{"rendered":"Per\u00fa Vs. Ecuador, en vivo y por se\u00f1al abierta para todo el pa\u00eds"},"content":{"rendered":"<p><strong>El Gobierno Nacional de Ecuador,<\/strong> a trav\u00e9s de la Secretar\u00eda General de Comunicaci\u00f3n de la Presidencia de la Rep\u00fablica, confirm\u00f3 que el esperado partido entre las selecciones de <strong>Per\u00fa y Ecuador,<\/strong> correspondiente a las Eliminatorias Sudamericanas, ser\u00e1 transmitido en se\u00f1al abierta para todo el territorio ecuatoriano.<\/p>\n<p><strong>El encuentro se disputar\u00e1 hoy, martes 10 de junio, a las 20:30.<\/strong><\/p>\n<p>&nbsp;<\/p>\n<p>Gracias a la gesti\u00f3n del presidente <strong>Daniel Noboa Azin,<\/strong> los ecuatorianos podr\u00e1n disfrutar de este crucial enfrentamiento deportivo a trav\u00e9s de las se\u00f1ales de Ecuador TV y TC Televisi\u00f3n.<\/p>\n<p>La transmisi\u00f3n en se\u00f1al abierta permitir\u00e1 que ciudadanos de todos los rincones del pa\u00eds se unan para alentar a <strong>\u00abLa Tri\u00bb<\/strong> en su camino hacia la clasificaci\u00f3n.<\/p>\n<p>A continuaci\u00f3n, el comunicado oficial de la Secretar\u00eda General de Comunicaci\u00f3n:<\/p>\n<p>&nbsp;<\/p>\n<p>Mediante la gesti\u00f3n del presidente de la Rep\u00fablica, Daniel Noboa Azin, la transmisi\u00f3n del partido que disputar\u00e1 la selecci\u00f3n ecuatoriana de f\u00fatbol este martes 10 de junio contra Per\u00fa<\/p>\n<p>ser\u00e1 transmitida en se\u00f1al abierta para todo el territorio nacional.<\/p>\n<p>&nbsp;<\/p>\n<p>La ciudadan\u00eda podr\u00e1 disfrutar de este encuentro deportivo mediante la se\u00f1al de Ecuador TV y TC. Juntos podremos apoyar a la selecci\u00f3n y respaldar a los jugadores desde todos los rincones<\/p>\n<p>del Ecuador. EL NUEVO ECUADOR <strong>(D)<\/strong><\/p>\n<div class=\"css-175oi2r r-18u37iz\">\n<div class=\"css-175oi2r r-1iusvr4 r-16y2uox r-1777fci\">\n<div class=\"css-175oi2r r-zl2h9q\">\n<div class=\"css-175oi2r r-k4xj1c r-18u37iz r-1wtj0ep\">\n<div class=\"css-175oi2r r-1d09ksm r-18u37iz r-1wbh5a2\">\n<div class=\"css-175oi2r r-1wbh5a2 r-dnmrzs r-1ny4l3l\">\n<div id=\"id__47mw2sd5meu\" class=\"css-175oi2r r-1wbh5a2 r-dnmrzs r-1ny4l3l\" data-testid=\"User-Name\">\n<div class=\"css-175oi2r r-1awozwy r-18u37iz r-1wbh5a2 r-dnmrzs\">\n<div class=\"css-175oi2r r-1wbh5a2 r-dnmrzs\">\n<div class=\"css-175oi2r r-1awozwy r-18u37iz r-1wbh5a2 r-dnmrzs\">\n<div class=\"css-146c3p1 r-bcqeeo r-1ttztb7 r-qvutc0 r-37j5jr r-a023e6 r-rjixqe r-b88u0q r-1awozwy r-6koalj r-1udh08x r-3s2u2q r-1ddef8g\" dir=\"ltr\"><strong><span class=\"css-1jxf684 r-dnmrzs r-1udh08x r-1udbk01 r-3s2u2q r-bcqeeo r-1ttztb7 r-qvutc0 r-poiln3\"><span class=\"css-1jxf684 r-bcqeeo r-1ttztb7 r-qvutc0 r-poiln3\">Comunicaci\u00f3n Ecuador\u00a0<\/span><\/span><\/strong><\/div>\n<div class=\"css-146c3p1 r-bcqeeo r-1ttztb7 r-qvutc0 r-37j5jr r-a023e6 r-rjixqe r-16dba41 r-xoduu5 r-18u37iz r-1q142lx\" dir=\"ltr\"><\/div>\n<\/div>\n<\/div>\n<\/div>\n<div class=\"css-175oi2r r-18u37iz r-1wbh5a2\">\n<div class=\"css-175oi2r r-1d09ksm r-18u37iz r-1wbh5a2\">\n<div class=\"css-175oi2r r-1wbh5a2 r-dnmrzs\">\n<div class=\"css-146c3p1 r-dnmrzs r-1udh08x r-1udbk01 r-3s2u2q r-bcqeeo r-1ttztb7 r-qvutc0 r-37j5jr r-a023e6 r-rjixqe r-16dba41 r-18u37iz r-1wvb978\" dir=\"ltr\"><strong><span class=\"css-1jxf684 r-bcqeeo r-1ttztb7 r-qvutc0 r-poiln3\">@ComunicacionEc<\/span><\/strong><\/div>\n<\/div>\n<\/div>\n<\/div>\n<\/div>\n<\/div>\n<\/div>\n<div class=\"css-175oi2r r-1kkk96v\">\n<div class=\"css-175oi2r r-1awozwy r-18u37iz r-1cmwbt1 r-1wtj0ep\">\n<div class=\"css-175oi2r r-1awozwy r-6koalj r-18u37iz\">\n<div class=\"css-175oi2r\">\n<div class=\"css-175oi2r r-18u37iz r-1h0z5md\">\n<div class=\"css-146c3p1 r-bcqeeo r-1ttztb7 r-qvutc0 r-37j5jr r-a023e6 r-rjixqe r-16dba41 r-1awozwy r-6koalj r-1h0z5md r-o7ynqc r-clp7b1 r-3s2u2q\" dir=\"ltr\">\n<div class=\"css-175oi2r r-xoduu5\">\n<div class=\"css-175oi2r r-xoduu5 r-1p0dtai r-1d2f490 r-u8s1d r-zchlnj r-ipm5af r-1niwhzg r-sdzlij r-xf4iuw r-o7ynqc r-6416eg r-1ny4l3l\"><\/div>\n<\/div>\n<\/div>\n<\/div>\n<\/div>\n<\/div>\n<\/div>\n<\/div>\n<\/div>\n<\/div>\n<\/div>\n<\/div>\n<div class=\"css-175oi2r\">\n<div class=\"css-175oi2r\">\n<div class=\"css-175oi2r r-1s2bzr4\">\n<div id=\"id__yw8jp6tgjzj\" class=\"css-146c3p1 r-bcqeeo r-1ttztb7 r-qvutc0 r-37j5jr r-1inkyih r-16dba41 r-bnwqim r-135wba7\" dir=\"auto\" lang=\"es\" data-testid=\"tweetText\"><strong><span class=\"css-1jxf684 r-bcqeeo r-1ttztb7 r-qvutc0 r-poiln3\">A la ciudadan\u00eda:<\/span><\/strong><\/div>\n<\/div>\n<\/div>\n<\/div>\n<p><img decoding=\"async\" src=\"https:\/\/pbs.twimg.com\/media\/GtFLlgJWYAAcPuB?format=jpg&amp;name=small\" alt=\"Imagen\" \/><\/p>\n<p>&nbsp;<\/p>\n<p>Fuente: evafm.net &#8211; studiofutbol.com &#8211;<\/p>\n<div class=\"gsp_post_data\" \r\n\t            data-post_type=\"post\" \r\n\t            data-cat=\"deportes-internacionales,general,uncategorized\" \r\n\t            data-modified=\"120\"\r\n\t            data-created=\"1749583702\"\r\n\t            data-title=\"Per\u00fa Vs. Ecuador, en vivo y por se\u00f1al abierta para todo el pa\u00eds\" \r\n\t            data-home=\"https:\/\/www.evafm.net\/sitio\"><\/div>","protected":false},"excerpt":{"rendered":"<p>El Gobierno Nacional de Ecuador, a trav\u00e9s de la Secretar\u00eda General de Comunicaci\u00f3n de la Presidencia de la Rep\u00fablica, confirm\u00f3 que el esperado partido entre las selecciones de Per\u00fa y Ecuador, correspondiente a las Eliminatorias Sudamericanas, ser\u00e1 transmitido en se\u00f1al abierta para todo el territorio ecuatoriano. El encuentro se disputar\u00e1 hoy, martes 10 de junio,&#8230;<\/p>\n","protected":false},"author":5,"featured_media":90026,"comment_status":"closed","ping_status":"open","sticky":false,"template":"","format":"standard","meta":{"_joinchat":[],"footnotes":""},"categories":[1342,1720,1],"tags":[],"class_list":["post-89998","post","type-post","status-publish","format-standard","has-post-thumbnail","hentry","category-deportes-internacionales","category-general","category-uncategorized","have-post-thumb"],"_links":{"self":[{"href":"https:\/\/www.evafm.net\/sitio\/wp-json\/wp\/v2\/posts\/89998","targetHints":{"allow":["GET"]}}],"collection":[{"href":"https:\/\/www.evafm.net\/sitio\/wp-json\/wp\/v2\/posts"}],"about":[{"href":"https:\/\/www.evafm.net\/sitio\/wp-json\/wp\/v2\/types\/post"}],"author":[{"embeddable":true,"href":"https:\/\/www.evafm.net\/sitio\/wp-json\/wp\/v2\/users\/5"}],"replies":[{"embeddable":true,"href":"https:\/\/www.evafm.net\/sitio\/wp-json\/wp\/v2\/comments?post=89998"}],"version-history":[{"count":1,"href":"https:\/\/www.evafm.net\/sitio\/wp-json\/wp\/v2\/posts\/89998\/revisions"}],"predecessor-version":[{"id":90027,"href":"https:\/\/www.evafm.net\/sitio\/wp-json\/wp\/v2\/posts\/89998\/revisions\/90027"}],"wp:featuredmedia":[{"embeddable":true,"href":"https:\/\/www.evafm.net\/sitio\/wp-json\/wp\/v2\/media\/90026"}],"wp:attachment":[{"href":"https:\/\/www.evafm.net\/sitio\/wp-json\/wp\/v2\/media?parent=89998"}],"wp:term":[{"taxonomy":"category","embeddable":true,"href":"https:\/\/www.evafm.net\/sitio\/wp-json\/wp\/v2\/categories?post=89998"},{"taxonomy":"post_tag","embeddable":true,"href":"https:\/\/www.evafm.net\/sitio\/wp-json\/wp\/v2\/tags?post=89998"}],"curies":[{"name":"wp","href":"https:\/\/api.w.org\/{rel}","templated":true}]}}