{"id":90010,"date":"2025-06-10T14:57:25","date_gmt":"2025-06-10T19:57:25","guid":{"rendered":"https:\/\/www.evafm.net\/sitio\/?p=90010"},"modified":"2025-06-10T14:57:45","modified_gmt":"2025-06-10T19:57:45","slug":"nilson-angulo-podria-salir-del-anderlecht","status":"publish","type":"post","link":"https:\/\/www.evafm.net\/sitio\/nilson-angulo-podria-salir-del-anderlecht\/","title":{"rendered":"Nilson Angulo podr\u00eda salir del Anderlecht"},"content":{"rendered":"<p>El futuro de<strong> Nilson Angulo<\/strong> podr\u00eda estar lejos de B\u00e9lgica.<strong>\u00a0<\/strong><\/p>\n<p>Seg\u00fan informaci\u00f3n del periodista<strong> C\u00e9sar Luis Merlo para StudioF\u00fatbol,<\/strong> el delantero ecuatoriano ha despertado el inter\u00e9s de varios clubes en el mercado europeo,<strong> y el Celtic de Glasgow<\/strong> fue el primero en<strong> mover ficha con una oferta formal para comprar su pase.<\/strong><\/p>\n<p>&nbsp;<\/p>\n<p>Sin embargo, la propuesta fue considerada insuficiente por el Anderlecht, club due\u00f1o de sus derechos.<\/p>\n<p>A pesar del primer intento rechazado, no se descarta que el conjunto escoc\u00e9s u otro equipo vuelva a la carga por el joven atacante.<\/p>\n<p>Angulo, de 21 a\u00f1os, viene de ser titular con la Selecci\u00f3n Ecuatoriana en el reciente empate ante Brasil, y su buen momento no ha pasado desapercibido.<\/p>\n<p>Actualmente se encuentra concentrado con la Tricolor de cara al pr\u00f3ximo partido ante Per\u00fa por las Eliminatorias.<\/p>\n<p>Desde su llegada a Europa en 2022, el exjugador de Liga de Quito ha sumado experiencia en la Jupiler Pro League, y ahora podr\u00eda dar un nuevo paso en su carrera si se concreta alguna de las propuestas que hay sobre la mesa.<strong>(D)<\/strong><\/p>\n<p>&nbsp;<\/p>\n<p><strong>Fuente:<\/strong> evafm.net &#8211; studuiofutbol.com.ec<\/p>\n<div class=\"gsp_post_data\" \r\n\t            data-post_type=\"post\" \r\n\t            data-cat=\"deportes-internacionales\" \r\n\t            data-modified=\"120\"\r\n\t            data-created=\"1749567445\"\r\n\t            data-title=\"Nilson Angulo podr\u00eda salir del Anderlecht\" \r\n\t            data-home=\"https:\/\/www.evafm.net\/sitio\"><\/div>","protected":false},"excerpt":{"rendered":"<p>El futuro de Nilson Angulo podr\u00eda estar lejos de B\u00e9lgica.\u00a0 Seg\u00fan informaci\u00f3n del periodista C\u00e9sar Luis Merlo para StudioF\u00fatbol, el delantero ecuatoriano ha despertado el inter\u00e9s de varios clubes en el mercado europeo, y el Celtic de Glasgow fue el primero en mover ficha con una oferta formal para comprar su pase. &nbsp; Sin embargo,&#8230;<\/p>\n","protected":false},"author":5,"featured_media":90011,"comment_status":"closed","ping_status":"open","sticky":false,"template":"","format":"standard","meta":{"_joinchat":[],"footnotes":""},"categories":[1342],"tags":[],"class_list":["post-90010","post","type-post","status-publish","format-standard","has-post-thumbnail","hentry","category-deportes-internacionales","have-post-thumb"],"_links":{"self":[{"href":"https:\/\/www.evafm.net\/sitio\/wp-json\/wp\/v2\/posts\/90010","targetHints":{"allow":["GET"]}}],"collection":[{"href":"https:\/\/www.evafm.net\/sitio\/wp-json\/wp\/v2\/posts"}],"about":[{"href":"https:\/\/www.evafm.net\/sitio\/wp-json\/wp\/v2\/types\/post"}],"author":[{"embeddable":true,"href":"https:\/\/www.evafm.net\/sitio\/wp-json\/wp\/v2\/users\/5"}],"replies":[{"embeddable":true,"href":"https:\/\/www.evafm.net\/sitio\/wp-json\/wp\/v2\/comments?post=90010"}],"version-history":[{"count":1,"href":"https:\/\/www.evafm.net\/sitio\/wp-json\/wp\/v2\/posts\/90010\/revisions"}],"predecessor-version":[{"id":90012,"href":"https:\/\/www.evafm.net\/sitio\/wp-json\/wp\/v2\/posts\/90010\/revisions\/90012"}],"wp:featuredmedia":[{"embeddable":true,"href":"https:\/\/www.evafm.net\/sitio\/wp-json\/wp\/v2\/media\/90011"}],"wp:attachment":[{"href":"https:\/\/www.evafm.net\/sitio\/wp-json\/wp\/v2\/media?parent=90010"}],"wp:term":[{"taxonomy":"category","embeddable":true,"href":"https:\/\/www.evafm.net\/sitio\/wp-json\/wp\/v2\/categories?post=90010"},{"taxonomy":"post_tag","embeddable":true,"href":"https:\/\/www.evafm.net\/sitio\/wp-json\/wp\/v2\/tags?post=90010"}],"curies":[{"name":"wp","href":"https:\/\/api.w.org\/{rel}","templated":true}]}}