{"id":90013,"date":"2025-06-10T15:09:38","date_gmt":"2025-06-10T20:09:38","guid":{"rendered":"https:\/\/www.evafm.net\/sitio\/?p=90013"},"modified":"2025-06-10T15:09:38","modified_gmt":"2025-06-10T20:09:38","slug":"otro-bellingham-llega-al-borussia-dortmund","status":"publish","type":"post","link":"https:\/\/www.evafm.net\/sitio\/otro-bellingham-llega-al-borussia-dortmund\/","title":{"rendered":"Otro Bellingham llega al Borussia Dortmund"},"content":{"rendered":"<p><strong>El Borussia Dortmund<\/strong> vuelve a tener a Bellingham en su plantilla.<\/p>\n<p>En esta ocasi\u00f3n, no obstante, <strong>a Jobe,<\/strong> el hermano peque\u00f1o de<strong> Jude<\/strong> que este martes fue confirmado como nuevo refuerzo del cuadro<strong> &#8216;borusser&#8217;<\/strong> tras varias semanas de negociaciones.<\/p>\n<p>Centrocampista tambi\u00e9n como el futbolista del Real Madrid, tiene <strong>19 a\u00f1os y llega al Signal Iduna Park<\/strong> procedente del <strong>Sunderland<\/strong>, con el que ha logrado el ascenso a <strong>Premier League<\/strong><\/p>\n<p>esta temporada, y a cambio de <strong>33 millones de euros fijos y 5 en variables.<\/strong><\/p>\n<p>&nbsp;<\/p>\n<p>Jobe Bellingham llega al club en el que en su d\u00eda estuvo su hermano Jude antes de fichar por el Real Madrid firmando un contrato de <strong>cinco temporadas, hasta junio de 2030,<\/strong> y con la intenci\u00f3n<\/p>\n<p>de convertirse en una pieza importante en un Borussia Dortmund en plena reconversi\u00f3n tras un curso aciago.<\/p>\n<p>&nbsp;<\/p>\n<p>\u00abEstoy encantado de llegar al Dortmund y de luchar por t\u00edtulos a partir de ahora con este gran club.<\/p>\n<p>Quiero aportar mi granito de arena y trabajar\u00e9 d\u00eda a d\u00eda para lograrlo\u00bb, dijo el propio <strong>Jobe Bellingham<\/strong>, que se estrenar\u00e1 como<strong> &#8216;borusser&#8217;<\/strong> en el inminente <strong>Mundial de Clubs.<\/strong><\/p>\n<p>&nbsp;<\/p>\n<p>Desde los despachos del conjunto de Dortmund tambi\u00e9n est\u00e1n encantados con su incorporaci\u00f3n.<\/p>\n<p>\u00abConocemos a Jobe desde hace muchos a\u00f1os y, por supuesto, hemos seguido su desarrollo muy de cerca.<\/p>\n<p>Dio otro gran paso adelante el a\u00f1o pasado y, a sus 19 a\u00f1os, se ha consolidado como un l\u00edder absoluto\u00bb, indic\u00f3 el director deportivo <strong>Sebastian Keh<\/strong>l.<strong>(D)<\/strong><\/p>\n<p><strong>TEXTO TOMADO DE MUNDO DEPORTIVO<\/strong><\/p>\n<p>&nbsp;<\/p>\n<p><strong>Fuente:<\/strong> evafm.net &#8211; studioutbol.com.ec<\/p>\n<div class=\"gsp_post_data\" \r\n\t            data-post_type=\"post\" \r\n\t            data-cat=\"deportes-internacionales\" \r\n\t            data-modified=\"120\"\r\n\t            data-created=\"1749568178\"\r\n\t            data-title=\"Otro Bellingham llega al Borussia Dortmund\" \r\n\t            data-home=\"https:\/\/www.evafm.net\/sitio\"><\/div>","protected":false},"excerpt":{"rendered":"<p>El Borussia Dortmund vuelve a tener a Bellingham en su plantilla. En esta ocasi\u00f3n, no obstante, a Jobe, el hermano peque\u00f1o de Jude que este martes fue confirmado como nuevo refuerzo del cuadro &#8216;borusser&#8217; tras varias semanas de negociaciones. Centrocampista tambi\u00e9n como el futbolista del Real Madrid, tiene 19 a\u00f1os y llega al Signal Iduna&#8230;<\/p>\n","protected":false},"author":5,"featured_media":90014,"comment_status":"closed","ping_status":"open","sticky":false,"template":"","format":"standard","meta":{"_joinchat":[],"footnotes":""},"categories":[1342],"tags":[],"class_list":["post-90013","post","type-post","status-publish","format-standard","has-post-thumbnail","hentry","category-deportes-internacionales","have-post-thumb"],"_links":{"self":[{"href":"https:\/\/www.evafm.net\/sitio\/wp-json\/wp\/v2\/posts\/90013","targetHints":{"allow":["GET"]}}],"collection":[{"href":"https:\/\/www.evafm.net\/sitio\/wp-json\/wp\/v2\/posts"}],"about":[{"href":"https:\/\/www.evafm.net\/sitio\/wp-json\/wp\/v2\/types\/post"}],"author":[{"embeddable":true,"href":"https:\/\/www.evafm.net\/sitio\/wp-json\/wp\/v2\/users\/5"}],"replies":[{"embeddable":true,"href":"https:\/\/www.evafm.net\/sitio\/wp-json\/wp\/v2\/comments?post=90013"}],"version-history":[{"count":1,"href":"https:\/\/www.evafm.net\/sitio\/wp-json\/wp\/v2\/posts\/90013\/revisions"}],"predecessor-version":[{"id":90015,"href":"https:\/\/www.evafm.net\/sitio\/wp-json\/wp\/v2\/posts\/90013\/revisions\/90015"}],"wp:featuredmedia":[{"embeddable":true,"href":"https:\/\/www.evafm.net\/sitio\/wp-json\/wp\/v2\/media\/90014"}],"wp:attachment":[{"href":"https:\/\/www.evafm.net\/sitio\/wp-json\/wp\/v2\/media?parent=90013"}],"wp:term":[{"taxonomy":"category","embeddable":true,"href":"https:\/\/www.evafm.net\/sitio\/wp-json\/wp\/v2\/categories?post=90013"},{"taxonomy":"post_tag","embeddable":true,"href":"https:\/\/www.evafm.net\/sitio\/wp-json\/wp\/v2\/tags?post=90013"}],"curies":[{"name":"wp","href":"https:\/\/api.w.org\/{rel}","templated":true}]}}