{"id":90028,"date":"2025-06-11T21:25:14","date_gmt":"2025-06-12T02:25:14","guid":{"rendered":"https:\/\/www.evafm.net\/sitio\/?p=90028"},"modified":"2025-06-11T21:25:14","modified_gmt":"2025-06-12T02:25:14","slug":"guayaquil-en-crisis-guerra-entre-bandas-desata-una-ola-de-asesinatos","status":"publish","type":"post","link":"https:\/\/www.evafm.net\/sitio\/guayaquil-en-crisis-guerra-entre-bandas-desata-una-ola-de-asesinatos\/","title":{"rendered":"Guayaquil en crisis guerra entre bandas desata una ola de asesinatos"},"content":{"rendered":"<p>Omar se enter\u00f3 del<b>\u00a0asesinato de su hermano<\/b>\u00a0Luis \u00c1ngel B., de 42 a\u00f1os,\u00a0<b>mediante una llamada<\/b>. El crimen ocurri\u00f3 a las<strong> 08:53 del martes 10 de junio<\/strong> de <strong>2025<\/strong> en <strong>Pascuales, norte de Guayaquil.<\/strong><\/p>\n<p>La v\u00edctima vend\u00eda jugos y empanadas en una esquina, cuando le dispararon.<\/p>\n<p>Seg\u00fan reportes preliminares,\u00a0<b>\u00e9l hab\u00eda sido extorsionado<\/b>\u00a0hace tres meses y\u00a0<b>tuvo que pagar USD 300 a un grupo criminal<\/b>\u00a0para que no atenten contra su vida.<\/p>\n<p>El otro sicariato fue en Mucho Lote, perteneciente al distrito Pascuales.<\/p>\n<p><b>Un conductor de tricimoto muri\u00f3 acribillado<\/b>. Minutos antes de ese crimen, ocurri\u00f3 la\u00a0<a href=\"https:\/\/www.ecuavisa.com\/noticias\/seguridad\/indignacion-masacre-peca-via-daule-pascuales-guayaquil-MM9482358\" target=\"_blank\" rel=\"noopener noreferrer\">masacre en el sector de Peca<\/a>, que dej\u00f3 cinco fallecidos.<\/p>\n<p>&nbsp;<\/p>\n<p>En la matanza,\u00a0<b>los seis sicarios<\/b>\u00a0que tambi\u00e9n iban en tricimotos,\u00a0<b>dispararon 59 veces con pistolas<\/b>\u00a0calibre 9 mil\u00edmetros.<\/p>\n<p>Las v\u00edctimas ten\u00edan entre<strong> 29 y 63 a\u00f1os de edad<\/strong> y estaban en un paradero de estos veh\u00edculos usados en la zona.<\/p>\n<div id=\"sunmedia-div\"><\/div>\n<p>Seg\u00fan fuentes policiales, en Pascuales existe\u00a0<b>una pugna entre dos facciones de Los Tiguerones<\/b>:\u00a0<b>Igualitos<\/b>\u00a0y<b>\u00a0F\u00e9nix<\/b>, que buscan el control de las extorsiones en ese punto de Guayaquil.<\/p>\n<p>&nbsp;<\/p>\n<p><b>Uno de los cabecillas es alias \u00d1oco<\/b>, a quien sus rivales intentaron matarlo en una\u00a0<a href=\"https:\/\/www.ecuavisa.com\/noticias\/seguridad\/camara-asesinato-bastion-popular-ataque-guayaquil-HE9420922\" target=\"_blank\" rel=\"noopener noreferrer\">salsoteca de <strong>Basti\u00f3n Popular<\/strong><\/a><strong>\u00a0el 30 de mayo. <\/strong><\/p>\n<p>Escap\u00f3, pero una mujer muri\u00f3 y ocho personas quedaron heridas.<\/p>\n<p>&nbsp;<\/p>\n<p>Luego de ese ataque -seg\u00fan una fuente policial-\u00a0<b>alias \u00d1oco empez\u00f3 a blindarse y adquiri\u00f3 fusiles<\/b>.<\/p>\n<p>Pero el armamento, valorado en el mercado il\u00edcito en <strong>USD 15 000<\/strong> cada arma, fue incautado el domingo 8 de junio durante un operativo.<\/p>\n<p>&nbsp;<\/p>\n<p>Al d\u00eda siguiente -el lunes 9- una pareja fue asesinada al pie de un plantel educativo en Mucho Lote.<\/p>\n<p>Y en represalia por el doble crimen, se desataron los ataques.<\/p>\n<p>Una fuente policial dijo a Ecuavisa.com que la pareja acribillada cuando fue a dejar a sus hijos a la escuela, presuntamente eran extorsionadores.<\/p>\n<p>El agente se\u00f1al\u00f3 que la facci\u00f3n de Los Tiguerones &#8211; que opera en Flor de Basti\u00f3n- intenta apoderarse de Pascuales para las extorsiones.<\/p>\n<p>Tambi\u00e9n\u00a0<b>operan Lagartos y \u00c1guilas<\/b>\u00a0en esa zona.<\/p>\n<p>&nbsp;<\/p>\n<p><strong>El distrito Pascuales<\/strong> es el tercero m\u00e1s violento de la<strong> zona 8<\/strong> que comprende <strong>Guayaquil, Dur\u00e1n y Samborond\u00f3n. <\/strong><\/p>\n<p>De enero al 3 de junio de 2025, reportaba 189 asesinatos.<\/p>\n<p>Mientras que en el mismo periodo de 2024 se contabilizaban 100 casos<\/p>\n<p><strong>\u00bfQui\u00e9n es alias \u00d1oco?<\/strong><\/p>\n<p>Alias \u00d1oco es considerado uno de los cabecillas en Pascuales<strong>. Alonso Francisco F.Z.,<\/strong> tiene<strong> 29 a\u00f1os<\/strong> y est\u00e1 a punto de cumplir los <strong>30 en julio de este a\u00f1o.<\/strong><\/p>\n<p>Antes del ataque en la salsoteca de Basti\u00f3n Popular, fue retenido durante un operativo de control.<\/p>\n<p>Manejaba una moto en estado et\u00edlico, pero no fue detenido porque no hab\u00eda una boleta de captura en su contra ni ten\u00eda armas.<\/p>\n<p>&nbsp;<\/p>\n<p>Durante el registro, los uniformados detectaron que portaba cadenas de oro.<\/p>\n<p>En uno de los bolsillos del pantal\u00f3n, incluso ten\u00eda una placa de oro puro.<\/p>\n<p>&nbsp;<\/p>\n<p><strong>20 detenidos por extorsi\u00f3n en Guayaquil salieron de prisi\u00f3n:<\/strong><\/p>\n<p>La pugna entre bandas no solo en Pascuales sino en otras zonas como Nueva Prosperina, Flor de Basti\u00f3n, centro, Samanes, etc., son adem\u00e1s de la venta de droga, por las extorsiones.<\/p>\n<p>&nbsp;<\/p>\n<p>Este delito se ha convertido en una fuente de financiamiento de los\u00a0<b>grupos criminales que est\u00e1 en una fase de fraccionamiento y atomizaci\u00f3n<\/b>, seg\u00fan el experto en seguridad Renato Rivera.<\/p>\n<p>Sin embargo, pese a las denuncias, y viralizaci\u00f3n en redes sociales de ataques con\u00a0<a href=\"https:\/\/www.ecuavisa.com\/noticias\/seguridad\/guayaquil-la-bahia-locales-destruidos-explosivos-CD9445985\" target=\"_blank\" rel=\"noopener noreferrer\">explosivos en locales comerciales<\/a> y viviendas, y a operativos y controles ejecutados por la fuerza p\u00fablica<\/p>\n<p>las extorsiones siguen.<\/p>\n<p>&nbsp;<\/p>\n<p>Rivera explic\u00f3 que se suele ver o analizar las denuncias de forma individual y no como un conjunto, por lo que se atrapa a uno o varios eslabones, pero no a toda la estructura.<\/p>\n<p>&nbsp;<\/p>\n<p>Seg\u00fan datos del Ministerio del Interior, 960 personas han sido detenidas a escala nacional por extorsi\u00f3n o secuestro.<\/p>\n<p>Pero algunas quedan libres -como los dos implicados en el rapto de una comerciante china en Guayaquil.<\/p>\n<p>&nbsp;<\/p>\n<p>Ecuavisa.com revis\u00f3 el sistema de la Funci\u00f3n Judicial y en dos meses, contabiliz\u00f3 al menos 20 personas implicadas en extorsiones que quedaron libres.<\/p>\n<p>De acuerdo a los reportes, el juez les dict\u00f3 medidas cautelares no privativas como la prohibici\u00f3n de salida del pa\u00eds y presentaciones peri\u00f3dicas ante el fiscal del caso, adem\u00e1s de arrestos domiciliarios.<\/p>\n<p>&nbsp;<\/p>\n<p>En los reportes, constaba que\u00a0<b>los sospechosos usaban n\u00fameros de Ecuador, Colombia, Per\u00fa y M\u00e9xico<\/b>\u00a0para mandar mensajes de amenazas a las v\u00edctimas.<\/p>\n<p>Algunas advertencias inclu\u00edan fotos de familiares, armas y explosivos para exigir\u00a0<b>pagos iniciales que iban desde USD 2 000 hasta USD 100 000,<\/b>\u00a0adem\u00e1s de\u00a0<b>cuotas semanales o mensuales<\/b><\/p>\n<p>de entre<strong> USD 100 a USD 500.<\/strong><\/p>\n<p><strong>Cruce de reproches entre autoridades por la ola criminal en Guayaquil:<\/strong><\/p>\n<p>Las liberaciones o medidas alternativas dictaminadas por las autoridades judiciales, ha causado malestar no solo entre la Polic\u00eda, tambi\u00e9n autoridades como el Ministerio del Interior.<\/p>\n<p>Luego de conocerse que dos de los hombres que participaron en el secuestro de la comerciante china,\u00a0<b>cuyo cuerpo fue hallado en una cisterna con tres cad\u00e1veres m\u00e1s<\/b><\/p>\n<p>desat\u00f3 acusaciones mutuas.<\/p>\n<p>El <b>Consejo de la Judicatura se justific\u00f3<\/b>\u00a0que el juez encargado no dict\u00f3 prisi\u00f3n por pedido de la Fiscal\u00eda.<\/p>\n<p>&nbsp;<\/p>\n<p>La entidad respondi\u00f3 que s\u00ed lo hizo y fue decisi\u00f3n del juez no acoger el pedido de prisi\u00f3n preventiva.<\/p>\n<p>De su lado, el <strong>ministro John Reimberg,<\/strong> durante un operativo ejecutado el 7 de junio, se\u00f1al\u00f3 que no descartar\u00eda acciones contra fiscales o jueces.<\/p>\n<p>&nbsp;<\/p>\n<p>Acus\u00f3 que hay sospechosos a los que la Polic\u00eda ha capturado hasta m\u00e1s de 10 veces y contin\u00faan en libertad.<\/p>\n<p>Por eso, fue enf\u00e1tico en llamar a jueces y fiscales para <strong>\u00absumarse al lado correcto de la historia\u00bb,<\/strong> y no<strong> \u00abseguir favoreciendo a delincuentes\u00bb.<\/strong><\/p>\n<p>&nbsp;<\/p>\n<p>&nbsp;<\/p>\n<div class=\"css-1dbjc4n r-18u37iz r-kzbkwu\">\n<div class=\"css-1dbjc4n r-1ny4l3l\">\n<div class=\"css-1dbjc4n r-1adg3ll r-bztko3\" data-testid=\"UserAvatar-Container-MinInteriorEc\">\n<div class=\"r-1p0dtai r-1pi2tsx r-1d2f490 r-u8s1d r-ipm5af r-13qz1uu\">\n<div class=\"css-1dbjc4n r-1adg3ll r-1pi2tsx r-1wyvozj r-bztko3 r-u8s1d r-1v2oles r-desppf r-13qz1uu\">\n<div class=\"r-1p0dtai r-1pi2tsx r-1d2f490 r-u8s1d r-ipm5af r-13qz1uu\">\n<div class=\"css-1dbjc4n r-sdzlij r-ggadg3 r-1udh08x r-u8s1d r-8jfcpp\">\n<div class=\"css-1dbjc4n r-sdzlij r-1wyvozj r-1udh08x r-633pao r-u8s1d r-1v2oles r-desppf\">\n<div class=\"css-1dbjc4n r-14lw9ot r-1pi2tsx r-13qz1uu\"><\/div>\n<\/div>\n<div class=\"css-1dbjc4n r-14lw9ot r-sdzlij r-1wyvozj r-1udh08x r-633pao r-u8s1d r-1v2oles r-desppf\">\n<div class=\"css-1dbjc4n r-1adg3ll r-1udh08x\">\n<div class=\"r-1adg3ll r-13qz1uu\"><\/div>\n<div class=\"r-1p0dtai r-1pi2tsx r-1d2f490 r-u8s1d r-ipm5af r-13qz1uu\">\n<div class=\"css-1dbjc4n r-1p0dtai r-1mlwlqe r-1d2f490 r-1udh08x r-u8s1d r-zchlnj r-ipm5af r-417010\" aria-label=\"\">\n<div class=\"css-1dbjc4n r-1niwhzg r-vvn4in r-u6sd8q r-4gszlv r-1p0dtai r-1pi2tsx r-1d2f490 r-u8s1d r-zchlnj r-ipm5af r-13qz1uu r-1wyyakw\"><\/div>\n<p><img decoding=\"async\" class=\"css-9pa8cd\" src=\"https:\/\/pbs.twimg.com\/profile_images\/1926110901347741697\/6FNEF2Ar_normal.jpg\" alt=\"\" \/><\/p>\n<\/div>\n<\/div>\n<\/div>\n<\/div>\n<div class=\"css-1dbjc4n r-sdzlij r-1wyvozj r-1udh08x r-u8s1d r-1v2oles r-desppf\">\n<div class=\"css-1dbjc4n r-12181gd r-1pi2tsx r-1ny4l3l r-o7ynqc r-6416eg r-13qz1uu\"><\/div>\n<\/div>\n<\/div>\n<\/div>\n<\/div>\n<\/div>\n<\/div>\n<\/div>\n<div class=\"css-1dbjc4n r-eqz5dr r-1777fci r-4amgru r-1kh6xel\">\n<div class=\"css-1dbjc4n r-1ny4l3l\">\n<div class=\"css-1dbjc4n r-1wbh5a2 r-dnmrzs r-1ny4l3l\">\n<div class=\"css-1dbjc4n r-1wbh5a2 r-dnmrzs r-1ny4l3l\">\n<div class=\"css-1dbjc4n r-1awozwy r-18u37iz r-dnmrzs\">\n<div class=\"css-901oao r-1awozwy r-18jsvk2 r-6koalj r-1qd0xha r-a023e6 r-b88u0q r-rjixqe r-bcqeeo r-1udh08x r-3s2u2q r-qvutc0\" dir=\"auto\"><strong><span class=\"css-901oao css-16my406 css-1hf3ou5 r-poiln3 r-bcqeeo r-qvutc0\"><span class=\"css-901oao css-16my406 r-poiln3 r-bcqeeo r-qvutc0\">Ministerio del Interior Ecuador\u00a0<\/span><\/span><\/strong><\/div>\n<div class=\"css-901oao r-18jsvk2 r-xoduu5 r-18u37iz r-1q142lx r-1qd0xha r-a023e6 r-16dba41 r-rjixqe r-bcqeeo r-qvutc0\" dir=\"auto\"><\/div>\n<\/div>\n<div class=\"css-1dbjc4n r-1awozwy r-18u37iz r-1wbh5a2\">\n<div class=\"css-1dbjc4n\">\n<div class=\"css-901oao css-1hf3ou5 r-14j79pv r-18u37iz r-1qd0xha r-1wvb978 r-a023e6 r-16dba41 r-rjixqe r-bcqeeo r-qvutc0\" dir=\"ltr\"><strong><span class=\"css-901oao css-16my406 r-poiln3 r-bcqeeo r-qvutc0\">@MinInteriorEc<\/span><\/strong><\/div>\n<\/div>\n<div class=\"css-1dbjc4n r-18u37iz r-1q142lx\">\n<div class=\"css-901oao r-14j79pv r-1q142lx r-1qd0xha r-a023e6 r-16dba41 r-rjixqe r-bcqeeo r-s1qlax r-qvutc0\" dir=\"auto\" aria-hidden=\"true\"><\/div>\n<\/div>\n<\/div>\n<\/div>\n<\/div>\n<\/div>\n<\/div>\n<\/div>\n<div class=\"css-1dbjc4n\">\n<div class=\"css-901oao r-18jsvk2 r-1dqbpge r-1qd0xha r-adyw6z r-16dba41 r-135wba7 r-bcqeeo r-bnwqim r-qvutc0\" dir=\"auto\" lang=\"es\" data-testid=\"tweetText\"><span class=\"css-901oao css-16my406 r-poiln3 r-bcqeeo r-qvutc0\">\ud835\udddd\ud835\uddfc\ud835\uddf5\ud835\uddfb \ud835\udde5\ud835\uddf2\ud835\uddf6\ud835\uddfa\ud835\uddef\ud835\uddf2\ud835\uddff\ud835\uddf4: \u00a1\ud835\uddd5\ud835\uddee\ud835\ude00\ud835\ude01\ud835\uddee \ud835\uddf1\ud835\uddf2 \ud835\uddf6\ud835\uddfa\ud835\uddfd\ud835\ude02\ud835\uddfb\ud835\uddf6\ud835\uddf1\ud835\uddee\ud835\uddf1! Durante su entrevista en Radio Elite el ministro <\/span><span class=\"r-18u37iz\"><a class=\"css-4rbku5 css-18t94o4 css-901oao css-16my406 r-1loqt21 r-poiln3 r-bcqeeo r-qvutc0\" dir=\"ltr\" role=\"link\" href=\"https:\/\/twitter.com\/JohnReimberg?ref_src=twsrc%5Etfw%7Ctwcamp%5Etweetembed%7Ctwterm%5E1932440931812225522%7Ctwgr%5E36b370dd639b250a3c98382fc2390aaece43e9bd%7Ctwcon%5Es1_&amp;ref_url=https%3A%2F%2Fwww.ecuavisa.com%2Fla-noticia-a-fondo%2Fguayaquil-asesinatos-bandas-extorsionadores-masacre-KM9482804\" target=\"_blank\" rel=\"noopener noreferrer nofollow\">@JohnReimberg<\/a><\/span><span class=\"css-901oao css-16my406 r-poiln3 r-bcqeeo r-qvutc0\"> hizo un llamado a jueces y fiscales a quienes<\/span><\/div>\n<div class=\"css-901oao r-18jsvk2 r-1dqbpge r-1qd0xha r-adyw6z r-16dba41 r-135wba7 r-bcqeeo r-bnwqim r-qvutc0\" dir=\"auto\" lang=\"es\" data-testid=\"tweetText\"><span class=\"css-901oao css-16my406 r-poiln3 r-bcqeeo r-qvutc0\"> pidi\u00f3 sumarse al lado correcto de la historia. No pueden seguir favoreciendo a delincuentes mientras las<\/span><a class=\"css-4rbku5 css-18t94o4 css-901oao css-16my406 r-1cvl2hr r-1loqt21 r-poiln3 r-bcqeeo r-qvutc0\" role=\"link\" href=\"https:\/\/mobile.twitter.com\/MinInteriorEc\/status\/1932440931812225522?ref_src=twsrc%5Etfw%7Ctwcamp%5Etweetembed%7Ctwterm%5E1932440931812225522%7Ctwgr%5E36b370dd639b250a3c98382fc2390aaece43e9bd%7Ctwcon%5Es1_&amp;ref_url=https%3A%2F%2Fwww.ecuavisa.com%2Fla-noticia-a-fondo%2Fguayaquil-asesinatos-bandas-extorsionadores-masacre-KM9482804\" target=\"_blank\" rel=\"noopener noreferrer nofollow\" data-testid=\"tweet-text-show-more-link\"><span class=\"css-901oao css-16my406 r-poiln3 r-bcqeeo r-qvutc0\">\u00a0<\/span><span class=\"css-901oao css-16my406 r-poiln3 r-bcqeeo r-qvutc0\">Mostrar m\u00e1s<\/span><\/a><\/div>\n<\/div>\n<p>&nbsp;<\/p>\n<p><img decoding=\"async\" src=\"https:\/\/pbs.twimg.com\/media\/GtFoyRwXYAANJsZ?format=jpg&amp;name=small\" alt=\"Imagen\" \/><\/p>\n<p>&nbsp;<\/p>\n<p>Fuente: evafm.net &#8211; ecuavisa.com<\/p>\n<div class=\"gsp_post_data\" \r\n\t            data-post_type=\"post\" \r\n\t            data-cat=\"general,noticias-ecuador\" \r\n\t            data-modified=\"120\"\r\n\t            data-created=\"1749677114\"\r\n\t            data-title=\"Guayaquil en crisis guerra entre bandas desata una ola de asesinatos\" \r\n\t            data-home=\"https:\/\/www.evafm.net\/sitio\"><\/div>","protected":false},"excerpt":{"rendered":"<p>Omar se enter\u00f3 del\u00a0asesinato de su hermano\u00a0Luis \u00c1ngel B., de 42 a\u00f1os,\u00a0mediante una llamada. El crimen ocurri\u00f3 a las 08:53 del martes 10 de junio de 2025 en Pascuales, norte de Guayaquil. La v\u00edctima vend\u00eda jugos y empanadas en una esquina, cuando le dispararon. Seg\u00fan reportes preliminares,\u00a0\u00e9l hab\u00eda sido extorsionado\u00a0hace tres meses y\u00a0tuvo que pagar&#8230;<\/p>\n","protected":false},"author":5,"featured_media":90043,"comment_status":"closed","ping_status":"open","sticky":false,"template":"","format":"standard","meta":{"_joinchat":[],"footnotes":""},"categories":[1720,1558],"tags":[],"class_list":["post-90028","post","type-post","status-publish","format-standard","has-post-thumbnail","hentry","category-general","category-noticias-ecuador","have-post-thumb"],"_links":{"self":[{"href":"https:\/\/www.evafm.net\/sitio\/wp-json\/wp\/v2\/posts\/90028","targetHints":{"allow":["GET"]}}],"collection":[{"href":"https:\/\/www.evafm.net\/sitio\/wp-json\/wp\/v2\/posts"}],"about":[{"href":"https:\/\/www.evafm.net\/sitio\/wp-json\/wp\/v2\/types\/post"}],"author":[{"embeddable":true,"href":"https:\/\/www.evafm.net\/sitio\/wp-json\/wp\/v2\/users\/5"}],"replies":[{"embeddable":true,"href":"https:\/\/www.evafm.net\/sitio\/wp-json\/wp\/v2\/comments?post=90028"}],"version-history":[{"count":1,"href":"https:\/\/www.evafm.net\/sitio\/wp-json\/wp\/v2\/posts\/90028\/revisions"}],"predecessor-version":[{"id":90044,"href":"https:\/\/www.evafm.net\/sitio\/wp-json\/wp\/v2\/posts\/90028\/revisions\/90044"}],"wp:featuredmedia":[{"embeddable":true,"href":"https:\/\/www.evafm.net\/sitio\/wp-json\/wp\/v2\/media\/90043"}],"wp:attachment":[{"href":"https:\/\/www.evafm.net\/sitio\/wp-json\/wp\/v2\/media?parent=90028"}],"wp:term":[{"taxonomy":"category","embeddable":true,"href":"https:\/\/www.evafm.net\/sitio\/wp-json\/wp\/v2\/categories?post=90028"},{"taxonomy":"post_tag","embeddable":true,"href":"https:\/\/www.evafm.net\/sitio\/wp-json\/wp\/v2\/tags?post=90028"}],"curies":[{"name":"wp","href":"https:\/\/api.w.org\/{rel}","templated":true}]}}