{"id":90029,"date":"2025-06-11T21:27:22","date_gmt":"2025-06-12T02:27:22","guid":{"rendered":"https:\/\/www.evafm.net\/sitio\/?p=90029"},"modified":"2025-06-11T21:27:22","modified_gmt":"2025-06-12T02:27:22","slug":"moodys-aseguro-ver-una-recuperacion-economica-en-brasil-antes-de-2026","status":"publish","type":"post","link":"https:\/\/www.evafm.net\/sitio\/moodys-aseguro-ver-una-recuperacion-economica-en-brasil-antes-de-2026\/","title":{"rendered":"Moody\u2019s asegur\u00f3 ver una recuperaci\u00f3n econ\u00f3mica en Brasil antes de 2026"},"content":{"rendered":"<p>El gobierno brasile\u00f1o no hizo lo suficiente para mejorar su credibilidad ante los inversores, lo que empuj\u00f3 al banco central a subir las tasas de inter\u00e9s m\u00e1s de lo esperado y\u00a0<b>hace \u201cdif\u00edcil\u201d que se vean mejoras antes de las elecciones de 2026<\/b>, seg\u00fan Samar Maziad, de <strong>Moody\u2019s Ratings.<\/strong><\/p>\n<p>&nbsp;<\/p>\n<p>El mes pasado, Moody\u2019s rebaj\u00f3 la perspectiva crediticia de Brasil a estable, citando las expectativas de mayores d\u00e9ficits fiscales, un progreso m\u00e1s lento en las reformas estructurales y la presi\u00f3n presupuestaria derivada de las altas tasas de inter\u00e9s.<\/p>\n<p>Se trata de un cambio radical con respecto a la valoraci\u00f3n positiva que Moody\u2019s hab\u00eda otorgado al pa\u00eds sudamericano hace solo unos meses,\u00a0<b>cuando elev\u00f3 la calificaci\u00f3n de Brasil al umbral de la categor\u00eda de inversi\u00f3n con perspectiva positiva.<\/b><\/p>\n<p>&nbsp;<\/p>\n<p>Si bien se esperaban aumentos en las tasas de Brasil, estos fueron m\u00e1s r\u00e1pidos y pronunciados de lo previsto y reflejaron preocupaciones sobre la credibilidad fiscal del pa\u00eds, seg\u00fan Maziad, analista de Moody\u2019s para<strong> Am\u00e9rica Latina y el Caribe.\u00a0<\/strong><\/p>\n<p><b>El banco central ha elevado los costos de los pr\u00e9stamos en 4,25 puntos porcentuales desde septiembre, hasta alcanzar el 14,75%, el nivel m\u00e1s alto en casi dos d\u00e9cadas.<\/b><\/p>\n<p>&nbsp;<\/p>\n<p>\u201cEs una din\u00e1mica menos positiva de lo que quiz\u00e1s intentamos reflejar en la perspectiva positiva\u201d, dijo Maziad en una entrevista en San Paulo.<\/p>\n<p><strong>\u201cLos esfuerzos realizados no fueron suficientes para fortalecer la credibilidad, reducir los costos de los pr\u00e9stamos o encauzar la trayectoria de la deuda por un camino diferente\u201d.<\/strong><\/p>\n<p>&nbsp;<\/p>\n<p>Los comentarios se producen antes de otra decisi\u00f3n sobre las tasas la pr\u00f3xima semana, con los mercados divididos sobre si el banco central endurecer\u00e1 las condiciones o las mantendr\u00e1 sin cambios.<\/p>\n<p>La junta del <strong>BCB<\/strong> ha hecho hincapi\u00e9 en la necesidad de mantener las tasas en un nivel restrictivo en medio de expectativas de inflaci\u00f3n sin anclar.<\/p>\n<p>&nbsp;<\/p>\n<p class=\"paragraph\" data-mrf-recirculation=\"Links inline\">Tambi\u00e9n es un momento delicado para el presidente Luiz In\u00e1cio Lula da Silva. El l\u00edder de izquierda, cuya popularidad se encuentra cerca de los niveles m\u00e1s bajos de su mandato, se ha resistido<\/p>\n<p class=\"paragraph\" data-mrf-recirculation=\"Links inline\">a los planes para abordar los problemas presupuestarios estructurales de Brasil, relacionados en gran medida con\u00a0<b>la elevada proporci\u00f3n del gasto obligatorio que aumenta cada a\u00f1o.<\/b><\/p>\n<p class=\"paragraph\" data-mrf-recirculation=\"Links inline\">Los esfuerzos del ministro de Hacienda, Fernando Haddad, para recortar el gasto han enfrentado resistencia tanto dentro del gobierno como en el Congreso.<\/p>\n<p class=\"paragraph\" data-mrf-recirculation=\"Links inline\">Es probable que la oposici\u00f3n se intensifique de cara a las elecciones del a\u00f1o que viene, en las que Lula planea presentarse a un cuarto mandato.<\/p>\n<p class=\"paragraph\" data-mrf-recirculation=\"Links inline\">La falta de flexibilidad se traduce en una carga de deuda mucho mayor en el futuro, afirm\u00f3 Maziad. Brasil necesita un plan cre\u00edble, ampliamente respaldado y con altas probabilidades de implementaci\u00f3n<\/p>\n<p class=\"paragraph\" data-mrf-recirculation=\"Links inline\">para obtener una calificaci\u00f3n positiva, dijo, y agreg\u00f3 que el marco fiscal actual se centra en los ingresos y que el gobierno debe buscar medidas adicionales para abordar el gasto.<\/p>\n<p class=\"paragraph\" data-mrf-recirculation=\"Links inline\">\u201cNuestra perspectiva es de 12 a 18 meses, y todo el mundo ya est\u00e1 hablando de las elecciones\u201d, dijo.\u00a0<b>\u201cEs dif\u00edcil ver alguna mejora significativa en el gasto en ese plazo\u201d.<\/b><\/p>\n<p data-mrf-recirculation=\"Links inline\"><strong>Mot\u00edn del Mercado:<\/strong><\/p>\n<div class=\"headline-wrapper\">\n<h2 class=\"header headline-class-h2\"><span style=\"color: #5a5a5a;font-family: Roboto, sans-serif;font-size: 16px;font-weight: 400\">Los inversores se han mantenido nerviosos ante el creciente d\u00e9ficit del pa\u00eds. En diciembre, las preocupaciones fiscales provocaron una venta masiva que llev\u00f3 la moneda a un m\u00ednimo hist\u00f3rico.<\/span><\/h2>\n<\/div>\n<p class=\"paragraph\" data-mrf-recirculation=\"Links inline\">Otra propuesta en mayo provoc\u00f3 una reacci\u00f3n similar, lo que oblig\u00f3 al Ministerio de Hacienda a descartar parte de su plan para aumentar los ingresos a trav\u00e9s de impuestos pocas horas despu\u00e9s de anunciarlo. El gobierno est\u00e1 en conversaciones con el Congreso para encontrar formas de compensar el d\u00e9ficit.<\/p>\n<p class=\"paragraph\" data-mrf-recirculation=\"Links inline\">El rechazo al aumento del gasto p\u00fablico no es exclusivo de Brasil: Colombia, el Reino Unido e incluso EEUU han experimentado reacciones similares. Seg\u00fan Maziad, los operadores de todo el mundo se han vuelto menos tolerantes con el aumento del d\u00e9ficit cuando no hay una raz\u00f3n clara que justifique el aumento del gasto, o cuando se reconoce la necesidad de una reforma pero no hay movimientos ni esfuerzos serios para abordarla.<\/p>\n<p class=\"paragraph\" data-mrf-recirculation=\"Links inline\"><b>\u201cEn esos casos, la falta de sostenibilidad de las pol\u00edticas provoca una mayor preocupaci\u00f3n entre los inversores, que se hace m\u00e1s patente y visible\u201d<\/b>, afirm\u00f3. \u201cEs una cuesti\u00f3n de credibilidad\u201d. <strong>(I)<\/strong><\/p>\n<p class=\"paragraph\" data-mrf-recirculation=\"Links inline\"><i>(Bloomberg)<\/i><\/p>\n<p>&nbsp;<\/p>\n<p><strong>Fuente:<\/strong> evafm.net &#8211; infobae.com<\/p>\n<div class=\"gsp_post_data\" \r\n\t            data-post_type=\"post\" \r\n\t            data-cat=\"general,noticias-internacionales,uncategorized\" \r\n\t            data-modified=\"120\"\r\n\t            data-created=\"1749677242\"\r\n\t            data-title=\"Moody\u2019s asegur\u00f3 ver una recuperaci\u00f3n econ\u00f3mica en Brasil antes de 2026\" \r\n\t            data-home=\"https:\/\/www.evafm.net\/sitio\"><\/div>","protected":false},"excerpt":{"rendered":"<p>El gobierno brasile\u00f1o no hizo lo suficiente para mejorar su credibilidad ante los inversores, lo que empuj\u00f3 al banco central a subir las tasas de inter\u00e9s m\u00e1s de lo esperado y\u00a0hace \u201cdif\u00edcil\u201d que se vean mejoras antes de las elecciones de 2026, seg\u00fan Samar Maziad, de Moody\u2019s Ratings. &nbsp; El mes pasado, Moody\u2019s rebaj\u00f3 la&#8230;<\/p>\n","protected":false},"author":5,"featured_media":90045,"comment_status":"closed","ping_status":"open","sticky":false,"template":"","format":"standard","meta":{"_joinchat":[],"footnotes":""},"categories":[1720,1345,1],"tags":[],"class_list":["post-90029","post","type-post","status-publish","format-standard","has-post-thumbnail","hentry","category-general","category-noticias-internacionales","category-uncategorized","have-post-thumb"],"_links":{"self":[{"href":"https:\/\/www.evafm.net\/sitio\/wp-json\/wp\/v2\/posts\/90029","targetHints":{"allow":["GET"]}}],"collection":[{"href":"https:\/\/www.evafm.net\/sitio\/wp-json\/wp\/v2\/posts"}],"about":[{"href":"https:\/\/www.evafm.net\/sitio\/wp-json\/wp\/v2\/types\/post"}],"author":[{"embeddable":true,"href":"https:\/\/www.evafm.net\/sitio\/wp-json\/wp\/v2\/users\/5"}],"replies":[{"embeddable":true,"href":"https:\/\/www.evafm.net\/sitio\/wp-json\/wp\/v2\/comments?post=90029"}],"version-history":[{"count":1,"href":"https:\/\/www.evafm.net\/sitio\/wp-json\/wp\/v2\/posts\/90029\/revisions"}],"predecessor-version":[{"id":90046,"href":"https:\/\/www.evafm.net\/sitio\/wp-json\/wp\/v2\/posts\/90029\/revisions\/90046"}],"wp:featuredmedia":[{"embeddable":true,"href":"https:\/\/www.evafm.net\/sitio\/wp-json\/wp\/v2\/media\/90045"}],"wp:attachment":[{"href":"https:\/\/www.evafm.net\/sitio\/wp-json\/wp\/v2\/media?parent=90029"}],"wp:term":[{"taxonomy":"category","embeddable":true,"href":"https:\/\/www.evafm.net\/sitio\/wp-json\/wp\/v2\/categories?post=90029"},{"taxonomy":"post_tag","embeddable":true,"href":"https:\/\/www.evafm.net\/sitio\/wp-json\/wp\/v2\/tags?post=90029"}],"curies":[{"name":"wp","href":"https:\/\/api.w.org\/{rel}","templated":true}]}}