{"id":90031,"date":"2025-06-11T21:29:10","date_gmt":"2025-06-12T02:29:10","guid":{"rendered":"https:\/\/www.evafm.net\/sitio\/?p=90031"},"modified":"2025-06-11T21:29:37","modified_gmt":"2025-06-12T02:29:37","slug":"barcelona-sc-tiene-varias-dudas-en-el-plantel-para-recibir-al-manta-fc","status":"publish","type":"post","link":"https:\/\/www.evafm.net\/sitio\/barcelona-sc-tiene-varias-dudas-en-el-plantel-para-recibir-al-manta-fc\/","title":{"rendered":"Barcelona SC tiene varias dudas en el plantel para recibir al Manta FC"},"content":{"rendered":"<p><strong><a href=\"https:\/\/www.ecuavisa.com\/metadatos\/-\/meta\/barcelona-sc\" target=\"_blank\" rel=\"noopener noreferrer\">Barcelona SC<\/a>\u00a0<\/strong>regresa a la LigaPro\u00a0 para enfrentar al <strong>Manta FC<\/strong> por la<strong> fecha 16<\/strong> del torneo nacional. Sin embargo, <b><a href=\"https:\/\/www.ecuavisa.com\/metadatos\/-\/meta\/segundo-alejandro-castillo\" target=\"_blank\" rel=\"noopener noreferrer\">Segundo Alejandro Castillo<\/a>\u00a0no puede contar con el plantel completo<\/b>.<\/p>\n<p>Los<b>\u00a0toreros reportaron una actualizaci\u00f3n m\u00e9dica<\/b>, despu\u00e9s de que el plantel realiz\u00f3 un entrenamiento del primer equipo y sorprendieron con una noticia.<\/p>\n<p>Pues, Barcelona SC report\u00f3 que<b>\u00a0Octavio Rivero sufri\u00f3 una molestia en los entrenamientos\u00a0<\/b>y est\u00e1 realizando trabajos diferenciados para su recuperaci\u00f3n, por lo que es duda para la siguiente fecha<\/p>\n<p>Adem\u00e1s del atacante,\u00a0<b>Jos\u00e9 Contreras, \u00c1lex Rangel y Joao Rojas fueron sometidos a sesiones<\/b>\u00a0de terapia para su recuperaci\u00f3n.<\/p>\n<p>&nbsp;<\/p>\n<p>Los<b>\u00a0tres futbolistas se han perdido varias fechas de la competici\u00f3n<\/b>; incluso,\u00a0<a href=\"https:\/\/www.ecuavisa.com\/deportes\/futbol-nacional\/joao-rojas-viajo-uruguay-volvio-operado-atrasa-regreso-YM9439537\" target=\"_blank\" rel=\"noopener noreferrer\">Rojas a\u00fan no juega ning\u00fan partido en el 2025<\/a>, pero su regreso a las canchas se espera para mediados de junio.<\/p>\n<div id=\"\" class=\"portlet-boundary portlet-static-end content-viewer-portlet c_002_001 u-ampliada-contenido last full-access norestricted\">\n<div class=\"DETAIL_TXT AMPLIADA_SECOND\">\n<div class=\"text \">\n<div class=\"paragraph\">\n<p>La baja de Rivero es cr\u00edtica para Barcelona, ya que a\u00fan\u00a0<a href=\"https:\/\/www.ecuavisa.com\/deportes\/futbol-nacional\/barcelona-sc-no-inscribir-fichaje-miguel-parrales-YN9483818\" target=\"_blank\" rel=\"noopener noreferrer\">no pueden\u00a0<b>inscribir a Miguel Parrales<\/b><\/a><b>\u00a0por una sanci\u00f3n de la FIFA<\/b>, pero ya entren\u00f3 con el equipo.<\/p>\n<p>En la fecha 16 de la LigaPro Barcelona SC enfrenta <b>ante Manta FC este s\u00e1bado 14 de junio, a las 16:30 en el restadio (hora de Ecuador)<\/b>. <strong>(D)<\/strong><\/p>\n<\/div>\n<\/div>\n<\/div>\n<\/div>\n<p>&nbsp;<\/p>\n<p><strong>Fuente:<\/strong> evafm.net &#8211; ecuavisa.com<\/p>\n<div id=\"\" class=\"portlet-boundary portlet-static-end htmlcontainer-portlet\">\n<div><\/div>\n<\/div>\n<div id=\"\" class=\"portlet-boundary portlet-static-end adcontainer-portlet text-center mb-4 fondo_publicidad pub-if-text\">\n<div><\/div>\n<\/div>\n<div id=\"\" class=\"portlet-boundary portlet-static-end htmlcontainer-portlet\">\n<div>\n<div class=\"div-vimofy\"><\/div>\n<\/div>\n<\/div>\n<div id=\"\" class=\"portlet-boundary portlet-static-end content-viewer-portlet c_002_001 last full-access norestricted\">\n<div class=\"tags_temas\"><\/div>\n<\/div>\n<p>&nbsp;<\/p>\n<div class=\"gsp_post_data\" \r\n\t            data-post_type=\"post\" \r\n\t            data-cat=\"deportes-ecuador,general,uncategorized\" \r\n\t            data-modified=\"120\"\r\n\t            data-created=\"1749677350\"\r\n\t            data-title=\"Barcelona SC tiene varias dudas en el plantel para recibir al Manta FC\" \r\n\t            data-home=\"https:\/\/www.evafm.net\/sitio\"><\/div>","protected":false},"excerpt":{"rendered":"<p>Barcelona SC\u00a0regresa a la LigaPro\u00a0 para enfrentar al Manta FC por la fecha 16 del torneo nacional. Sin embargo, Segundo Alejandro Castillo\u00a0no puede contar con el plantel completo. Los\u00a0toreros reportaron una actualizaci\u00f3n m\u00e9dica, despu\u00e9s de que el plantel realiz\u00f3 un entrenamiento del primer equipo y sorprendieron con una noticia. Pues, Barcelona SC report\u00f3 que\u00a0Octavio Rivero&#8230;<\/p>\n","protected":false},"author":5,"featured_media":90047,"comment_status":"closed","ping_status":"open","sticky":false,"template":"","format":"standard","meta":{"_joinchat":[],"footnotes":""},"categories":[1557,1720,1],"tags":[],"class_list":["post-90031","post","type-post","status-publish","format-standard","has-post-thumbnail","hentry","category-deportes-ecuador","category-general","category-uncategorized","have-post-thumb"],"_links":{"self":[{"href":"https:\/\/www.evafm.net\/sitio\/wp-json\/wp\/v2\/posts\/90031","targetHints":{"allow":["GET"]}}],"collection":[{"href":"https:\/\/www.evafm.net\/sitio\/wp-json\/wp\/v2\/posts"}],"about":[{"href":"https:\/\/www.evafm.net\/sitio\/wp-json\/wp\/v2\/types\/post"}],"author":[{"embeddable":true,"href":"https:\/\/www.evafm.net\/sitio\/wp-json\/wp\/v2\/users\/5"}],"replies":[{"embeddable":true,"href":"https:\/\/www.evafm.net\/sitio\/wp-json\/wp\/v2\/comments?post=90031"}],"version-history":[{"count":1,"href":"https:\/\/www.evafm.net\/sitio\/wp-json\/wp\/v2\/posts\/90031\/revisions"}],"predecessor-version":[{"id":90048,"href":"https:\/\/www.evafm.net\/sitio\/wp-json\/wp\/v2\/posts\/90031\/revisions\/90048"}],"wp:featuredmedia":[{"embeddable":true,"href":"https:\/\/www.evafm.net\/sitio\/wp-json\/wp\/v2\/media\/90047"}],"wp:attachment":[{"href":"https:\/\/www.evafm.net\/sitio\/wp-json\/wp\/v2\/media?parent=90031"}],"wp:term":[{"taxonomy":"category","embeddable":true,"href":"https:\/\/www.evafm.net\/sitio\/wp-json\/wp\/v2\/categories?post=90031"},{"taxonomy":"post_tag","embeddable":true,"href":"https:\/\/www.evafm.net\/sitio\/wp-json\/wp\/v2\/tags?post=90031"}],"curies":[{"name":"wp","href":"https:\/\/api.w.org\/{rel}","templated":true}]}}