{"id":90032,"date":"2025-06-11T21:31:08","date_gmt":"2025-06-12T02:31:08","guid":{"rendered":"https:\/\/www.evafm.net\/sitio\/?p=90032"},"modified":"2025-06-11T21:31:08","modified_gmt":"2025-06-12T02:31:08","slug":"ecuador-empato-con-peru-0-0-eliminatorias-sudamericanas-copa-mundial-fifa-2026","status":"publish","type":"post","link":"https:\/\/www.evafm.net\/sitio\/ecuador-empato-con-peru-0-0-eliminatorias-sudamericanas-copa-mundial-fifa-2026\/","title":{"rendered":"Ecuador empato con Per\u00fa 0 &#8211; 0 &#8211; Eliminatorias Sudamericanas Copa Mundial FIFA 2026"},"content":{"rendered":"<p>Este martes 10 de junio, la\u00a0<b><a href=\"https:\/\/www.ecuavisa.com\/metadatos\/-\/meta\/seleccion-de-ecuador\" target=\"_blank\" rel=\"noopener noreferrer\">selecci\u00f3n de Ecuador<\/a>\u00a0consigui\u00f3 la quinta clasificaci\u00f3n a un\u00a0<a href=\"https:\/\/www.ecuavisa.com\/metadatos\/-\/meta\/mundial-2026\" target=\"_blank\" rel=\"noopener noreferrer\">Mundial<\/a><\/b>\u00a0y los futbolistas celebraron el logro de manera euf\u00f3rica, despu\u00e9s de empatar<strong> 0-0 ante Per\u00fa.<\/strong><\/p>\n<p>En la fecha 16 de las Eliminatorias Sudamericanas,<b>\u00a0a\u00a0<a href=\"https:\/\/www.ecuavisa.com\/deportes\/futbol-internacional\/peru-ecuador-en-vivo-clasificacion-mundial-2026-YI9486199\" target=\"_blank\" rel=\"noopener noreferrer\">La Tri le bast\u00f3 igualar con la Bicolor<\/a><\/b>\u00a0para asegurar su boleto a la Copa del Mundo 2026 y el pitazo final fue un desahogo para el plantel.<\/p>\n<p>Despu\u00e9s de que el juez central acab\u00f3 el encuentro, los<b>\u00a0futbolistas empezaron a celebrar de manera emotiva\u00a0<\/b>su clasificaci\u00f3n a la Copa del Mundo.<\/p>\n<div class=\"paragraph\">\n<p>Sebasti\u00e1n<b>\u00a0Beccacece corri\u00f3 a celebrar y saltar con los jugadores<\/b>\u00a0por el logro conseguido de disputar el quinto Mundial, adem\u00e1s de gritar euf\u00f3ricamente.<\/p>\n<div id=\"Center1\" class=\"my-4\" align=\"center\" data-ads=\"Center1\" data-ad=\"top-generico\"><\/div>\n<\/div>\n<div><\/div>\n<div id=\"twitter-0-0\" class=\"html __select e_0\">Posteriormente, con c<b>amisetas celebrando la clasificaci\u00f3n a la cita mundialista<\/b>, los jugadores armaron un c\u00edrculo y se arrodillaron para agradecer a Dios el logro conseguido.<\/div>\n<div><\/div>\n<div>\n<p>Tambi\u00e9n, los futbolistas<b>\u00a0festejaron con el grupo de fan\u00e1ticos que viaj\u00f3 hasta Chile<\/b>\u00a0para apoyarlos con los gritos de <strong>\u201cs\u00ed se pudo\u201d.<\/strong><\/p>\n<p>Incluso, Sebasti\u00e1n Beccacece se tom\u00f3 una fotos con <strong>Enner Valencia, Piero Hincapi\u00e9 y Kendry P\u00e1ez.<\/strong><\/p>\n<\/div>\n<p>&nbsp;<\/p>\n<p>Este encuentro se realizo en el estadio <strong>Nacional del Per\u00fa <\/strong>en la ciudad de<strong> Lima\u00a0 valido por la Fecha 16 <\/strong>por <strong>Eliminatorias Sudamericanas Copa Mundial FIFA 2026.<\/strong><\/p>\n<p>en la <strong>Fecha 17 Ecuador <\/strong>visitara a <strong>Paraguay en el mes de septiembre. (D)<\/strong><\/p>\n<p>&nbsp;<\/p>\n<p><iframe title=\"RESUMEN COMPLETO: PER\u00da 0-0 ECUADOR l ELIMINATORIAS - FECHA 16\" width=\"1200\" height=\"675\" src=\"https:\/\/www.youtube.com\/embed\/dFcRnJLBllU?feature=oembed\" frameborder=\"0\" allow=\"accelerometer; autoplay; clipboard-write; encrypted-media; gyroscope; picture-in-picture; web-share\" referrerpolicy=\"strict-origin-when-cross-origin\" allowfullscreen><\/iframe><\/p>\n<p>&nbsp;<\/p>\n<blockquote class=\"twitter-tweet\" data-width=\"550\" data-dnt=\"true\">\n<p lang=\"es\" dir=\"ltr\">\ud83e\udd29\ud83c\uddea\ud83c\udde8 \u00a1ESTAMOS EN EL NUESTRO 5TO MUNDIAL! \ud83c\udf0e\ud83c\udfc6<\/p>\n<p>\ud83d\udccc <a href=\"https:\/\/twitter.com\/hashtag\/LaTri?src=hash&amp;ref_src=twsrc%5Etfw\">#LaTri<\/a> empat\u00f3 sin goles en el Estadio Nacional de Lima y se clasific\u00f3 para el <a href=\"https:\/\/twitter.com\/hashtag\/Mundial2026?src=hash&amp;ref_src=twsrc%5Etfw\">#Mundial2026<\/a><a href=\"https:\/\/twitter.com\/hashtag\/Peru?src=hash&amp;ref_src=twsrc%5Etfw\">#Peru<\/a> 0\u20e3-0\u20e3 <a href=\"https:\/\/twitter.com\/hashtag\/Ecuador?src=hash&amp;ref_src=twsrc%5Etfw\">#Ecuador<\/a> <a href=\"https:\/\/twitter.com\/hashtag\/LaTrixECDF?src=hash&amp;ref_src=twsrc%5Etfw\">#LaTrixECDF<\/a> \ud83d\udcf2 <a href=\"https:\/\/t.co\/lZ4OdWTBNp\">https:\/\/t.co\/lZ4OdWTBNp<\/a> <a href=\"https:\/\/t.co\/H6BMK5MiTY\">pic.twitter.com\/H6BMK5MiTY<\/a><\/p>\n<p>&mdash; \u00aeEl Canal del F\u00fatbol \ud83c\uddea\ud83c\udde8\u26bd (@ElCanalDFutbol) <a href=\"https:\/\/twitter.com\/ElCanalDFutbol\/status\/1932644311016915403?ref_src=twsrc%5Etfw\">June 11, 2025<\/a><\/p><\/blockquote>\n<p><script async src=\"https:\/\/platform.twitter.com\/widgets.js\" charset=\"utf-8\"><\/script><\/p>\n<p>&nbsp;<\/p>\n<p>Fuente: evafm.net &#8211; youtube.com &#8211; ecuavisa.com<\/p>\n<div class=\"gsp_post_data\" \r\n\t            data-post_type=\"post\" \r\n\t            data-cat=\"deportes-internacionales,general,uncategorized\" \r\n\t            data-modified=\"120\"\r\n\t            data-created=\"1749677468\"\r\n\t            data-title=\"Ecuador empato con Per\u00fa 0 &#8211; 0 &#8211; Eliminatorias Sudamericanas Copa Mundial FIFA 2026\" \r\n\t            data-home=\"https:\/\/www.evafm.net\/sitio\"><\/div>","protected":false},"excerpt":{"rendered":"<p>Este martes 10 de junio, la\u00a0selecci\u00f3n de Ecuador\u00a0consigui\u00f3 la quinta clasificaci\u00f3n a un\u00a0Mundial\u00a0y los futbolistas celebraron el logro de manera euf\u00f3rica, despu\u00e9s de empatar 0-0 ante Per\u00fa. En la fecha 16 de las Eliminatorias Sudamericanas,\u00a0a\u00a0La Tri le bast\u00f3 igualar con la Bicolor\u00a0para asegurar su boleto a la Copa del Mundo 2026 y el pitazo final&#8230;<\/p>\n","protected":false},"author":5,"featured_media":90049,"comment_status":"closed","ping_status":"open","sticky":false,"template":"","format":"standard","meta":{"_joinchat":[],"footnotes":""},"categories":[1342,1720,1],"tags":[],"class_list":["post-90032","post","type-post","status-publish","format-standard","has-post-thumbnail","hentry","category-deportes-internacionales","category-general","category-uncategorized","have-post-thumb"],"_links":{"self":[{"href":"https:\/\/www.evafm.net\/sitio\/wp-json\/wp\/v2\/posts\/90032","targetHints":{"allow":["GET"]}}],"collection":[{"href":"https:\/\/www.evafm.net\/sitio\/wp-json\/wp\/v2\/posts"}],"about":[{"href":"https:\/\/www.evafm.net\/sitio\/wp-json\/wp\/v2\/types\/post"}],"author":[{"embeddable":true,"href":"https:\/\/www.evafm.net\/sitio\/wp-json\/wp\/v2\/users\/5"}],"replies":[{"embeddable":true,"href":"https:\/\/www.evafm.net\/sitio\/wp-json\/wp\/v2\/comments?post=90032"}],"version-history":[{"count":1,"href":"https:\/\/www.evafm.net\/sitio\/wp-json\/wp\/v2\/posts\/90032\/revisions"}],"predecessor-version":[{"id":90050,"href":"https:\/\/www.evafm.net\/sitio\/wp-json\/wp\/v2\/posts\/90032\/revisions\/90050"}],"wp:featuredmedia":[{"embeddable":true,"href":"https:\/\/www.evafm.net\/sitio\/wp-json\/wp\/v2\/media\/90049"}],"wp:attachment":[{"href":"https:\/\/www.evafm.net\/sitio\/wp-json\/wp\/v2\/media?parent=90032"}],"wp:term":[{"taxonomy":"category","embeddable":true,"href":"https:\/\/www.evafm.net\/sitio\/wp-json\/wp\/v2\/categories?post=90032"},{"taxonomy":"post_tag","embeddable":true,"href":"https:\/\/www.evafm.net\/sitio\/wp-json\/wp\/v2\/tags?post=90032"}],"curies":[{"name":"wp","href":"https:\/\/api.w.org\/{rel}","templated":true}]}}