{"id":90033,"date":"2025-06-11T15:05:15","date_gmt":"2025-06-11T20:05:15","guid":{"rendered":"https:\/\/www.evafm.net\/sitio\/?p=90033"},"modified":"2025-06-11T15:05:15","modified_gmt":"2025-06-11T20:05:15","slug":"pervis-estupinan-espera-salir-del-brighton","status":"publish","type":"post","link":"https:\/\/www.evafm.net\/sitio\/pervis-estupinan-espera-salir-del-brighton\/","title":{"rendered":"Pervis Estupi\u00f1\u00e1n espera salir del Brighton"},"content":{"rendered":"<p><b><a href=\"https:\/\/www.ecuavisa.com\/metadatos\/-\/meta\/pervis-estupinan\">Pervis Estupi\u00f1\u00e1n<\/a>,<\/b>\u00a0lateral ecuatoriano del Brighton, revel\u00f3 ante los medios deportivos luego de la clasificaci\u00f3n tricolor al\u00a0<b>Mundial 2026,<\/b>\u00a0que espera analizar su futuro y recibir ofertas.<\/p>\n<p>\u00abHan sido tres a\u00f1os en\u00a0<b>Brighton\u00a0<\/b>de mucho aprendizaje, pero ser\u00e1 un mercado de mucho movimiento.<\/p>\n<p>El club sabe que me gustar\u00eda seguir creciendo\u00bb, expres\u00f3 el tricolor, quien ha sido uno de los pilares de la Tri en este proceso mundialista.<\/p>\n<p>&nbsp;<\/p>\n<p>\u00abHe hablado con ellos y me han dado la libertad de tomar una decisi\u00f3n y ver lo mejor que haya en la mesa, y ver d\u00f3nde nos debemos ir\u00bb, profundiz\u00f3 Estupi\u00f1\u00e1n.<\/p>\n<div id=\"sunmedia-div\"><\/div>\n<p>El lateral tricolor aparece como una de las opciones para reforzar al\u00a0<b>Manchester United<\/b>\u00a0que busca un jugador por ese costado.<\/p>\n<p>A sus 26 a\u00f1os, Estupi\u00f1\u00e1n es considerado uno de los mejores laterales de la Premier League gracias a su fuerza y potencia f\u00edsica. <strong>(D)<\/strong><\/p>\n<p>&nbsp;<\/p>\n<p><strong>Fuente:<\/strong> evafm.net &#8211; ecuavisa.com<\/p>\n<p>&nbsp;<\/p>\n<p>&nbsp;<\/p>\n<div class=\"gsp_post_data\" \r\n\t            data-post_type=\"post\" \r\n\t            data-cat=\"deportes-internacionales\" \r\n\t            data-modified=\"120\"\r\n\t            data-created=\"1749654315\"\r\n\t            data-title=\"Pervis Estupi\u00f1\u00e1n espera salir del Brighton\" \r\n\t            data-home=\"https:\/\/www.evafm.net\/sitio\"><\/div>","protected":false},"excerpt":{"rendered":"<p>Pervis Estupi\u00f1\u00e1n,\u00a0lateral ecuatoriano del Brighton, revel\u00f3 ante los medios deportivos luego de la clasificaci\u00f3n tricolor al\u00a0Mundial 2026,\u00a0que espera analizar su futuro y recibir ofertas. \u00abHan sido tres a\u00f1os en\u00a0Brighton\u00a0de mucho aprendizaje, pero ser\u00e1 un mercado de mucho movimiento. El club sabe que me gustar\u00eda seguir creciendo\u00bb, expres\u00f3 el tricolor, quien ha sido uno de los&#8230;<\/p>\n","protected":false},"author":5,"featured_media":90034,"comment_status":"closed","ping_status":"open","sticky":false,"template":"","format":"standard","meta":{"_joinchat":[],"footnotes":""},"categories":[1342],"tags":[],"class_list":["post-90033","post","type-post","status-publish","format-standard","has-post-thumbnail","hentry","category-deportes-internacionales","have-post-thumb"],"_links":{"self":[{"href":"https:\/\/www.evafm.net\/sitio\/wp-json\/wp\/v2\/posts\/90033","targetHints":{"allow":["GET"]}}],"collection":[{"href":"https:\/\/www.evafm.net\/sitio\/wp-json\/wp\/v2\/posts"}],"about":[{"href":"https:\/\/www.evafm.net\/sitio\/wp-json\/wp\/v2\/types\/post"}],"author":[{"embeddable":true,"href":"https:\/\/www.evafm.net\/sitio\/wp-json\/wp\/v2\/users\/5"}],"replies":[{"embeddable":true,"href":"https:\/\/www.evafm.net\/sitio\/wp-json\/wp\/v2\/comments?post=90033"}],"version-history":[{"count":1,"href":"https:\/\/www.evafm.net\/sitio\/wp-json\/wp\/v2\/posts\/90033\/revisions"}],"predecessor-version":[{"id":90035,"href":"https:\/\/www.evafm.net\/sitio\/wp-json\/wp\/v2\/posts\/90033\/revisions\/90035"}],"wp:featuredmedia":[{"embeddable":true,"href":"https:\/\/www.evafm.net\/sitio\/wp-json\/wp\/v2\/media\/90034"}],"wp:attachment":[{"href":"https:\/\/www.evafm.net\/sitio\/wp-json\/wp\/v2\/media?parent=90033"}],"wp:term":[{"taxonomy":"category","embeddable":true,"href":"https:\/\/www.evafm.net\/sitio\/wp-json\/wp\/v2\/categories?post=90033"},{"taxonomy":"post_tag","embeddable":true,"href":"https:\/\/www.evafm.net\/sitio\/wp-json\/wp\/v2\/tags?post=90033"}],"curies":[{"name":"wp","href":"https:\/\/api.w.org\/{rel}","templated":true}]}}