{"id":90036,"date":"2025-06-11T15:15:06","date_gmt":"2025-06-11T20:15:06","guid":{"rendered":"https:\/\/www.evafm.net\/sitio\/?p=90036"},"modified":"2025-06-11T15:15:06","modified_gmt":"2025-06-11T20:15:06","slug":"gonzalo-valle-el-gran-heroe-frente-a-peru","status":"publish","type":"post","link":"https:\/\/www.evafm.net\/sitio\/gonzalo-valle-el-gran-heroe-frente-a-peru\/","title":{"rendered":"Gonzalo Valle el gran h\u00e9roe frente a Per\u00fa"},"content":{"rendered":"<p>El portero de la\u00a0<a href=\"https:\/\/www.ecuavisa.com\/metadatos\/-\/meta\/seleccion-ecuador\">selecci\u00f3n de Ecuador<\/a>,\u00a0<b>Gonzalo Valle<\/b>, despu\u00e9s del empate sin goles ante Per\u00fa, se refiri\u00f3 sobre la clasificaci\u00f3n del combinado tricolor al\u00a0<b>Mundial 2026,<\/b>\u00a0que se desarrollar\u00e1 en\u00a0<b>Estados Unidos, Canad\u00e1 y M\u00e9xico.<\/b><\/p>\n<p>\u00ab<b>Uno de ni\u00f1o se imaginaba este tipo de situaciones.\u00a0<\/b>Ve\u00eda por televisi\u00f3n a grandes figuras del f\u00fatbol ecuatoriano y siempre dec\u00eda que quer\u00eda estar ah\u00ed\u00bb, dijo el portero ecuatoriano en una entrevista con el Canal del F\u00fatbol.<\/p>\n<p>&nbsp;<\/p>\n<p>\u201c<b>Ahora tengo la oportunidad de compartir con unos monstruos del f\u00fatbol,<\/b>\u00a0que tienen nivel europeo. Cada vez que juegan siempre dan la talla\u201d, agreg\u00f3.<\/p>\n<p><b>\u00abEsto es para la gente que vino a alentarnos hasta Per\u00fa y a todos los que est\u00e1n en Ecuador\u00bb<\/b>, finaliz\u00f3.<\/p>\n<p>&nbsp;<\/p>\n<p>Sin duda alguna,\u00a0<b>Valle fue la figura de la selecci\u00f3n de Ecuador en esta doble fecha de Eliminatorias.<\/b><\/p>\n<p>Ingres\u00f3<b>\u00a0<\/b>ante Brasil por una lesi\u00f3n de Hern\u00e1n Gal\u00edndez previo a este cotejo. Ataj\u00f3 un remate de<strong> Vin\u00edcius J\u00fanior<\/strong> que ten\u00eda destino de gol.<\/p>\n<p>&nbsp;<\/p>\n<p>Luego,\u00a0<b>el portero de Liga de Quito contra Per\u00fa tuvo m\u00e1s acci\u00f3n,<\/b> pero sus espl\u00e9ndidas atajas mantuvieron el arco en cero y Ecuador pudo sellar su boleto a su quinta Copa del Mundo. <strong>(D)<\/strong><\/p>\n<p>&nbsp;<\/p>\n<p><strong>Fuente<\/strong>: evafm.net &#8211; ecuavisa.com<\/p>\n<div class=\"gsp_post_data\" \r\n\t            data-post_type=\"post\" \r\n\t            data-cat=\"deportes-internacionales\" \r\n\t            data-modified=\"120\"\r\n\t            data-created=\"1749654906\"\r\n\t            data-title=\"Gonzalo Valle el gran h\u00e9roe frente a Per\u00fa\" \r\n\t            data-home=\"https:\/\/www.evafm.net\/sitio\"><\/div>","protected":false},"excerpt":{"rendered":"<p>El portero de la\u00a0selecci\u00f3n de Ecuador,\u00a0Gonzalo Valle, despu\u00e9s del empate sin goles ante Per\u00fa, se refiri\u00f3 sobre la clasificaci\u00f3n del combinado tricolor al\u00a0Mundial 2026,\u00a0que se desarrollar\u00e1 en\u00a0Estados Unidos, Canad\u00e1 y M\u00e9xico. \u00abUno de ni\u00f1o se imaginaba este tipo de situaciones.\u00a0Ve\u00eda por televisi\u00f3n a grandes figuras del f\u00fatbol ecuatoriano y siempre dec\u00eda que quer\u00eda estar ah\u00ed\u00bb,&#8230;<\/p>\n","protected":false},"author":5,"featured_media":90037,"comment_status":"closed","ping_status":"open","sticky":false,"template":"","format":"standard","meta":{"_joinchat":[],"footnotes":""},"categories":[1342],"tags":[],"class_list":["post-90036","post","type-post","status-publish","format-standard","has-post-thumbnail","hentry","category-deportes-internacionales","have-post-thumb"],"_links":{"self":[{"href":"https:\/\/www.evafm.net\/sitio\/wp-json\/wp\/v2\/posts\/90036","targetHints":{"allow":["GET"]}}],"collection":[{"href":"https:\/\/www.evafm.net\/sitio\/wp-json\/wp\/v2\/posts"}],"about":[{"href":"https:\/\/www.evafm.net\/sitio\/wp-json\/wp\/v2\/types\/post"}],"author":[{"embeddable":true,"href":"https:\/\/www.evafm.net\/sitio\/wp-json\/wp\/v2\/users\/5"}],"replies":[{"embeddable":true,"href":"https:\/\/www.evafm.net\/sitio\/wp-json\/wp\/v2\/comments?post=90036"}],"version-history":[{"count":1,"href":"https:\/\/www.evafm.net\/sitio\/wp-json\/wp\/v2\/posts\/90036\/revisions"}],"predecessor-version":[{"id":90038,"href":"https:\/\/www.evafm.net\/sitio\/wp-json\/wp\/v2\/posts\/90036\/revisions\/90038"}],"wp:featuredmedia":[{"embeddable":true,"href":"https:\/\/www.evafm.net\/sitio\/wp-json\/wp\/v2\/media\/90037"}],"wp:attachment":[{"href":"https:\/\/www.evafm.net\/sitio\/wp-json\/wp\/v2\/media?parent=90036"}],"wp:term":[{"taxonomy":"category","embeddable":true,"href":"https:\/\/www.evafm.net\/sitio\/wp-json\/wp\/v2\/categories?post=90036"},{"taxonomy":"post_tag","embeddable":true,"href":"https:\/\/www.evafm.net\/sitio\/wp-json\/wp\/v2\/tags?post=90036"}],"curies":[{"name":"wp","href":"https:\/\/api.w.org\/{rel}","templated":true}]}}