{"id":90057,"date":"2025-06-12T17:44:28","date_gmt":"2025-06-12T22:44:28","guid":{"rendered":"https:\/\/www.evafm.net\/sitio\/?p=90057"},"modified":"2025-06-12T17:44:28","modified_gmt":"2025-06-12T22:44:28","slug":"la-universidad-catolica-si-jugara-la-ligapro-ecuabet-en-el-mes-de-junio","status":"publish","type":"post","link":"https:\/\/www.evafm.net\/sitio\/la-universidad-catolica-si-jugara-la-ligapro-ecuabet-en-el-mes-de-junio\/","title":{"rendered":"La Universidad Cat\u00f3lica s\u00ed jugar\u00e1 la LigaPro Ecuabet en el mes de junio"},"content":{"rendered":"<p>La<a href=\"https:\/\/www.ecuavisa.com\/deportes\/u-catolica\">\u00a0<b>Universidad Cat\u00f3lica<\/b><\/a><b>\u00a0<\/b>dio un giro y retomar\u00e1 su competencia dentro de la\u00a0<b>LigaPro Ecuabet<\/b>\u00a0desde la fecha 17, luego de conocer que\u00a0<b>Jos\u00e9 Fajardo\u00a0<\/b>fue desconvocado en Panam\u00e1 por lesi\u00f3n.<\/p>\n<p>La Chatole\u00ed hab\u00eda pedido reprogramar todo sus partidos en el mes de junio, debido a que tres jugadores suyos\u00a0<b>(Ismael D\u00edaz, Jos\u00e9 Fajardo y Azarias Londo\u00f1o)<\/b>, hab\u00edan sido convocados por la<\/p>\n<p>selecci\u00f3n de Panam\u00e1 para la\u00a0<b>Copa Oro<\/b>\u00a0que arranca este<strong> s\u00e1bado 14 de junio<\/strong> hasta el <strong>domingo 6 de julio<\/strong>, sin embargo,<b>\u00a0Ecuavisa.com\u00a0<\/b>pudo conocer que hubo un cambio.<\/p>\n<p>&nbsp;<\/p>\n<p>El cuadro quite\u00f1o ya fue notificado por parte de la selecci\u00f3n paname\u00f1a de la baja de Fajardo, por lo que podr\u00e1 volver al club.<\/p>\n<p>Al conocer que no estar\u00e1n jugando todo el mes de junio, la directiva celeste decidi\u00f3 cambiar su decisi\u00f3n para retomar desde la <strong>fecha 17 hasta la 19<\/strong> y as\u00ed llegar con m\u00e1s actividad al mes de julio.<\/p>\n<div id=\"sunmedia-div\"><\/div>\n<p>De igual forma, la\u00a0<b>Universidad Cat\u00f3lica\u00a0<\/b>no jugar\u00e1 este fin de semana en la<strong> fecha 16,<\/strong> cuando se reactive la<strong> LigaPro post Eliminatorias al Mundial 2026.<\/strong><\/p>\n<p>La Universidad Cat\u00f3lica ten\u00eda programado jugar contra Emelec, pero ante la reprogramaci\u00f3n inicial, termin\u00f3 pasando a otra parte del calendario de la <strong>LigaPro.<\/strong><\/p>\n<p>De esta manera, la Universidad Cat\u00f3lica jugar\u00e1 ante <strong>El Nacional<\/strong> la pr\u00f3xima semana, para luego chocar<strong> contra IDV. (D)<\/strong><\/p>\n<p>&nbsp;<\/p>\n<p><strong>Fuente;<\/strong> evafm.net &#8211; ecuavisa.com<\/p>\n<div class=\"gsp_post_data\" \r\n\t            data-post_type=\"post\" \r\n\t            data-cat=\"deportes-ecuador\" \r\n\t            data-modified=\"120\"\r\n\t            data-created=\"1749750268\"\r\n\t            data-title=\"La Universidad Cat\u00f3lica s\u00ed jugar\u00e1 la LigaPro Ecuabet en el mes de junio\" \r\n\t            data-home=\"https:\/\/www.evafm.net\/sitio\"><\/div>","protected":false},"excerpt":{"rendered":"<p>La\u00a0Universidad Cat\u00f3lica\u00a0dio un giro y retomar\u00e1 su competencia dentro de la\u00a0LigaPro Ecuabet\u00a0desde la fecha 17, luego de conocer que\u00a0Jos\u00e9 Fajardo\u00a0fue desconvocado en Panam\u00e1 por lesi\u00f3n. La Chatole\u00ed hab\u00eda pedido reprogramar todo sus partidos en el mes de junio, debido a que tres jugadores suyos\u00a0(Ismael D\u00edaz, Jos\u00e9 Fajardo y Azarias Londo\u00f1o), hab\u00edan sido convocados por la&#8230;<\/p>\n","protected":false},"author":5,"featured_media":90058,"comment_status":"closed","ping_status":"open","sticky":false,"template":"","format":"standard","meta":{"_joinchat":[],"footnotes":""},"categories":[1557],"tags":[],"class_list":["post-90057","post","type-post","status-publish","format-standard","has-post-thumbnail","hentry","category-deportes-ecuador","have-post-thumb"],"_links":{"self":[{"href":"https:\/\/www.evafm.net\/sitio\/wp-json\/wp\/v2\/posts\/90057","targetHints":{"allow":["GET"]}}],"collection":[{"href":"https:\/\/www.evafm.net\/sitio\/wp-json\/wp\/v2\/posts"}],"about":[{"href":"https:\/\/www.evafm.net\/sitio\/wp-json\/wp\/v2\/types\/post"}],"author":[{"embeddable":true,"href":"https:\/\/www.evafm.net\/sitio\/wp-json\/wp\/v2\/users\/5"}],"replies":[{"embeddable":true,"href":"https:\/\/www.evafm.net\/sitio\/wp-json\/wp\/v2\/comments?post=90057"}],"version-history":[{"count":1,"href":"https:\/\/www.evafm.net\/sitio\/wp-json\/wp\/v2\/posts\/90057\/revisions"}],"predecessor-version":[{"id":90059,"href":"https:\/\/www.evafm.net\/sitio\/wp-json\/wp\/v2\/posts\/90057\/revisions\/90059"}],"wp:featuredmedia":[{"embeddable":true,"href":"https:\/\/www.evafm.net\/sitio\/wp-json\/wp\/v2\/media\/90058"}],"wp:attachment":[{"href":"https:\/\/www.evafm.net\/sitio\/wp-json\/wp\/v2\/media?parent=90057"}],"wp:term":[{"taxonomy":"category","embeddable":true,"href":"https:\/\/www.evafm.net\/sitio\/wp-json\/wp\/v2\/categories?post=90057"},{"taxonomy":"post_tag","embeddable":true,"href":"https:\/\/www.evafm.net\/sitio\/wp-json\/wp\/v2\/tags?post=90057"}],"curies":[{"name":"wp","href":"https:\/\/api.w.org\/{rel}","templated":true}]}}