{"id":90060,"date":"2025-06-12T17:49:57","date_gmt":"2025-06-12T22:49:57","guid":{"rendered":"https:\/\/www.evafm.net\/sitio\/?p=90060"},"modified":"2025-06-12T17:49:57","modified_gmt":"2025-06-12T22:49:57","slug":"jorge-guzman-christian-cueva-aun-no-es-jugador-de-emelec","status":"publish","type":"post","link":"https:\/\/www.evafm.net\/sitio\/jorge-guzman-christian-cueva-aun-no-es-jugador-de-emelec\/","title":{"rendered":"Jorge Guzm\u00e1n: \u00abChristian Cueva a\u00fan no es jugador de Emelec\u00bb"},"content":{"rendered":"<p><b>Jorge Guzm\u00e1n,\u00a0<\/b>presidente de\u00a0<b><a href=\"https:\/\/www.ecuavisa.com\/deportes\/emelec\">Emelec,<\/a><\/b>\u00a0dej\u00f3 el silencio y revel\u00f3 ante medios peruanos que\u00a0<b>Christian Cueva,\u00a0<\/b>a\u00fan no es jugador del club azul.<\/p>\n<p>\u00abNo era un secreto que ten\u00edamos inter\u00e9s por el jugador, pero \u00e9l tiene que solucionar unos problemas con\u00a0<b>Cienciano\u00a0<\/b>y estamos a la espera de eso.<\/p>\n<p>He hablado con el presidente de<b>\u00a0Cienciano,\u00a0<\/b>me ha manifestado que se va a reunir con el jugador, nosotros no podemos finiquitar a\u00fan nada con el jugador<\/p>\n<p>hasta que \u00e9l finiquite su contrato con el club cusque\u00f1o\u00bb, reconoci\u00f3 Guzm\u00e1n ante radio Ovaci\u00f3n del pa\u00eds vecino.<\/p>\n<p>&nbsp;<\/p>\n<p>Continuando, Guzm\u00e1n dijo: \u00abLo \u00fanico que hemos hecho nosotros y que nos permite el reglamento\u00a0<b>FIFA<\/b>\u00a0es tener un acercamiento en el periodo de 6 meses<\/p>\n<p>y seg\u00fan palabras del jugador estamos en ese periodo\u00bb.<\/p>\n<div id=\"sunmedia-div\"><\/div>\n<p>Sobre la amenaza de demanda por parte de Cienciano,\u00a0<b>Guzm\u00e1n<\/b>\u00a0cont\u00f3 que ha mantenido una charla con\u00a0<b>Sergio Lude\u00f1a,\u00a0<\/b>presidente del cuadro peruano:<\/p>\n<p>\u00abLe he expresado claramente que nosotros no hemos incurrido en ninguna ilegalidad, porque el jugador nos ha manifestado que est\u00e1 cerrando su contrato<\/p>\n<p>en estos meses con el club, y eso nos permite reglamentariamente hacer un acercamiento\u00bb.<\/p>\n<p>Para terminar, Guzm\u00e1n espera solucionar el tema contractual, sumado a las prohibiciones de la\u00a0<b>FIFA<\/b> para formalmente avanzar en el fichaje de Cueva.<strong>(D)<\/strong><\/p>\n<p>&nbsp;<\/p>\n<p><strong>Fuente:<\/strong> evafm.net &#8211; ecuavisa.com<\/p>\n<div class=\"gsp_post_data\" \r\n\t            data-post_type=\"post\" \r\n\t            data-cat=\"deportes-ecuador\" \r\n\t            data-modified=\"120\"\r\n\t            data-created=\"1749750597\"\r\n\t            data-title=\"Jorge Guzm\u00e1n: \u00abChristian Cueva a\u00fan no es jugador de Emelec\u00bb\" \r\n\t            data-home=\"https:\/\/www.evafm.net\/sitio\"><\/div>","protected":false},"excerpt":{"rendered":"<p>Jorge Guzm\u00e1n,\u00a0presidente de\u00a0Emelec,\u00a0dej\u00f3 el silencio y revel\u00f3 ante medios peruanos que\u00a0Christian Cueva,\u00a0a\u00fan no es jugador del club azul. \u00abNo era un secreto que ten\u00edamos inter\u00e9s por el jugador, pero \u00e9l tiene que solucionar unos problemas con\u00a0Cienciano\u00a0y estamos a la espera de eso. He hablado con el presidente de\u00a0Cienciano,\u00a0me ha manifestado que se va a reunir&#8230;<\/p>\n","protected":false},"author":5,"featured_media":90061,"comment_status":"closed","ping_status":"open","sticky":false,"template":"","format":"standard","meta":{"_joinchat":[],"footnotes":""},"categories":[1557],"tags":[],"class_list":["post-90060","post","type-post","status-publish","format-standard","has-post-thumbnail","hentry","category-deportes-ecuador","have-post-thumb"],"_links":{"self":[{"href":"https:\/\/www.evafm.net\/sitio\/wp-json\/wp\/v2\/posts\/90060","targetHints":{"allow":["GET"]}}],"collection":[{"href":"https:\/\/www.evafm.net\/sitio\/wp-json\/wp\/v2\/posts"}],"about":[{"href":"https:\/\/www.evafm.net\/sitio\/wp-json\/wp\/v2\/types\/post"}],"author":[{"embeddable":true,"href":"https:\/\/www.evafm.net\/sitio\/wp-json\/wp\/v2\/users\/5"}],"replies":[{"embeddable":true,"href":"https:\/\/www.evafm.net\/sitio\/wp-json\/wp\/v2\/comments?post=90060"}],"version-history":[{"count":1,"href":"https:\/\/www.evafm.net\/sitio\/wp-json\/wp\/v2\/posts\/90060\/revisions"}],"predecessor-version":[{"id":90062,"href":"https:\/\/www.evafm.net\/sitio\/wp-json\/wp\/v2\/posts\/90060\/revisions\/90062"}],"wp:featuredmedia":[{"embeddable":true,"href":"https:\/\/www.evafm.net\/sitio\/wp-json\/wp\/v2\/media\/90061"}],"wp:attachment":[{"href":"https:\/\/www.evafm.net\/sitio\/wp-json\/wp\/v2\/media?parent=90060"}],"wp:term":[{"taxonomy":"category","embeddable":true,"href":"https:\/\/www.evafm.net\/sitio\/wp-json\/wp\/v2\/categories?post=90060"},{"taxonomy":"post_tag","embeddable":true,"href":"https:\/\/www.evafm.net\/sitio\/wp-json\/wp\/v2\/tags?post=90060"}],"curies":[{"name":"wp","href":"https:\/\/api.w.org\/{rel}","templated":true}]}}