{"id":90063,"date":"2025-06-12T17:56:16","date_gmt":"2025-06-12T22:56:16","guid":{"rendered":"https:\/\/www.evafm.net\/sitio\/?p=90063"},"modified":"2025-06-12T17:56:16","modified_gmt":"2025-06-12T22:56:16","slug":"barcelona-sc-suma-una-nueva-prohibicion-a-visperas-del-reinicio-de-la-ligapro","status":"publish","type":"post","link":"https:\/\/www.evafm.net\/sitio\/barcelona-sc-suma-una-nueva-prohibicion-a-visperas-del-reinicio-de-la-ligapro\/","title":{"rendered":"Barcelona SC suma una nueva prohibici\u00f3n a v\u00edsperas del reinicio de la LigaPro"},"content":{"rendered":"<p><b><a href=\"https:\/\/www.ecuavisa.com\/deportes\/barcelona\">Barcelona SC<\/a><\/b>\u00a0sum\u00f3 una nueva sanci\u00f3n por parte de la FIFA debido a deudas y ya acumula cinco sanciones previo al reinicio de la<b> LigaPro Ecuabet por la para de las Eliminatorias al Mundial 2026.<\/b><\/p>\n<p>El cuadro guayaquile\u00f1o manten\u00eda cuatro sanciones desde finales de mayo, sin embargo, este\u00a0<b>mi\u00e9rcoles 11 de junio<\/b>\u00a0se conoci\u00f3 que BSC sum\u00f3 una m\u00e1s.<\/p>\n<p>Es por ello, que el reciente fichaje de<b>\u00a0Miguel Parrales<\/b> no ha sido inscrito todav\u00ed.<\/p>\n<p>&nbsp;<\/p>\n<p><b>Ecuavisa.com<\/b>\u00a0pudo conocer que la directiva sigue trabajando para poder cancelar las deudas, sin embargo no ten\u00edan previsto que la quinta aparezca.<\/p>\n<p>De esta forma,\u00a0<b>Miguel Parrales<\/b>\u00a0est\u00e1 absolutamente descartado para jugar contra Manta en este fin de semana en el estadio<b>\u00a0Monumental<\/b>\u00a0de Guayaquil.<\/p>\n<p>Al mismo tiempo, BSC sigue buscando refuerzos para completar la n\u00f3mina pero a la par sanear las deudas que le permitan ser habilitado.<strong>(D)<\/strong><\/p>\n<p>&nbsp;<\/p>\n<p><strong>Fuente:<\/strong> evafm.net &#8211; ecuavisa.com<\/p>\n<div class=\"gsp_post_data\" \r\n\t            data-post_type=\"post\" \r\n\t            data-cat=\"deportes-ecuador\" \r\n\t            data-modified=\"120\"\r\n\t            data-created=\"1749750976\"\r\n\t            data-title=\"Barcelona SC suma una nueva prohibici\u00f3n a v\u00edsperas del reinicio de la LigaPro\" \r\n\t            data-home=\"https:\/\/www.evafm.net\/sitio\"><\/div>","protected":false},"excerpt":{"rendered":"<p>Barcelona SC\u00a0sum\u00f3 una nueva sanci\u00f3n por parte de la FIFA debido a deudas y ya acumula cinco sanciones previo al reinicio de la LigaPro Ecuabet por la para de las Eliminatorias al Mundial 2026. El cuadro guayaquile\u00f1o manten\u00eda cuatro sanciones desde finales de mayo, sin embargo, este\u00a0mi\u00e9rcoles 11 de junio\u00a0se conoci\u00f3 que BSC sum\u00f3 una&#8230;<\/p>\n","protected":false},"author":5,"featured_media":90064,"comment_status":"closed","ping_status":"open","sticky":false,"template":"","format":"standard","meta":{"_joinchat":[],"footnotes":""},"categories":[1557],"tags":[],"class_list":["post-90063","post","type-post","status-publish","format-standard","has-post-thumbnail","hentry","category-deportes-ecuador","have-post-thumb"],"_links":{"self":[{"href":"https:\/\/www.evafm.net\/sitio\/wp-json\/wp\/v2\/posts\/90063","targetHints":{"allow":["GET"]}}],"collection":[{"href":"https:\/\/www.evafm.net\/sitio\/wp-json\/wp\/v2\/posts"}],"about":[{"href":"https:\/\/www.evafm.net\/sitio\/wp-json\/wp\/v2\/types\/post"}],"author":[{"embeddable":true,"href":"https:\/\/www.evafm.net\/sitio\/wp-json\/wp\/v2\/users\/5"}],"replies":[{"embeddable":true,"href":"https:\/\/www.evafm.net\/sitio\/wp-json\/wp\/v2\/comments?post=90063"}],"version-history":[{"count":2,"href":"https:\/\/www.evafm.net\/sitio\/wp-json\/wp\/v2\/posts\/90063\/revisions"}],"predecessor-version":[{"id":90066,"href":"https:\/\/www.evafm.net\/sitio\/wp-json\/wp\/v2\/posts\/90063\/revisions\/90066"}],"wp:featuredmedia":[{"embeddable":true,"href":"https:\/\/www.evafm.net\/sitio\/wp-json\/wp\/v2\/media\/90064"}],"wp:attachment":[{"href":"https:\/\/www.evafm.net\/sitio\/wp-json\/wp\/v2\/media?parent=90063"}],"wp:term":[{"taxonomy":"category","embeddable":true,"href":"https:\/\/www.evafm.net\/sitio\/wp-json\/wp\/v2\/categories?post=90063"},{"taxonomy":"post_tag","embeddable":true,"href":"https:\/\/www.evafm.net\/sitio\/wp-json\/wp\/v2\/tags?post=90063"}],"curies":[{"name":"wp","href":"https:\/\/api.w.org\/{rel}","templated":true}]}}