{"id":90097,"date":"2025-06-13T18:28:14","date_gmt":"2025-06-13T23:28:14","guid":{"rendered":"https:\/\/www.evafm.net\/sitio\/?p=90097"},"modified":"2025-06-13T18:28:14","modified_gmt":"2025-06-13T23:28:14","slug":"libertad-entreno-en-el-parque-la-carolina","status":"publish","type":"post","link":"https:\/\/www.evafm.net\/sitio\/libertad-entreno-en-el-parque-la-carolina\/","title":{"rendered":"Libertad entren\u00f3 en el Parque La Carolina"},"content":{"rendered":"<p>El plantel de<strong> Libertad FC r<\/strong>ealiz\u00f3 este jueves su entrenamiento en el<strong> Parque La Carolina<\/strong>, en la ciudad de Quito, como parte de su preparaci\u00f3n para el partido de este viernes frente a<strong> Independiente del Valle.<\/strong><\/p>\n<p>El encuentro est\u00e1 programado para las <strong>14h00<\/strong> y corresponde a una nueva jornada de la <strong>LigaPro.<\/strong><\/p>\n<p>El equipo lojano busca sumar puntos importantes fuera de casa ante uno de los rivales m\u00e1s fuertes del campeonato.<\/p>\n<p>Libertad apunta a mejorar su posici\u00f3n en la tabla y mantener el enfoque competitivo en la recta final de la primera etapa.<\/p>\n<p><strong>\u00bfDeseas que prepare tambi\u00e9n un post previo al partido con posibles alineaciones o datos clave del enfrentamiento? (D)<\/strong><\/p>\n<blockquote class=\"twitter-tweet\" data-width=\"550\" data-dnt=\"true\">\n<p lang=\"es\" dir=\"ltr\"><a href=\"https:\/\/twitter.com\/hashtag\/Libertad?src=hash&amp;ref_src=twsrc%5Etfw\">#Libertad<\/a> \ud83d\udfe0 entrena en el Parque La Carolina en <a href=\"https:\/\/twitter.com\/hashtag\/Quito?src=hash&amp;ref_src=twsrc%5Etfw\">#Quito<\/a> \ud83c\uddea\ud83c\udde8. Ma\u00f1ana enfrentar\u00e1 a <a href=\"https:\/\/twitter.com\/hashtag\/IDV?src=hash&amp;ref_src=twsrc%5Etfw\">#IDV<\/a> \u26ab\ufe0f\ud83d\udd35 a las 14H00 por <a href=\"https:\/\/twitter.com\/hashtag\/LigaPro?src=hash&amp;ref_src=twsrc%5Etfw\">#LigaPro<\/a> \ud83c\uddea\ud83c\udde8\u26bd\ufe0f<\/p>\n<p>\ud83d\udcf9\ud83d\udcf8 <a href=\"https:\/\/twitter.com\/erami_salazar?ref_src=twsrc%5Etfw\">@erami_salazar<\/a> <a href=\"https:\/\/twitter.com\/hashtag\/DirectF%C3%BAtbol?src=hash&amp;ref_src=twsrc%5Etfw\">#DirectF\u00fatbol<\/a> <a href=\"https:\/\/t.co\/gbCyY24fqO\">pic.twitter.com\/gbCyY24fqO<\/a><\/p>\n<p>&mdash; DIRECT F\u00daTBOL (@directfutbolec) <a href=\"https:\/\/twitter.com\/directfutbolec\/status\/1933552381884510688?ref_src=twsrc%5Etfw\">June 13, 2025<\/a><\/p><\/blockquote>\n<p><script async src=\"https:\/\/platform.twitter.com\/widgets.js\" charset=\"utf-8\"><\/script><\/p>\n<p>&nbsp;<\/p>\n<p><strong>Fuente:<\/strong> evafm.net &#8211; studiofutbol.com.ec<\/p>\n<div class=\"gsp_post_data\" \r\n\t            data-post_type=\"post\" \r\n\t            data-cat=\"deportes-ecuador\" \r\n\t            data-modified=\"120\"\r\n\t            data-created=\"1749839294\"\r\n\t            data-title=\"Libertad entren\u00f3 en el Parque La Carolina\" \r\n\t            data-home=\"https:\/\/www.evafm.net\/sitio\"><\/div>","protected":false},"excerpt":{"rendered":"<p>El plantel de Libertad FC realiz\u00f3 este jueves su entrenamiento en el Parque La Carolina, en la ciudad de Quito, como parte de su preparaci\u00f3n para el partido de este viernes frente a Independiente del Valle. El encuentro est\u00e1 programado para las 14h00 y corresponde a una nueva jornada de la LigaPro. El equipo lojano&#8230;<\/p>\n","protected":false},"author":5,"featured_media":90098,"comment_status":"closed","ping_status":"open","sticky":false,"template":"","format":"standard","meta":{"_joinchat":[],"footnotes":""},"categories":[1557],"tags":[],"class_list":["post-90097","post","type-post","status-publish","format-standard","has-post-thumbnail","hentry","category-deportes-ecuador","have-post-thumb"],"_links":{"self":[{"href":"https:\/\/www.evafm.net\/sitio\/wp-json\/wp\/v2\/posts\/90097","targetHints":{"allow":["GET"]}}],"collection":[{"href":"https:\/\/www.evafm.net\/sitio\/wp-json\/wp\/v2\/posts"}],"about":[{"href":"https:\/\/www.evafm.net\/sitio\/wp-json\/wp\/v2\/types\/post"}],"author":[{"embeddable":true,"href":"https:\/\/www.evafm.net\/sitio\/wp-json\/wp\/v2\/users\/5"}],"replies":[{"embeddable":true,"href":"https:\/\/www.evafm.net\/sitio\/wp-json\/wp\/v2\/comments?post=90097"}],"version-history":[{"count":1,"href":"https:\/\/www.evafm.net\/sitio\/wp-json\/wp\/v2\/posts\/90097\/revisions"}],"predecessor-version":[{"id":90099,"href":"https:\/\/www.evafm.net\/sitio\/wp-json\/wp\/v2\/posts\/90097\/revisions\/90099"}],"wp:featuredmedia":[{"embeddable":true,"href":"https:\/\/www.evafm.net\/sitio\/wp-json\/wp\/v2\/media\/90098"}],"wp:attachment":[{"href":"https:\/\/www.evafm.net\/sitio\/wp-json\/wp\/v2\/media?parent=90097"}],"wp:term":[{"taxonomy":"category","embeddable":true,"href":"https:\/\/www.evafm.net\/sitio\/wp-json\/wp\/v2\/categories?post=90097"},{"taxonomy":"post_tag","embeddable":true,"href":"https:\/\/www.evafm.net\/sitio\/wp-json\/wp\/v2\/tags?post=90097"}],"curies":[{"name":"wp","href":"https:\/\/api.w.org\/{rel}","templated":true}]}}