{"id":90104,"date":"2025-06-13T18:45:10","date_gmt":"2025-06-13T23:45:10","guid":{"rendered":"https:\/\/www.evafm.net\/sitio\/?p=90104"},"modified":"2025-06-13T18:45:10","modified_gmt":"2025-06-13T23:45:10","slug":"eduardo-alvarez-sobre-la-sancion-de-liga-de-quito","status":"publish","type":"post","link":"https:\/\/www.evafm.net\/sitio\/eduardo-alvarez-sobre-la-sancion-de-liga-de-quito\/","title":{"rendered":"Eduardo \u00c1lvarez sobre la sanci\u00f3n de Liga de Quito"},"content":{"rendered":"<p>El director deportivo de\u00a0<a href=\"https:\/\/www.ecuavisa.com\/deportes\/futbol-nacional\/tiago-nunes-en-liga-de-quito-quiero-la-identidad-de-un-equipo-ganador-y-muy-tecnico-LY9504926\">Liga de Quito<\/a>,\u00a0<b>Eduardo \u00c1lvarez<\/b>, se refiri\u00f3 sobre la prohibici\u00f3n de inscribir nuevos jugadores impuesta por la <strong>FIFA,<\/strong> tras tener una deuda con el\u00a0<b>Orlando City por el fichaje de Alexander Alvarado.<\/b><\/p>\n<p>\u00ab<b>Es una deuda que ya esper\u00e1bamos (sobre Alvarado y Orlando City).<\/b><\/p>\n<p>Obviamente, la prohibici\u00f3n de inscripci\u00f3n no est\u00e1 fuera de los planes financieros que hab\u00edamos establecido para poder fichar; solo era cuesti\u00f3n de cu\u00e1ndo llegar\u00eda.<\/p>\n<p>Ahora todo se aceler\u00f3 un poco porque se hizo p\u00fablico hoy mismo y la informaci\u00f3n se difundi\u00f3 r\u00e1pidamente\u00bb, dijo \u00c1lvarez en una entrevista con la <strong>Radio La Red (102.1 FM)<\/strong><\/p>\n<p>&nbsp;<\/p>\n<p>\u00abEstamos tranquilos.<b>\u00a0Esto ya estaba previsto desde el punto de vista financiero, y sab\u00edamos que hab\u00eda que resolverlo.<\/b><\/p>\n<p>Esperamos que hoy mismo o el lunes podamos transferir el dinero, y ojal\u00e1 el martes ya se pueda levantar la sanci\u00f3n\u00bb, agreg\u00f3.<\/p>\n<p>&nbsp;<\/p>\n<p>\u00ab<b>Son cosas que antes pasaban todo el tiempo, pero no se hac\u00edan p\u00fablicas.<\/b><\/p>\n<p>Ahora, al ser p\u00fablico, genera m\u00e1s ruido, pero est\u00e1 dentro de nuestra planificaci\u00f3n y no afecta en absoluto lo previsto para este mercado de pases\u00bb, a\u00f1adi\u00f3.<\/p>\n<p>Actualmente,<b>\u00a0los blancos se encuentran en el cuarto lugar de la tabla de pociones con 23 puntos<\/b> y este s\u00e1bado 14 de junio se enfrentar\u00e1n a Vinotinto por la fecha 16 del torneo local.<strong>(D)<\/strong><\/p>\n<p>&nbsp;<\/p>\n<p><strong>Fuente:<\/strong> evafm.net &#8211; ecuavisa.com<\/p>\n<div class=\"gsp_post_data\" \r\n\t            data-post_type=\"post\" \r\n\t            data-cat=\"deportes-ecuador\" \r\n\t            data-modified=\"120\"\r\n\t            data-created=\"1749840310\"\r\n\t            data-title=\"Eduardo \u00c1lvarez sobre la sanci\u00f3n de Liga de Quito\" \r\n\t            data-home=\"https:\/\/www.evafm.net\/sitio\"><\/div>","protected":false},"excerpt":{"rendered":"<p>El director deportivo de\u00a0Liga de Quito,\u00a0Eduardo \u00c1lvarez, se refiri\u00f3 sobre la prohibici\u00f3n de inscribir nuevos jugadores impuesta por la FIFA, tras tener una deuda con el\u00a0Orlando City por el fichaje de Alexander Alvarado. \u00abEs una deuda que ya esper\u00e1bamos (sobre Alvarado y Orlando City). Obviamente, la prohibici\u00f3n de inscripci\u00f3n no est\u00e1 fuera de los planes&#8230;<\/p>\n","protected":false},"author":5,"featured_media":90105,"comment_status":"closed","ping_status":"open","sticky":false,"template":"","format":"standard","meta":{"_joinchat":[],"footnotes":""},"categories":[1557],"tags":[],"class_list":["post-90104","post","type-post","status-publish","format-standard","has-post-thumbnail","hentry","category-deportes-ecuador","have-post-thumb"],"_links":{"self":[{"href":"https:\/\/www.evafm.net\/sitio\/wp-json\/wp\/v2\/posts\/90104","targetHints":{"allow":["GET"]}}],"collection":[{"href":"https:\/\/www.evafm.net\/sitio\/wp-json\/wp\/v2\/posts"}],"about":[{"href":"https:\/\/www.evafm.net\/sitio\/wp-json\/wp\/v2\/types\/post"}],"author":[{"embeddable":true,"href":"https:\/\/www.evafm.net\/sitio\/wp-json\/wp\/v2\/users\/5"}],"replies":[{"embeddable":true,"href":"https:\/\/www.evafm.net\/sitio\/wp-json\/wp\/v2\/comments?post=90104"}],"version-history":[{"count":1,"href":"https:\/\/www.evafm.net\/sitio\/wp-json\/wp\/v2\/posts\/90104\/revisions"}],"predecessor-version":[{"id":90106,"href":"https:\/\/www.evafm.net\/sitio\/wp-json\/wp\/v2\/posts\/90104\/revisions\/90106"}],"wp:featuredmedia":[{"embeddable":true,"href":"https:\/\/www.evafm.net\/sitio\/wp-json\/wp\/v2\/media\/90105"}],"wp:attachment":[{"href":"https:\/\/www.evafm.net\/sitio\/wp-json\/wp\/v2\/media?parent=90104"}],"wp:term":[{"taxonomy":"category","embeddable":true,"href":"https:\/\/www.evafm.net\/sitio\/wp-json\/wp\/v2\/categories?post=90104"},{"taxonomy":"post_tag","embeddable":true,"href":"https:\/\/www.evafm.net\/sitio\/wp-json\/wp\/v2\/tags?post=90104"}],"curies":[{"name":"wp","href":"https:\/\/api.w.org\/{rel}","templated":true}]}}