{"id":90131,"date":"2025-06-14T16:14:40","date_gmt":"2025-06-14T21:14:40","guid":{"rendered":"https:\/\/www.evafm.net\/sitio\/?p=90131"},"modified":"2025-06-14T16:14:40","modified_gmt":"2025-06-14T21:14:40","slug":"vladimir-putin-y-donald-trump-dialogaron-sobre-conflicto-en-medio-oriente-y-la-guerra-en-ucrania","status":"publish","type":"post","link":"https:\/\/www.evafm.net\/sitio\/vladimir-putin-y-donald-trump-dialogaron-sobre-conflicto-en-medio-oriente-y-la-guerra-en-ucrania\/","title":{"rendered":"Vladimir Putin y Donald Trump dialogaron sobre conflicto en Medio Oriente y la guerra en Ucrania"},"content":{"rendered":"<p><a title=\"https:\/\/www.infobae.com\/tag\/vladimir-putin\/\" href=\"https:\/\/www.infobae.com\/tag\/vladimir-putin\/\" target=\"_blank\" rel=\"noopener noreferrer\" data-mrf-link=\"https:\/\/www.infobae.com\/tag\/vladimir-putin\/\"><b>Vladimir Putin<\/b><\/a>\u00a0y\u00a0<a title=\"https:\/\/www.infobae.com\/tag\/donald-trump\/\" href=\"https:\/\/www.infobae.com\/tag\/donald-trump\/\" target=\"_blank\" rel=\"noopener noreferrer\" data-mrf-link=\"https:\/\/www.infobae.com\/tag\/donald-trump\/\"><b>Donald Trump<\/b><\/a>\u00a0dialogaron este s\u00e1bado por tel\u00e9fono sobre el conflicto entre Israel e Ir\u00e1n y los esfuerzos para alcanzar un acuerdo en torno a la guerra en Ucrania.<\/p>\n<p class=\"paragraph\" data-mrf-recirculation=\"Links inline\"><a title=\"https:\/\/www.infobae.com\/america\/mundo\/2025\/06\/14\/ataques-entre-israel-e-iran-en-vivo\/\" href=\"https:\/\/www.infobae.com\/america\/mundo\/2025\/06\/14\/ataques-entre-israel-e-iran-en-vivo\/\" target=\"_blank\" rel=\"noopener noreferrer\" data-mrf-link=\"https:\/\/www.infobae.com\/america\/mundo\/2025\/06\/14\/ataques-entre-israel-e-iran-en-vivo\/\"><b>\u201cLa peligrosa escalada en Oriente Medio<\/b><\/a><b>\u00a0estuvo, por supuesto, en el centro de la conversaci\u00f3n\u201d<\/b>, afirmaron las agencias, que citaron al Kremlin.<\/p>\n<p class=\"paragraph\" data-mrf-recirculation=\"Links inline\">Adem\u00e1s, Putin inform\u00f3 a Trump sobre la \u201cimplementaci\u00f3n de los acuerdos alcanzados en el encuentro de delegaciones rusas y ucranianas en Estambul el 2 de junio\u201d, indicaron las fuentes.<\/p>\n<div class=\"inline ad-wrapper\">\n<div class=\"dfpAd ad-inline\"><\/div>\n<\/div>\n<p class=\"paragraph\" data-mrf-recirculation=\"Links inline\">Durante la conversaci\u00f3n, el mandatario ruso inform\u00f3 al presidente de Estados Unidos sobre sus recientes conversaciones con los l\u00edderes de Ir\u00e1n e Israel y reiter\u00f3 la propuesta rusa de buscar<\/p>\n<p class=\"paragraph\" data-mrf-recirculation=\"Links inline\">soluciones mutuamente aceptables para la cuesti\u00f3n nuclear iran\u00ed.<\/p>\n<p class=\"paragraph\" data-mrf-recirculation=\"Links inline\">Trump calific\u00f3 la situaci\u00f3n regional de \u201cmuy alarmante\u201d, y ninguno de los dos l\u00edderes descart\u00f3 la posible reanudaci\u00f3n de las negociaciones sobre el programa nuclear iran\u00ed, seg\u00fan Yuri Ushakov<\/p>\n<p class=\"paragraph\" data-mrf-recirculation=\"Links inline\">asesor de Putin.<\/p>\n<div class=\"inline_2_DSK ad-wrapper ad-desktop\">\n<div class=\"dfpAd ad-inline\"><\/div>\n<\/div>\n<p class=\"paragraph\" data-mrf-recirculation=\"Links inline\">Asimismo, el jefe del Kremlin inform\u00f3 a Trump sobre\u00a0<a title=\"https:\/\/www.infobae.com\/america\/mundo\/2025\/06\/14\/ucrania-confirmo-la-recepcion-de-otros-1200-cuerpos-de-militares-caidos-durante-la-guerra-con-rusia\/\" href=\"https:\/\/www.infobae.com\/america\/mundo\/2025\/06\/14\/ucrania-confirmo-la-recepcion-de-otros-1200-cuerpos-de-militares-caidos-durante-la-guerra-con-rusia\/\" target=\"_blank\" rel=\"noopener noreferrer\" data-mrf-link=\"https:\/\/www.infobae.com\/america\/mundo\/2025\/06\/14\/ucrania-confirmo-la-recepcion-de-otros-1200-cuerpos-de-militares-caidos-durante-la-guerra-con-rusia\/\">la implementaci\u00f3n de los acuerdos<\/a>\u00a0durante las conversaciones de paz en Estambul entre las delegaciones rusa y ucraniana, incluyendo<\/p>\n<p class=\"paragraph\" data-mrf-recirculation=\"Links inline\">el intercambio de prisioneros de guerra.<\/p>\n<p class=\"paragraph\" data-mrf-recirculation=\"Links inline\">\u201cVlad\u00edmir Putin conden\u00f3 la operaci\u00f3n militar israel\u00ed y expres\u00f3 su profunda preocupaci\u00f3n por la posible escalada del conflicto, que tendr\u00eda consecuencias impredecibles para toda la situaci\u00f3n<\/p>\n<p class=\"paragraph\" data-mrf-recirculation=\"Links inline\">en Oriente Medio\u201d, dijo Ushakov a la prensa.<\/p>\n<p class=\"paragraph\" data-mrf-recirculation=\"Links inline\">Putin tambi\u00e9n inform\u00f3 a su hom\u00f3logo estadounidense sobre las conversaciones telef\u00f3nicas que mantuvo ayer con el primer ministro israel\u00ed y el presidente iran\u00ed.<\/p>\n<p class=\"paragraph\" data-mrf-recirculation=\"Links inline\"><b>La llamada entre los l\u00edderes de Rusia y EEUU dur\u00f3 50 minutos<\/b>, precis\u00f3, y agreg\u00f3 que Putin aprovech\u00f3 la ocasi\u00f3n para felicitar a Trump\u00a0<a title=\"https:\/\/www.infobae.com\/estados-unidos\/2025\/06\/14\/donald-trump-celebra-su-cumpleanos-con-un-imponente-desfile-militar-en-las-calles-de-washington\/\" href=\"https:\/\/www.infobae.com\/estados-unidos\/2025\/06\/14\/donald-trump-celebra-su-cumpleanos-con-un-imponente-desfile-militar-en-las-calles-de-washington\/\" target=\"_blank\" rel=\"noopener noreferrer\" data-mrf-link=\"https:\/\/www.infobae.com\/estados-unidos\/2025\/06\/14\/donald-trump-celebra-su-cumpleanos-con-un-imponente-desfile-militar-en-las-calles-de-washington\/\">por su cumplea\u00f1os.<\/a><\/p>\n<p class=\"paragraph\" data-mrf-recirculation=\"Links inline\">Adem\u00e1s, el jefe del Kremlin reiter\u00f3 la disposici\u00f3n de Rusia de mediar para la soluci\u00f3n del conflicto entre Israel e Ir\u00e1n.<\/p>\n<p class=\"paragraph\" data-mrf-recirculation=\"Links inline\">La conversaci\u00f3n entre l\u00edderes fue<b>\u00a0\u201cfranca y muy \u00fatil\u201d,<\/b>\u00a0asegur\u00f3 Ushakov.<\/p>\n<p class=\"paragraph\" data-mrf-recirculation=\"Links inline\">Previamente, el ministro de Exteriores ruso,\u00a0<b>Sergu\u00e9i Lavrov<\/b>, reiter\u00f3 en conversaci\u00f3n telef\u00f3nica con su hom\u00f3logo iran\u00ed, Ab\u00e1s Araqch\u00ed, la condena rusa a los ataques israel\u00edes contra la<\/p>\n<p class=\"paragraph\" data-mrf-recirculation=\"Links inline\">Rep\u00fablica Isl\u00e1mica.<\/p>\n<p class=\"paragraph\" data-mrf-recirculation=\"Links inline\">Putin conden\u00f3 ayer el ataque israel\u00ed contra la c\u00fapula militar de Ir\u00e1n y sus instalaciones nucleares durante una conversaci\u00f3n telef\u00f3nica con el l\u00edder iran\u00ed,\u00a0<b>Masud Pezeshkian.<\/b><\/p>\n<p class=\"paragraph\" data-mrf-recirculation=\"Links inline\">En otra conversaci\u00f3n con el primer ministro israel\u00ed,\u00a0<b>Benjam\u00edn Netanyahu, abog\u00f3 por \u201cregresar al proceso negociador y a la soluci\u00f3n de todos los asuntos relacionados con el <\/b><\/p>\n<p class=\"paragraph\" data-mrf-recirculation=\"Links inline\"><b>programa nuclear iran\u00ed<\/b>\u00a0exclusivamente por medios pol\u00edtico-diplom\u00e1ticos\u201d.<\/p>\n<p class=\"paragraph\" data-mrf-recirculation=\"Links inline\">Fue la cuarta conversaci\u00f3n telef\u00f3nica entre ambos l\u00edderes en el marco de los esfuerzos por restablecer las relaciones desde que Trump asumi\u00f3 el cargo, lo que supone un cambio radical<\/p>\n<p class=\"paragraph\" data-mrf-recirculation=\"Links inline\">respecto al enfoque de la administraci\u00f3n de su predecesor, Joe Biden.<\/p>\n<p class=\"paragraph\" data-mrf-recirculation=\"Links inline\">El presidente ruso afirm\u00f3 que Mosc\u00fa estaba dispuesta a mediar entre Israel e Ir\u00e1n, a\u00f1adi\u00f3.<\/p>\n<p class=\"paragraph\" data-mrf-recirculation=\"Links inline\">Se indic\u00f3 que Putin tambi\u00e9n inform\u00f3 a Trump sobre la \u201cimplementaci\u00f3n de los acuerdos alcanzados en la reuni\u00f3n entre las delegaciones rusa y ucraniana en Estambul el 2 de junio\u201d.<\/p>\n<div class=\"undefined ad-wrapper\">\n<div class=\"dfpAd \">\n<div id=\"america\/mundo\/nota\/undefined\" class=\"america\/mundo\/nota\/undefined arcad\"><\/div>\n<\/div>\n<\/div>\n<p class=\"paragraph\" data-mrf-recirculation=\"Links inline\">El l\u00edder ruso comunic\u00f3 a su hom\u00f3logo estadounidense que Rusia estaba dispuesta a continuar las negociaciones con Ucrania despu\u00e9s del 22 de junio, mientras que Trump lo reconoci\u00f3<\/p>\n<p class=\"paragraph\" data-mrf-recirculation=\"Links inline\">y reiter\u00f3 su inter\u00e9s en la r\u00e1pida resoluci\u00f3n del conflicto ruso-ucraniano, a\u00f1adi\u00f3 el Kremlin<strong>.(I)<\/strong><\/p>\n<p class=\"paragraph\" data-mrf-recirculation=\"Links inline\"><strong><i>(Con informaci\u00f3n de agencias)<\/i><\/strong><\/p>\n<p data-mrf-recirculation=\"Links inline\"><strong>Fuente<\/strong>: evafm.net &#8211; infobae.com<\/p>\n<div class=\"gsp_post_data\" \r\n\t            data-post_type=\"post\" \r\n\t            data-cat=\"general,noticias-internacionales,uncategorized\" \r\n\t            data-modified=\"120\"\r\n\t            data-created=\"1749917680\"\r\n\t            data-title=\"Vladimir Putin y Donald Trump dialogaron sobre conflicto en Medio Oriente y la guerra en Ucrania\" \r\n\t            data-home=\"https:\/\/www.evafm.net\/sitio\"><\/div>","protected":false},"excerpt":{"rendered":"<p>Vladimir Putin\u00a0y\u00a0Donald Trump\u00a0dialogaron este s\u00e1bado por tel\u00e9fono sobre el conflicto entre Israel e Ir\u00e1n y los esfuerzos para alcanzar un acuerdo en torno a la guerra en Ucrania. \u201cLa peligrosa escalada en Oriente Medio\u00a0estuvo, por supuesto, en el centro de la conversaci\u00f3n\u201d, afirmaron las agencias, que citaron al Kremlin. Adem\u00e1s, Putin inform\u00f3 a Trump sobre&#8230;<\/p>\n","protected":false},"author":5,"featured_media":90149,"comment_status":"closed","ping_status":"open","sticky":false,"template":"","format":"standard","meta":{"_joinchat":[],"footnotes":""},"categories":[1720,1345,1],"tags":[],"class_list":["post-90131","post","type-post","status-publish","format-standard","has-post-thumbnail","hentry","category-general","category-noticias-internacionales","category-uncategorized","have-post-thumb"],"_links":{"self":[{"href":"https:\/\/www.evafm.net\/sitio\/wp-json\/wp\/v2\/posts\/90131","targetHints":{"allow":["GET"]}}],"collection":[{"href":"https:\/\/www.evafm.net\/sitio\/wp-json\/wp\/v2\/posts"}],"about":[{"href":"https:\/\/www.evafm.net\/sitio\/wp-json\/wp\/v2\/types\/post"}],"author":[{"embeddable":true,"href":"https:\/\/www.evafm.net\/sitio\/wp-json\/wp\/v2\/users\/5"}],"replies":[{"embeddable":true,"href":"https:\/\/www.evafm.net\/sitio\/wp-json\/wp\/v2\/comments?post=90131"}],"version-history":[{"count":1,"href":"https:\/\/www.evafm.net\/sitio\/wp-json\/wp\/v2\/posts\/90131\/revisions"}],"predecessor-version":[{"id":90150,"href":"https:\/\/www.evafm.net\/sitio\/wp-json\/wp\/v2\/posts\/90131\/revisions\/90150"}],"wp:featuredmedia":[{"embeddable":true,"href":"https:\/\/www.evafm.net\/sitio\/wp-json\/wp\/v2\/media\/90149"}],"wp:attachment":[{"href":"https:\/\/www.evafm.net\/sitio\/wp-json\/wp\/v2\/media?parent=90131"}],"wp:term":[{"taxonomy":"category","embeddable":true,"href":"https:\/\/www.evafm.net\/sitio\/wp-json\/wp\/v2\/categories?post=90131"},{"taxonomy":"post_tag","embeddable":true,"href":"https:\/\/www.evafm.net\/sitio\/wp-json\/wp\/v2\/tags?post=90131"}],"curies":[{"name":"wp","href":"https:\/\/api.w.org\/{rel}","templated":true}]}}