{"id":90457,"date":"2025-06-23T12:26:13","date_gmt":"2025-06-23T17:26:13","guid":{"rendered":"https:\/\/www.evafm.net\/sitio\/?p=90457"},"modified":"2025-06-23T12:26:13","modified_gmt":"2025-06-23T17:26:13","slug":"jesus-trindade-volvera-a-penarol","status":"publish","type":"post","link":"https:\/\/www.evafm.net\/sitio\/jesus-trindade-volvera-a-penarol\/","title":{"rendered":"Jes\u00fas Trindade volver\u00e1 a Pe\u00f1arol"},"content":{"rendered":"<p><strong>Pe\u00f1aro<\/strong>l confirm\u00f3 el retorno del mediocampista uruguayo Jes\u00fas Trindade como nuevo refuerzo, seg\u00fan inform\u00f3 el periodista C\u00e9sar Luis Merlo en sus redes sociales. Trindade, de 31 a\u00f1os, rescindi\u00f3 de com\u00fan acuerdo su contrato con Barcelona Sporting Club de Ecuador, tal como lo hab\u00eda adelantado el colega Jos\u00e9 Carlos Crespo, y vuelve al \u00abManya\u00bb para reforzar el mediocampo aurinegro.<\/p>\n<p>&nbsp;<\/p>\n<p>Durante su paso por Barcelona SC, Trindade jug\u00f3 desde julio de 2023 hasta junio de 2025, acumulando un total de 14 partidos durante la temporada 2025.<\/p>\n<p>En este per\u00edodo, particip\u00f3 en 9 de los 17 posibles encuentros de la LigaPro Serie A y en 5 partidos de la Copa Libertadores, sin lograr consolidarse como titular habitual.<\/p>\n<p>Su \u00faltima aparici\u00f3n fue ante Liga de Quito donde jug\u00f3 19 minutos.<\/p>\n<p>Adem\u00e1s, entre febrero y marzo de 2025, estuvo un mes de baja por una rotura fibrilar en el cu\u00e1driceps.<\/p>\n<p>&nbsp;<\/p>\n<p>El acuerdo por el salario de Trindade con Pe\u00f1arol ya est\u00e1 cerrado, aunque resta definir la duraci\u00f3n de su contrato.<\/p>\n<p>Los hinchas carboneros esperan que el volante, quien ya defendi\u00f3 los colores del club entre 2019 y 2021, aporte su experiencia y calidad al equipo.<\/p>\n<p>M\u00e1s detalles sobre la incorporaci\u00f3n se conocer\u00e1n en las pr\u00f3ximas horas, a medida que se ultimen los t\u00e9rminos del v\u00ednculo contractual.<\/p>\n<p>Pe\u00f1arol contin\u00faa reforz\u00e1ndose para los desaf\u00edos de la temporada. <strong>(D)<\/strong><\/p>\n<div class=\"css-1dbjc4n r-18u37iz r-kzbkwu\">\n<div class=\"css-1dbjc4n r-1ny4l3l\">\n<div class=\"css-1dbjc4n r-1adg3ll r-bztko3\" data-testid=\"UserAvatar-Container-CLMerlo\">\n<div class=\"r-1p0dtai r-1pi2tsx r-1d2f490 r-u8s1d r-ipm5af r-13qz1uu\">\n<div class=\"css-1dbjc4n r-1adg3ll r-1pi2tsx r-1wyvozj r-bztko3 r-u8s1d r-1v2oles r-desppf r-13qz1uu\">\n<div class=\"r-1p0dtai r-1pi2tsx r-1d2f490 r-u8s1d r-ipm5af r-13qz1uu\">\n<div class=\"css-1dbjc4n r-sdzlij r-ggadg3 r-1udh08x r-u8s1d r-8jfcpp\">\n<div class=\"css-1dbjc4n r-14lw9ot r-sdzlij r-1wyvozj r-1udh08x r-633pao r-u8s1d r-1v2oles r-desppf\">\n<div class=\"css-1dbjc4n r-1adg3ll r-1udh08x\">\n<div class=\"r-1adg3ll r-13qz1uu\"><\/div>\n<div class=\"r-1p0dtai r-1pi2tsx r-1d2f490 r-u8s1d r-ipm5af r-13qz1uu\">\n<div class=\"css-1dbjc4n r-1p0dtai r-1mlwlqe r-1d2f490 r-1udh08x r-u8s1d r-zchlnj r-ipm5af r-417010\" aria-label=\"\">\n<div class=\"css-1dbjc4n r-1niwhzg r-vvn4in r-u6sd8q r-4gszlv r-1p0dtai r-1pi2tsx r-1d2f490 r-u8s1d r-zchlnj r-ipm5af r-13qz1uu r-1wyyakw\"><\/div>\n<p><img decoding=\"async\" class=\"css-9pa8cd\" src=\"https:\/\/pbs.twimg.com\/profile_images\/1882910948924469248\/lF6M411y_normal.jpg\" alt=\"\" \/><\/div>\n<\/div>\n<\/div>\n<\/div>\n<div class=\"css-1dbjc4n r-sdzlij r-1wyvozj r-1udh08x r-u8s1d r-1v2oles r-desppf\">\n<div class=\"css-1dbjc4n r-12181gd r-1pi2tsx r-1ny4l3l r-o7ynqc r-6416eg r-13qz1uu\"><\/div>\n<\/div>\n<\/div>\n<\/div>\n<\/div>\n<\/div>\n<\/div>\n<\/div>\n<div class=\"css-1dbjc4n r-eqz5dr r-1777fci r-4amgru r-1kh6xel\">\n<div class=\"css-1dbjc4n r-1ny4l3l\">\n<div class=\"css-1dbjc4n r-1wbh5a2 r-dnmrzs r-1ny4l3l\">\n<div class=\"css-1dbjc4n r-1wbh5a2 r-dnmrzs r-1ny4l3l\">\n<div class=\"css-1dbjc4n r-1awozwy r-18u37iz r-dnmrzs\">\n<div class=\"css-901oao r-1awozwy r-18jsvk2 r-6koalj r-1qd0xha r-a023e6 r-b88u0q r-rjixqe r-bcqeeo r-1udh08x r-3s2u2q r-qvutc0\" dir=\"auto\"><strong><span class=\"css-901oao css-16my406 css-1hf3ou5 r-poiln3 r-bcqeeo r-qvutc0\"><span class=\"css-901oao css-16my406 r-poiln3 r-bcqeeo r-qvutc0\">C\u00e9sar Luis Merlo<\/span><\/span><\/strong><\/div>\n<div class=\"css-901oao r-18jsvk2 r-xoduu5 r-18u37iz r-1q142lx r-1qd0xha r-a023e6 r-16dba41 r-rjixqe r-bcqeeo r-qvutc0\" dir=\"auto\"><\/div>\n<\/div>\n<div class=\"css-1dbjc4n r-1awozwy r-18u37iz r-1wbh5a2\">\n<div class=\"css-1dbjc4n\">\n<div class=\"css-901oao css-1hf3ou5 r-14j79pv r-18u37iz r-1qd0xha r-1wvb978 r-a023e6 r-16dba41 r-rjixqe r-bcqeeo r-qvutc0\" dir=\"ltr\"><strong><span class=\"css-901oao css-16my406 r-poiln3 r-bcqeeo r-qvutc0\">@CLMerlo<\/span><\/strong><\/div>\n<\/div>\n<div class=\"css-1dbjc4n r-18u37iz r-1q142lx\">\n<div class=\"css-901oao r-14j79pv r-1q142lx r-1qd0xha r-a023e6 r-16dba41 r-rjixqe r-bcqeeo r-s1qlax r-qvutc0\" dir=\"auto\" aria-hidden=\"true\"><\/div>\n<\/div>\n<\/div>\n<\/div>\n<\/div>\n<\/div>\n<\/div>\n<\/div>\n<div class=\"css-1dbjc4n\">\n<div class=\"css-901oao r-18jsvk2 r-1dqbpge r-1qd0xha r-adyw6z r-16dba41 r-135wba7 r-bcqeeo r-bnwqim r-qvutc0\" dir=\"auto\" lang=\"es\" data-testid=\"tweetText\"><span class=\"css-901oao css-16my406 r-poiln3 r-bcqeeo r-qvutc0\">Jes\u00fas Trindade es nuevo refuerzo de Pe\u00f1arol. <\/span><\/div>\n<div class=\"css-901oao r-18jsvk2 r-1dqbpge r-1qd0xha r-adyw6z r-16dba41 r-135wba7 r-bcqeeo r-bnwqim r-qvutc0\" dir=\"auto\" lang=\"es\" data-testid=\"tweetText\"><span class=\"css-901oao css-16my406 r-poiln3 r-bcqeeo r-qvutc0\">El mediocampista rescinde de com\u00fan acuerdo con Barcelona y vuelve al Manya. <\/span><\/div>\n<div class=\"css-901oao r-18jsvk2 r-1dqbpge r-1qd0xha r-adyw6z r-16dba41 r-135wba7 r-bcqeeo r-bnwqim r-qvutc0\" dir=\"auto\" lang=\"es\" data-testid=\"tweetText\"><span class=\"css-901oao css-16my406 r-poiln3 r-bcqeeo r-qvutc0\">El salario ya est\u00e1 <\/span><span class=\"css-901oao css-16my406 r-poiln3 r-bcqeeo r-qvutc0\"> y resta definir la duraci\u00f3n de su contrato.<\/span><\/div>\n<\/div>\n<div dir=\"auto\" lang=\"es\" data-testid=\"tweetText\"><\/div>\n<div dir=\"auto\" lang=\"es\" data-testid=\"tweetText\"><\/div>\n<div dir=\"auto\" lang=\"es\" data-testid=\"tweetText\"><img decoding=\"async\" src=\"https:\/\/pbs.twimg.com\/media\/GuF5f00W4AAbrx6?format=jpg&amp;name=small\" alt=\"Image\" \/><\/div>\n<p>&nbsp;<\/p>\n<p><strong>Fuente:<\/strong> evafm.net &#8211; studiofutbol.com.ec<\/p>\n<div class=\"gsp_post_data\" \r\n\t            data-post_type=\"post\" \r\n\t            data-cat=\"deportes-ecuador\" \r\n\t            data-modified=\"120\"\r\n\t            data-created=\"1750681573\"\r\n\t            data-title=\"Jes\u00fas Trindade volver\u00e1 a Pe\u00f1arol\" \r\n\t            data-home=\"https:\/\/www.evafm.net\/sitio\"><\/div>","protected":false},"excerpt":{"rendered":"<p>Pe\u00f1arol confirm\u00f3 el retorno del mediocampista uruguayo Jes\u00fas Trindade como nuevo refuerzo, seg\u00fan inform\u00f3 el periodista C\u00e9sar Luis Merlo en sus redes sociales. Trindade, de 31 a\u00f1os, rescindi\u00f3 de com\u00fan acuerdo su contrato con Barcelona Sporting Club de Ecuador, tal como lo hab\u00eda adelantado el colega Jos\u00e9 Carlos Crespo, y vuelve al \u00abManya\u00bb para reforzar&#8230;<\/p>\n","protected":false},"author":5,"featured_media":90458,"comment_status":"closed","ping_status":"open","sticky":false,"template":"","format":"standard","meta":{"_joinchat":[],"footnotes":""},"categories":[1557],"tags":[],"class_list":["post-90457","post","type-post","status-publish","format-standard","has-post-thumbnail","hentry","category-deportes-ecuador","have-post-thumb"],"_links":{"self":[{"href":"https:\/\/www.evafm.net\/sitio\/wp-json\/wp\/v2\/posts\/90457","targetHints":{"allow":["GET"]}}],"collection":[{"href":"https:\/\/www.evafm.net\/sitio\/wp-json\/wp\/v2\/posts"}],"about":[{"href":"https:\/\/www.evafm.net\/sitio\/wp-json\/wp\/v2\/types\/post"}],"author":[{"embeddable":true,"href":"https:\/\/www.evafm.net\/sitio\/wp-json\/wp\/v2\/users\/5"}],"replies":[{"embeddable":true,"href":"https:\/\/www.evafm.net\/sitio\/wp-json\/wp\/v2\/comments?post=90457"}],"version-history":[{"count":1,"href":"https:\/\/www.evafm.net\/sitio\/wp-json\/wp\/v2\/posts\/90457\/revisions"}],"predecessor-version":[{"id":90459,"href":"https:\/\/www.evafm.net\/sitio\/wp-json\/wp\/v2\/posts\/90457\/revisions\/90459"}],"wp:featuredmedia":[{"embeddable":true,"href":"https:\/\/www.evafm.net\/sitio\/wp-json\/wp\/v2\/media\/90458"}],"wp:attachment":[{"href":"https:\/\/www.evafm.net\/sitio\/wp-json\/wp\/v2\/media?parent=90457"}],"wp:term":[{"taxonomy":"category","embeddable":true,"href":"https:\/\/www.evafm.net\/sitio\/wp-json\/wp\/v2\/categories?post=90457"},{"taxonomy":"post_tag","embeddable":true,"href":"https:\/\/www.evafm.net\/sitio\/wp-json\/wp\/v2\/tags?post=90457"}],"curies":[{"name":"wp","href":"https:\/\/api.w.org\/{rel}","templated":true}]}}