{"id":90460,"date":"2025-06-23T12:32:26","date_gmt":"2025-06-23T17:32:26","guid":{"rendered":"https:\/\/www.evafm.net\/sitio\/?p=90460"},"modified":"2025-06-23T12:32:26","modified_gmt":"2025-06-23T17:32:26","slug":"ever-hugo-almeida-renuncio-a-su-cargo-como-director-tecnico-de-mushuc-runa","status":"publish","type":"post","link":"https:\/\/www.evafm.net\/sitio\/ever-hugo-almeida-renuncio-a-su-cargo-como-director-tecnico-de-mushuc-runa\/","title":{"rendered":"Ever Hugo Almeida renunci\u00f3 a su cargo como director t\u00e9cnico de Mushuc Runa"},"content":{"rendered":"<p>Despu\u00e9s de la dura\u00a0<a href=\"https:\/\/www.ecuavisa.com\/deportes\/futbol-nacional\/envivo-mushuc-runa-barcelonasc-fecha17-resultado-liga-ecuabet-FH9548337\" data-mrf-link=\"https:\/\/www.ecuavisa.com\/deportes\/futbol-nacional\/envivo-mushuc-runa-barcelonasc-fecha17-resultado-liga-ecuabet-FH9548337\">derrota ante Barcelona SC\u00a0<\/a>por la jornada 17 de la Liga Ecuabet,\u00a0<b>Ever Hugo Almeida<\/b>\u00a0renunci\u00f3 a su cargo como director t\u00e9cnico de <strong>Mushuc Runa.<\/strong><\/p>\n<p><b>Barcelona SC gole\u00f3 5-0 a Mushuc Runa en el estadio Ol\u00edmpico de Riobamba.<\/b><\/p>\n<p>Este hecho hizo que el estratega d\u00e9 un paso al costado, ya que el cuadro del ponchito es pen\u00faltimo de la tabla de posiciones.<\/p>\n<p>Si bien,\u00a0<b>Ever Hugo Almeida consigui\u00f3 una clasificaci\u00f3n hist\u00f3rica de Mushuc Runa<\/b>\u00a0a los octavos de final de la Copa Sudamericana con puntaje perfecto, el equipo<\/p>\n<p>vive otra realidad en el torneo local.<\/p>\n<p>&nbsp;<\/p>\n<p>Esta situaci\u00f3n preocupa a los dirigentes de este equipo, p<b>uesto que podr\u00edan disputar el cuadrangular de descenso\u00a0<\/b>y no se estar\u00eda cumpliendo el objetivo planteado<\/p>\n<p>para esta temporada, jugar Copa Libertadores.<strong>(D)<\/strong><\/p>\n<p>&nbsp;<\/p>\n<p><strong>Fuente:<\/strong> evafm.net &#8211; ecuavisa.com<\/p>\n<div class=\"gsp_post_data\" \r\n\t            data-post_type=\"post\" \r\n\t            data-cat=\"deportes-ecuador\" \r\n\t            data-modified=\"120\"\r\n\t            data-created=\"1750681946\"\r\n\t            data-title=\"Ever Hugo Almeida renunci\u00f3 a su cargo como director t\u00e9cnico de Mushuc Runa\" \r\n\t            data-home=\"https:\/\/www.evafm.net\/sitio\"><\/div>","protected":false},"excerpt":{"rendered":"<p>Despu\u00e9s de la dura\u00a0derrota ante Barcelona SC\u00a0por la jornada 17 de la Liga Ecuabet,\u00a0Ever Hugo Almeida\u00a0renunci\u00f3 a su cargo como director t\u00e9cnico de Mushuc Runa. Barcelona SC gole\u00f3 5-0 a Mushuc Runa en el estadio Ol\u00edmpico de Riobamba. Este hecho hizo que el estratega d\u00e9 un paso al costado, ya que el cuadro del ponchito&#8230;<\/p>\n","protected":false},"author":5,"featured_media":90461,"comment_status":"closed","ping_status":"open","sticky":false,"template":"","format":"standard","meta":{"_joinchat":[],"footnotes":""},"categories":[1557],"tags":[],"class_list":["post-90460","post","type-post","status-publish","format-standard","has-post-thumbnail","hentry","category-deportes-ecuador","have-post-thumb"],"_links":{"self":[{"href":"https:\/\/www.evafm.net\/sitio\/wp-json\/wp\/v2\/posts\/90460","targetHints":{"allow":["GET"]}}],"collection":[{"href":"https:\/\/www.evafm.net\/sitio\/wp-json\/wp\/v2\/posts"}],"about":[{"href":"https:\/\/www.evafm.net\/sitio\/wp-json\/wp\/v2\/types\/post"}],"author":[{"embeddable":true,"href":"https:\/\/www.evafm.net\/sitio\/wp-json\/wp\/v2\/users\/5"}],"replies":[{"embeddable":true,"href":"https:\/\/www.evafm.net\/sitio\/wp-json\/wp\/v2\/comments?post=90460"}],"version-history":[{"count":1,"href":"https:\/\/www.evafm.net\/sitio\/wp-json\/wp\/v2\/posts\/90460\/revisions"}],"predecessor-version":[{"id":90462,"href":"https:\/\/www.evafm.net\/sitio\/wp-json\/wp\/v2\/posts\/90460\/revisions\/90462"}],"wp:featuredmedia":[{"embeddable":true,"href":"https:\/\/www.evafm.net\/sitio\/wp-json\/wp\/v2\/media\/90461"}],"wp:attachment":[{"href":"https:\/\/www.evafm.net\/sitio\/wp-json\/wp\/v2\/media?parent=90460"}],"wp:term":[{"taxonomy":"category","embeddable":true,"href":"https:\/\/www.evafm.net\/sitio\/wp-json\/wp\/v2\/categories?post=90460"},{"taxonomy":"post_tag","embeddable":true,"href":"https:\/\/www.evafm.net\/sitio\/wp-json\/wp\/v2\/tags?post=90460"}],"curies":[{"name":"wp","href":"https:\/\/api.w.org\/{rel}","templated":true}]}}