{"id":90914,"date":"2025-07-04T15:48:39","date_gmt":"2025-07-04T20:48:39","guid":{"rendered":"https:\/\/www.evafm.net\/sitio\/?p=90914"},"modified":"2025-07-04T15:48:39","modified_gmt":"2025-07-04T20:48:39","slug":"xolos-de-tijuana-oficializo-la-contraccion-de-adonis-preciado","status":"publish","type":"post","link":"https:\/\/www.evafm.net\/sitio\/xolos-de-tijuana-oficializo-la-contraccion-de-adonis-preciado\/","title":{"rendered":"Xolos de Tijuana oficializo la contracci\u00f3n de Adonis Preciado"},"content":{"rendered":"<p>El extremo ecuatoriano <strong>Adonis Preciado<\/strong> fue anunciado oficialmente como nuevo jugador de los<strong> Xolos de Tijuana,<\/strong> aunque ya ven\u00eda entrenando con el plantel desde hace varias semanas.<\/p>\n<p>El exjugador de <strong>Barcelona SC <\/strong>cambia de camiseta en el f\u00fatbol mexicano tras un paso destacado por los <strong>Gallos Blancos de Quer\u00e9taro.<\/strong><\/p>\n<p>&nbsp;<\/p>\n<p>Este fichaje se confirma justo a una semana del inicio del torneo<strong> Apertura 2025 de la Liga MX,<\/strong> donde el destino ha querido que Preciado debute enfrentando precisamente a su exequipo, Quer\u00e9taro, en la jornada inaugural. El atacante tricolor buscar\u00e1 ser una pieza clave en el esquema ofensivo de los <strong>Xolos.<\/strong><\/p>\n<p>En su nuevo club, Preciado compartir\u00e1 vestuario con dos compatriotas:<strong> Jackson Porozo y Jhojan Julio,<\/strong> quienes se unieron a Tijuana a principios de a\u00f1o.<\/p>\n<p>Con esta base ecuatoriana, el conjunto fronterizo espera tener un arranque s\u00f3lido en el nuevo <strong>campeonato mexicano. (D)<\/strong><\/p>\n<div class=\"css-175oi2r r-18kxxzh r-1wron08 r-onrtq4 r-1awozwy\">\n<div class=\"css-175oi2r\" data-testid=\"Tweet-User-Avatar\">\n<div class=\"css-175oi2r r-18kxxzh r-1wbh5a2 r-13qz1uu\">\n<div class=\"css-175oi2r r-1wbh5a2 r-dnmrzs\">\n<div class=\"css-175oi2r r-bztko3 r-1adg3ll\" data-testid=\"UserAvatar-Container-Xolos\">\n<div class=\"r-1p0dtai r-1pi2tsx r-1d2f490 r-u8s1d r-ipm5af r-13qz1uu\">\n<div class=\"css-175oi2r r-1adg3ll r-1pi2tsx r-13qz1uu r-45ll9u r-u8s1d r-1v2oles r-176fswd r-bztko3\">\n<div class=\"r-1p0dtai r-1pi2tsx r-1d2f490 r-u8s1d r-ipm5af r-13qz1uu\">\n<div class=\"css-175oi2r r-sdzlij r-1udh08x r-5f1w11 r-u8s1d r-8jfcpp\">\n<div class=\"css-175oi2r r-sdzlij r-1udh08x r-633pao r-45ll9u r-u8s1d r-1v2oles r-176fswd\">\n<div class=\"css-175oi2r r-1pi2tsx r-13qz1uu r-14lw9ot\"><\/div>\n<\/div>\n<div class=\"css-175oi2r r-sdzlij r-1udh08x r-633pao r-45ll9u r-u8s1d r-1v2oles r-176fswd\">\n<div class=\"css-175oi2r r-1adg3ll r-1udh08x\">\n<div class=\"r-1adg3ll r-13qz1uu\"><\/div>\n<div class=\"r-1p0dtai r-1pi2tsx r-1d2f490 r-u8s1d r-ipm5af r-13qz1uu\">\n<div class=\"css-175oi2r r-1mlwlqe r-1udh08x r-417010 r-aqfbo4 r-agouwx r-1p0dtai r-1d2f490 r-u8s1d r-zchlnj r-ipm5af\">\n<div class=\"css-175oi2r r-1niwhzg r-vvn4in r-u6sd8q r-1p0dtai r-1pi2tsx r-1d2f490 r-u8s1d r-zchlnj r-ipm5af r-13qz1uu r-1wyyakw r-4gszlv\"><\/div>\n<p><img decoding=\"async\" class=\"css-9pa8cd\" src=\"https:\/\/pbs.twimg.com\/profile_images\/1810771966095413254\/Th8T1C3-_normal.jpg\" alt=\"\" \/><\/p>\n<\/div>\n<\/div>\n<\/div>\n<\/div>\n<div class=\"css-175oi2r r-sdzlij r-1udh08x r-45ll9u r-u8s1d r-1v2oles r-176fswd\">\n<div class=\"css-175oi2r r-12181gd r-1pi2tsx r-13qz1uu r-o7ynqc r-6416eg r-1ny4l3l\"><\/div>\n<\/div>\n<\/div>\n<\/div>\n<\/div>\n<\/div>\n<\/div>\n<\/div>\n<\/div>\n<\/div>\n<\/div>\n<div class=\"css-175oi2r r-1iusvr4 r-16y2uox r-1777fci r-kzbkwu\">\n<div class=\"css-175oi2r r-zl2h9q\">\n<div class=\"css-175oi2r r-k4xj1c r-18u37iz r-1wtj0ep\">\n<div class=\"css-175oi2r r-1d09ksm r-18u37iz r-1wbh5a2\">\n<div class=\"css-175oi2r r-1wbh5a2 r-dnmrzs r-1ny4l3l\">\n<div id=\"id__5pqexunh8ms\" class=\"css-175oi2r r-1wbh5a2 r-dnmrzs r-1ny4l3l r-1awozwy r-18u37iz\" data-testid=\"User-Name\">\n<div class=\"css-175oi2r r-1awozwy r-18u37iz r-1wbh5a2 r-dnmrzs\">\n<div class=\"css-175oi2r r-1wbh5a2 r-dnmrzs\">\n<div class=\"css-175oi2r r-1awozwy r-18u37iz r-1wbh5a2 r-dnmrzs\">\n<div class=\"css-146c3p1 r-bcqeeo r-1ttztb7 r-qvutc0 r-37j5jr r-a023e6 r-rjixqe r-b88u0q r-1awozwy r-6koalj r-1udh08x r-3s2u2q\" dir=\"ltr\"><strong><span class=\"css-1jxf684 r-dnmrzs r-1udh08x r-1udbk01 r-3s2u2q r-bcqeeo r-1ttztb7 r-qvutc0 r-poiln3\"><span class=\"css-1jxf684 r-bcqeeo r-1ttztb7 r-qvutc0 r-poiln3\">Xolos\u00a0<\/span><\/span><\/strong><\/div>\n<div class=\"css-146c3p1 r-bcqeeo r-1ttztb7 r-qvutc0 r-37j5jr r-a023e6 r-rjixqe r-16dba41 r-xoduu5 r-18u37iz r-1q142lx\" dir=\"ltr\"><\/div>\n<\/div>\n<\/div>\n<\/div>\n<div class=\"css-175oi2r r-18u37iz r-1wbh5a2 r-1ez5h0i\">\n<div class=\"css-175oi2r r-1d09ksm r-18u37iz r-1wbh5a2\">\n<div class=\"css-175oi2r r-1wbh5a2 r-dnmrzs\">\n<div class=\"css-146c3p1 r-dnmrzs r-1udh08x r-1udbk01 r-3s2u2q r-bcqeeo r-1ttztb7 r-qvutc0 r-37j5jr r-a023e6 r-rjixqe r-16dba41 r-18u37iz r-1wvb978\" dir=\"ltr\"><strong><span class=\"css-1jxf684 r-bcqeeo r-1ttztb7 r-qvutc0 r-poiln3\">@Xolos<\/span><\/strong><\/div>\n<\/div>\n<div class=\"css-146c3p1 r-bcqeeo r-1ttztb7 r-qvutc0 r-37j5jr r-a023e6 r-rjixqe r-16dba41 r-1q142lx r-n7gxbd\" dir=\"ltr\" aria-hidden=\"true\"><span class=\"css-1jxf684 r-bcqeeo r-1ttztb7 r-qvutc0 r-poiln3\">\u00b7<\/span><\/div>\n<\/div>\n<\/div>\n<\/div>\n<\/div>\n<\/div>\n<\/div>\n<\/div>\n<div class=\"css-175oi2r\">\n<div id=\"id__jb91diq6yac\" class=\"css-146c3p1 r-bcqeeo r-1ttztb7 r-qvutc0 r-37j5jr r-a023e6 r-rjixqe r-16dba41 r-bnwqim\" dir=\"auto\" lang=\"es\" data-testid=\"tweetText\"><span class=\"css-1jxf684 r-bcqeeo r-1ttztb7 r-qvutc0 r-poiln3\">\u00a1Explosivo, veloz y con garra sudamericana! De Guayaquil a la frontera, <\/span><\/div>\n<div class=\"css-146c3p1 r-bcqeeo r-1ttztb7 r-qvutc0 r-37j5jr r-a023e6 r-rjixqe r-16dba41 r-bnwqim\" dir=\"auto\" lang=\"es\" data-testid=\"tweetText\"><span class=\"css-1jxf684 r-bcqeeo r-1ttztb7 r-qvutc0 r-poiln3\">Adonis Preciado llega a encender el ataque. \u00a1Bienvenido a la jaur\u00eda!<\/span><\/div>\n<\/div>\n<\/div>\n<p><img decoding=\"async\" src=\"https:\/\/pbs.twimg.com\/media\/Gu-A-vMWEAAiNxl?format=jpg&amp;name=small\" alt=\"Imagen\" \/><\/p>\n<p>&nbsp;<\/p>\n<p><strong>Fuente:<\/strong> evafm.net &#8211;\u00a0 ecuavisa.com &#8211; studiofutbol.com.ec<\/p>\n<div class=\"gsp_post_data\" \r\n\t            data-post_type=\"post\" \r\n\t            data-cat=\"deportes-internacionales,general,uncategorized\" \r\n\t            data-modified=\"120\"\r\n\t            data-created=\"1751644119\"\r\n\t            data-title=\"Xolos de Tijuana oficializo la contracci\u00f3n de Adonis Preciado\" \r\n\t            data-home=\"https:\/\/www.evafm.net\/sitio\"><\/div>","protected":false},"excerpt":{"rendered":"<p>El extremo ecuatoriano Adonis Preciado fue anunciado oficialmente como nuevo jugador de los Xolos de Tijuana, aunque ya ven\u00eda entrenando con el plantel desde hace varias semanas. El exjugador de Barcelona SC cambia de camiseta en el f\u00fatbol mexicano tras un paso destacado por los Gallos Blancos de Quer\u00e9taro. &nbsp; Este fichaje se confirma justo&#8230;<\/p>\n","protected":false},"author":5,"featured_media":90924,"comment_status":"closed","ping_status":"open","sticky":false,"template":"","format":"standard","meta":{"_joinchat":[],"footnotes":""},"categories":[1342,1720,1],"tags":[],"class_list":["post-90914","post","type-post","status-publish","format-standard","has-post-thumbnail","hentry","category-deportes-internacionales","category-general","category-uncategorized","have-post-thumb"],"_links":{"self":[{"href":"https:\/\/www.evafm.net\/sitio\/wp-json\/wp\/v2\/posts\/90914","targetHints":{"allow":["GET"]}}],"collection":[{"href":"https:\/\/www.evafm.net\/sitio\/wp-json\/wp\/v2\/posts"}],"about":[{"href":"https:\/\/www.evafm.net\/sitio\/wp-json\/wp\/v2\/types\/post"}],"author":[{"embeddable":true,"href":"https:\/\/www.evafm.net\/sitio\/wp-json\/wp\/v2\/users\/5"}],"replies":[{"embeddable":true,"href":"https:\/\/www.evafm.net\/sitio\/wp-json\/wp\/v2\/comments?post=90914"}],"version-history":[{"count":1,"href":"https:\/\/www.evafm.net\/sitio\/wp-json\/wp\/v2\/posts\/90914\/revisions"}],"predecessor-version":[{"id":90925,"href":"https:\/\/www.evafm.net\/sitio\/wp-json\/wp\/v2\/posts\/90914\/revisions\/90925"}],"wp:featuredmedia":[{"embeddable":true,"href":"https:\/\/www.evafm.net\/sitio\/wp-json\/wp\/v2\/media\/90924"}],"wp:attachment":[{"href":"https:\/\/www.evafm.net\/sitio\/wp-json\/wp\/v2\/media?parent=90914"}],"wp:term":[{"taxonomy":"category","embeddable":true,"href":"https:\/\/www.evafm.net\/sitio\/wp-json\/wp\/v2\/categories?post=90914"},{"taxonomy":"post_tag","embeddable":true,"href":"https:\/\/www.evafm.net\/sitio\/wp-json\/wp\/v2\/tags?post=90914"}],"curies":[{"name":"wp","href":"https:\/\/api.w.org\/{rel}","templated":true}]}}