{"id":90926,"date":"2025-07-04T15:58:17","date_gmt":"2025-07-04T20:58:17","guid":{"rendered":"https:\/\/www.evafm.net\/sitio\/?p=90926"},"modified":"2025-07-04T15:58:17","modified_gmt":"2025-07-04T20:58:17","slug":"gian-franco-allala-esta-hospitalizado-por-un-cuadro-de-neumonia","status":"publish","type":"post","link":"https:\/\/www.evafm.net\/sitio\/gian-franco-allala-esta-hospitalizado-por-un-cuadro-de-neumonia\/","title":{"rendered":"Gian Franco Allala est\u00e1 hospitalizado por un cuadro de neumon\u00eda"},"content":{"rendered":"<p><a href=\"https:\/\/www.ecuavisa.com\/metadatos\/-\/meta\/liga-de-quito\" target=\"_blank\" rel=\"noopener noreferrer\" data-mrf-link=\"https:\/\/www.ecuavisa.com\/metadatos\/-\/meta\/liga-de-quito\">Liga de Quito<\/a>\u00a0tendr\u00e1 una baja sensible para la pr\u00f3xima fecha de la Liga Ecuabet por una\u00a0<b>hospitalizaci\u00f3n de\u00a0<a href=\"https:\/\/www.ecuavisa.com\/metadatos\/-\/meta\/gian-allala\" target=\"_blank\" rel=\"noopener noreferrer\" data-mrf-link=\"https:\/\/www.ecuavisa.com\/metadatos\/-\/meta\/gian-allala\">Gian Franco Allala<\/a><\/b>, confirm\u00f3 el director deportivo del club,<strong> Eduardo \u00c1lvarez.<\/strong><\/p>\n<p>Explic\u00f3 que el defensor uruguayo fue<b>\u00a0llevado al hospital por un problema en sus pulmones<\/b>\u00a0que a\u00fan no logran resolver.<\/p>\n<p>\u00abGian Franco<b>\u00a0Allala est\u00e1 con un cuadro de neumon\u00eda por un virus que a\u00fan no se logra detectar.<\/b><\/p>\n<p>Por ahora, \u00e9l est\u00e1 estable y esperamos su pronta recuperaci\u00f3n para que se sume al plantel\u201d, aclar\u00f3<strong> \u00c1lvarez a MachDeportes.<\/strong><\/p>\n<p>&nbsp;<\/p>\n<p>Sin embargo, a pesar del problema de salud del defensor, el dirigente dijo que\u00a0<b>\u00abesperemos contar para este fin de semana, pero est\u00e1 controlado\u00bb.<\/b><\/p>\n<p>Adem\u00e1s, \u00c1lvarez mencion\u00f3 que\u00a0<b>Allala a\u00fan tiene dos a\u00f1os m\u00e1s de contrato con Liga de Quito<\/b>; sin embargo,\u00a0<a href=\"https:\/\/www.ecuavisa.com\/deportes\/futbol-nacional\/gian-franco-allala-salir-liga-de-quito-mitad-temporada-2025-KJ9391851\" target=\"_blank\" rel=\"noopener noreferrer\" data-mrf-link=\"https:\/\/www.ecuavisa.com\/deportes\/futbol-nacional\/gian-franco-allala-salir-liga-de-quito-mitad-temporada-2025-KJ9391851\">no han recibido ninguna oferta formal<\/a>\u00a0de otro club para su venta.<\/p>\n<p>El pr\u00f3ximo partido de Liga de Quito ser\u00e1 ante Delfin SC<b>\u00a0este domingo 6 de julio, a las 18:00,<\/b>\u00a0por la transmisi\u00f3n de Zapping.<\/p>\n<p>En esta temporada, el\u00a0<b>defensor de 28 a\u00f1os jug\u00f3 23 partidos disputados\u00a0<\/b>con los albos, despu\u00e9s de firmar en la mitad del 2024<strong>. (D)<\/strong><\/p>\n<p>&nbsp;<\/p>\n<p><strong>Fuente<\/strong>: evafm.net &#8211; ecuavisa.com<\/p>\n<div class=\"gsp_post_data\" \r\n\t            data-post_type=\"post\" \r\n\t            data-cat=\"deportes-ecuador\" \r\n\t            data-modified=\"120\"\r\n\t            data-created=\"1751644697\"\r\n\t            data-title=\"Gian Franco Allala est\u00e1 hospitalizado por un cuadro de neumon\u00eda\" \r\n\t            data-home=\"https:\/\/www.evafm.net\/sitio\"><\/div>","protected":false},"excerpt":{"rendered":"<p>Liga de Quito\u00a0tendr\u00e1 una baja sensible para la pr\u00f3xima fecha de la Liga Ecuabet por una\u00a0hospitalizaci\u00f3n de\u00a0Gian Franco Allala, confirm\u00f3 el director deportivo del club, Eduardo \u00c1lvarez. Explic\u00f3 que el defensor uruguayo fue\u00a0llevado al hospital por un problema en sus pulmones\u00a0que a\u00fan no logran resolver. \u00abGian Franco\u00a0Allala est\u00e1 con un cuadro de neumon\u00eda por un&#8230;<\/p>\n","protected":false},"author":5,"featured_media":90927,"comment_status":"closed","ping_status":"open","sticky":false,"template":"","format":"standard","meta":{"_joinchat":[],"footnotes":""},"categories":[1557],"tags":[],"class_list":["post-90926","post","type-post","status-publish","format-standard","has-post-thumbnail","hentry","category-deportes-ecuador","have-post-thumb"],"_links":{"self":[{"href":"https:\/\/www.evafm.net\/sitio\/wp-json\/wp\/v2\/posts\/90926","targetHints":{"allow":["GET"]}}],"collection":[{"href":"https:\/\/www.evafm.net\/sitio\/wp-json\/wp\/v2\/posts"}],"about":[{"href":"https:\/\/www.evafm.net\/sitio\/wp-json\/wp\/v2\/types\/post"}],"author":[{"embeddable":true,"href":"https:\/\/www.evafm.net\/sitio\/wp-json\/wp\/v2\/users\/5"}],"replies":[{"embeddable":true,"href":"https:\/\/www.evafm.net\/sitio\/wp-json\/wp\/v2\/comments?post=90926"}],"version-history":[{"count":1,"href":"https:\/\/www.evafm.net\/sitio\/wp-json\/wp\/v2\/posts\/90926\/revisions"}],"predecessor-version":[{"id":90928,"href":"https:\/\/www.evafm.net\/sitio\/wp-json\/wp\/v2\/posts\/90926\/revisions\/90928"}],"wp:featuredmedia":[{"embeddable":true,"href":"https:\/\/www.evafm.net\/sitio\/wp-json\/wp\/v2\/media\/90927"}],"wp:attachment":[{"href":"https:\/\/www.evafm.net\/sitio\/wp-json\/wp\/v2\/media?parent=90926"}],"wp:term":[{"taxonomy":"category","embeddable":true,"href":"https:\/\/www.evafm.net\/sitio\/wp-json\/wp\/v2\/categories?post=90926"},{"taxonomy":"post_tag","embeddable":true,"href":"https:\/\/www.evafm.net\/sitio\/wp-json\/wp\/v2\/tags?post=90926"}],"curies":[{"name":"wp","href":"https:\/\/api.w.org\/{rel}","templated":true}]}}