{"id":90929,"date":"2025-07-04T16:07:59","date_gmt":"2025-07-04T21:07:59","guid":{"rendered":"https:\/\/www.evafm.net\/sitio\/?p=90929"},"modified":"2025-07-04T16:07:59","modified_gmt":"2025-07-04T21:07:59","slug":"orense-sc-oficializo-a-michael-bermudez","status":"publish","type":"post","link":"https:\/\/www.evafm.net\/sitio\/orense-sc-oficializo-a-michael-bermudez\/","title":{"rendered":"Orense SC oficializo a Michael Berm\u00fadez"},"content":{"rendered":"<p><strong> Orense SC<\/strong> anunci\u00f3 de manera oficial la incorporaci\u00f3n del joven delantero ecuatoriano<strong> Michael Berm\u00fadez,<\/strong> quien llega procedente de<strong> Liga Deportiva Universitaria de Quito<\/strong>.<\/p>\n<p>El club machale\u00f1o suma as\u00ed un nuevo refuerzo ofensivo de cara a la <strong>segunda etapa de la temporada 2025.<\/strong><\/p>\n<p>Berm\u00fadez se une al plantel en condici\u00f3n de pr\u00e9stamo por seis meses, con <strong>opci\u00f3n a compra. <\/strong><\/p>\n<p>La promesa tricolor buscar\u00e1 sumar minutos y aportar con su talento en el frente de ataque, en una nueva etapa que representa un reto importante en su desarrollo profesional<strong>. (D)<\/strong><\/p>\n<p>&nbsp;<\/p>\n<div class=\"css-175oi2r r-18kxxzh r-1wron08 r-onrtq4 r-1awozwy\">\n<div class=\"css-175oi2r r-1bimlpy r-f8sm7e r-m5arl1 r-16y2uox r-14gqq1x\"><\/div>\n<\/div>\n<div class=\"css-175oi2r r-1iusvr4 r-16y2uox r-1777fci r-kzbkwu\">\n<div class=\"css-175oi2r r-zl2h9q\">\n<div class=\"css-175oi2r r-k4xj1c r-18u37iz r-1wtj0ep\">\n<div class=\"css-175oi2r r-1d09ksm r-18u37iz r-1wbh5a2\">\n<div class=\"css-175oi2r r-1wbh5a2 r-dnmrzs r-1ny4l3l\">\n<div id=\"id__wzukrhf2rp\" class=\"css-175oi2r r-1wbh5a2 r-dnmrzs r-1ny4l3l r-1awozwy r-18u37iz\" data-testid=\"User-Name\">\n<div class=\"css-175oi2r r-1awozwy r-18u37iz r-1wbh5a2 r-dnmrzs\">\n<div class=\"css-175oi2r r-1wbh5a2 r-dnmrzs\">\n<div class=\"css-175oi2r r-1awozwy r-18u37iz r-1wbh5a2 r-dnmrzs\">\n<div class=\"css-146c3p1 r-bcqeeo r-1ttztb7 r-qvutc0 r-37j5jr r-a023e6 r-rjixqe r-b88u0q r-1awozwy r-6koalj r-1udh08x r-3s2u2q r-1ddef8g\" dir=\"ltr\"><strong><span class=\"css-1jxf684 r-dnmrzs r-1udh08x r-1udbk01 r-3s2u2q r-bcqeeo r-1ttztb7 r-qvutc0 r-poiln3\"><span class=\"css-1jxf684 r-bcqeeo r-1ttztb7 r-qvutc0 r-poiln3\">Orense Sporting Club<\/span><\/span><\/strong><\/div>\n<div class=\"css-146c3p1 r-bcqeeo r-1ttztb7 r-qvutc0 r-37j5jr r-a023e6 r-rjixqe r-16dba41 r-xoduu5 r-18u37iz r-1q142lx\" dir=\"ltr\"><\/div>\n<\/div>\n<\/div>\n<\/div>\n<div class=\"css-175oi2r r-18u37iz r-1wbh5a2 r-1ez5h0i\">\n<div class=\"css-175oi2r r-1d09ksm r-18u37iz r-1wbh5a2\">\n<div class=\"css-175oi2r r-1wbh5a2 r-dnmrzs\">\n<div class=\"css-146c3p1 r-dnmrzs r-1udh08x r-1udbk01 r-3s2u2q r-bcqeeo r-1ttztb7 r-qvutc0 r-37j5jr r-a023e6 r-rjixqe r-16dba41 r-18u37iz r-1wvb978\" dir=\"ltr\"><strong><span class=\"css-1jxf684 r-bcqeeo r-1ttztb7 r-qvutc0 r-poiln3\">@Orense_SC<\/span><\/strong><\/div>\n<\/div>\n<div class=\"css-146c3p1 r-bcqeeo r-1ttztb7 r-qvutc0 r-37j5jr r-a023e6 r-rjixqe r-16dba41 r-1q142lx r-n7gxbd\" dir=\"ltr\" aria-hidden=\"true\"><span class=\"css-1jxf684 r-bcqeeo r-1ttztb7 r-qvutc0 r-poiln3\">\u00b7<\/span><\/div>\n<\/div>\n<\/div>\n<\/div>\n<\/div>\n<\/div>\n<div class=\"css-175oi2r r-1kkk96v\">\n<div class=\"css-175oi2r r-1awozwy r-18u37iz r-1cmwbt1 r-1wtj0ep\">\n<div class=\"css-175oi2r r-1awozwy r-6koalj r-18u37iz\">\n<div class=\"css-175oi2r\">\n<div class=\"css-175oi2r r-18u37iz r-1h0z5md\">\n<div class=\"css-146c3p1 r-bcqeeo r-1ttztb7 r-qvutc0 r-37j5jr r-a023e6 r-rjixqe r-16dba41 r-1awozwy r-6koalj r-1h0z5md r-o7ynqc r-clp7b1 r-3s2u2q\" dir=\"ltr\">\n<div class=\"css-175oi2r r-xoduu5\">\n<div class=\"css-175oi2r r-xoduu5 r-1p0dtai r-1d2f490 r-u8s1d r-zchlnj r-ipm5af r-1niwhzg r-sdzlij r-xf4iuw r-o7ynqc r-6416eg r-1ny4l3l\"><\/div>\n<\/div>\n<\/div>\n<\/div>\n<\/div>\n<\/div>\n<\/div>\n<\/div>\n<\/div>\n<\/div>\n<div class=\"css-175oi2r\">\n<div id=\"id__xazp0g1q4x7\" class=\"css-146c3p1 r-bcqeeo r-1ttztb7 r-qvutc0 r-37j5jr r-a023e6 r-rjixqe r-16dba41 r-bnwqim\" dir=\"auto\" lang=\"es\" data-testid=\"tweetText\"><strong><span class=\"css-1jxf684 r-bcqeeo r-1ttztb7 r-qvutc0 r-poiln3\">\u00a1Michael Berm\u00fadez luciendo nuestros colores! <\/span><\/strong><\/div>\n<\/div>\n<\/div>\n<p><img fetchpriority=\"high\" decoding=\"async\" class=\"\" src=\"https:\/\/pbs.twimg.com\/media\/Gu-QcKzWMAArFHw?format=jpg&amp;name=large\" alt=\"Imagen\" width=\"533\" height=\"666\" \/><\/p>\n<p><img decoding=\"async\" class=\"\" src=\"https:\/\/pbs.twimg.com\/media\/Gu-QcLwWUAAEXhY?format=jpg&amp;name=large\" alt=\"Imagen\" width=\"525\" height=\"656\" \/><\/p>\n<p>Fuente: evafm.net &#8211; studiofutbol.com.ec &#8211; @Orense_SC<\/p>\n<div class=\"gsp_post_data\" \r\n\t            data-post_type=\"post\" \r\n\t            data-cat=\"deportes-ecuador\" \r\n\t            data-modified=\"120\"\r\n\t            data-created=\"1751645279\"\r\n\t            data-title=\"Orense SC oficializo a Michael Berm\u00fadez\" \r\n\t            data-home=\"https:\/\/www.evafm.net\/sitio\"><\/div>","protected":false},"excerpt":{"rendered":"<p>Orense SC anunci\u00f3 de manera oficial la incorporaci\u00f3n del joven delantero ecuatoriano Michael Berm\u00fadez, quien llega procedente de Liga Deportiva Universitaria de Quito. El club machale\u00f1o suma as\u00ed un nuevo refuerzo ofensivo de cara a la segunda etapa de la temporada 2025. Berm\u00fadez se une al plantel en condici\u00f3n de pr\u00e9stamo por seis meses, con&#8230;<\/p>\n","protected":false},"author":5,"featured_media":90930,"comment_status":"closed","ping_status":"open","sticky":false,"template":"","format":"standard","meta":{"_joinchat":[],"footnotes":""},"categories":[1557],"tags":[],"class_list":["post-90929","post","type-post","status-publish","format-standard","has-post-thumbnail","hentry","category-deportes-ecuador","have-post-thumb"],"_links":{"self":[{"href":"https:\/\/www.evafm.net\/sitio\/wp-json\/wp\/v2\/posts\/90929","targetHints":{"allow":["GET"]}}],"collection":[{"href":"https:\/\/www.evafm.net\/sitio\/wp-json\/wp\/v2\/posts"}],"about":[{"href":"https:\/\/www.evafm.net\/sitio\/wp-json\/wp\/v2\/types\/post"}],"author":[{"embeddable":true,"href":"https:\/\/www.evafm.net\/sitio\/wp-json\/wp\/v2\/users\/5"}],"replies":[{"embeddable":true,"href":"https:\/\/www.evafm.net\/sitio\/wp-json\/wp\/v2\/comments?post=90929"}],"version-history":[{"count":1,"href":"https:\/\/www.evafm.net\/sitio\/wp-json\/wp\/v2\/posts\/90929\/revisions"}],"predecessor-version":[{"id":90931,"href":"https:\/\/www.evafm.net\/sitio\/wp-json\/wp\/v2\/posts\/90929\/revisions\/90931"}],"wp:featuredmedia":[{"embeddable":true,"href":"https:\/\/www.evafm.net\/sitio\/wp-json\/wp\/v2\/media\/90930"}],"wp:attachment":[{"href":"https:\/\/www.evafm.net\/sitio\/wp-json\/wp\/v2\/media?parent=90929"}],"wp:term":[{"taxonomy":"category","embeddable":true,"href":"https:\/\/www.evafm.net\/sitio\/wp-json\/wp\/v2\/categories?post=90929"},{"taxonomy":"post_tag","embeddable":true,"href":"https:\/\/www.evafm.net\/sitio\/wp-json\/wp\/v2\/tags?post=90929"}],"curies":[{"name":"wp","href":"https:\/\/api.w.org\/{rel}","templated":true}]}}