{"id":90940,"date":"2025-07-05T15:11:54","date_gmt":"2025-07-05T20:11:54","guid":{"rendered":"https:\/\/www.evafm.net\/sitio\/?p=90940"},"modified":"2025-07-05T15:11:54","modified_gmt":"2025-07-05T20:11:54","slug":"la-ministra-de-energia-insiste-en-que-no-habra-apagones-en-ecuador","status":"publish","type":"post","link":"https:\/\/www.evafm.net\/sitio\/la-ministra-de-energia-insiste-en-que-no-habra-apagones-en-ecuador\/","title":{"rendered":"La ministra de Energ\u00eda insiste en que no habr\u00e1 apagones en Ecuador"},"content":{"rendered":"<p>La ministra de Energ\u00eda y Minas,\u00a0<b>In\u00e9s Manzano<\/b>, asegur\u00f3 este s\u00e1bado 5 de julio que\u00a0<b>no habr\u00e1<\/b>\u00a0<b><a href=\"https:\/\/www.ecuavisa.com\/noticias\/economia\/viceministro-energia-descarta-apagones-hidroelectricas-BB9627560\" target=\"_blank\" rel=\"noopener noreferrer\" data-mrf-link=\"https:\/\/www.ecuavisa.com\/noticias\/economia\/viceministro-energia-descarta-apagones-hidroelectricas-BB9627560\">apagones<\/a>\u00a0en Ecuador<\/b>. Adem\u00e1s, invit\u00f3 a los medios de comunicaci\u00f3n a participar en <strong>\u00abun tour energ\u00e9tico\u00bb<\/strong> para constatar el estado actual de las plantas de generaci\u00f3n el\u00e9ctrica del pa\u00eds.<\/p>\n<p>Mediante su cuenta en X, Manzano destac\u00f3 que el embalse de Mazar \u2014una de las dos fuentes h\u00eddricas que alimentan el complejo hidroel\u00e9ctrico Paute Integral, junto con\u00a0<b>Amaluza<\/b>\u2014 se mantiene desde hace meses por encima de su cota m\u00e1xima.<\/p>\n<p><strong>Este complejo, compuesto por tres centrales hidroel\u00e9ctricas, es clave para el abastecimiento energ\u00e9tico nacional.<\/strong><\/p>\n<p>La ministra tambi\u00e9n subray\u00f3 que este a\u00f1o se incorporar\u00e1n <strong>409 megavatios al sistema. <\/strong><\/p>\n<p>Agreg\u00f3 que en las pr\u00f3ximas semanas se iniciar\u00e1 un proceso de compra de energ\u00eda y que se est\u00e1n ejecutando labores de mantenimiento tanto en las l\u00edneas de transmisi\u00f3n como en las de distribuci\u00f3n el\u00e9ctrica.<\/p>\n<p>&nbsp;<\/p>\n<p>Ocho hidroel\u00e9ctricas salieron de operaci\u00f3n esta \u00faltima semana debido a la<b>\u00a0acumulaci\u00f3n de sedimentos<\/b>, lo que provoc\u00f3 una p\u00e9rdida de alrededor de 1 300 megavatios en la capacidad de generaci\u00f3n el\u00e9ctrica del pa\u00eds.<\/p>\n<p>Entre las centrales afectadas estuvo\u00a0<b><a href=\"https:\/\/www.ecuavisa.com\/noticias\/economia\/lluvias-amazonia-sacan-operacion-centrales-hidroelectricas-MA9615284\" target=\"_blank\" rel=\"noopener noreferrer\" data-mrf-link=\"https:\/\/www.ecuavisa.com\/noticias\/economia\/lluvias-amazonia-sacan-operacion-centrales-hidroelectricas-MA9615284\">Coca Codo Sinclair<\/a><\/b>, ubicada en el r\u00edo Coca, que dej\u00f3 de producir<strong> 750 megavatios.<\/strong><\/p>\n<p>Tambi\u00e9n se detuvieron\u00a0<b>La Victoria<\/b>, en el r\u00edo del mismo nombre (10 MW);\u00a0<b>R\u00edo Verde Chico<\/b>, en Tungurahua (10 MW);\u00a0<b>San Francisco<\/b>, en el r\u00edo Pastaza (270 MW);\u00a0<b>Alaz\u00e1n<\/b>, en el r\u00edo Mazar (7 MW);\u00a0<b>San Bartolo<\/b>, en Morona Santiago (48 MW);\u00a0<b>Delsitanisagua<\/b>, en el r\u00edo Zamora (180 MW), y\u00a0<b>Sabanilla<\/b>, tambi\u00e9n en ese r\u00edo (30 MW).<\/p>\n<p>&nbsp;<\/p>\n<p>Ante esta ca\u00edda en la generaci\u00f3n, Ecuador recibi\u00f3 energ\u00eda de\u00a0<b>Colombia\u00a0<\/b><strong>el jueves 3 de julio. <\/strong><\/p>\n<p>Aunque las autoridades no han informado la cantidad exacta importada, se estima que el promedio fue de <strong>100 megavatios por hora.<\/strong><\/p>\n<p>Adem\u00e1s, estaba previsto que el Operador Nacional de Electricidad (<b>Cenace<\/b>) realizara una compra de energ\u00eda el viernes 4 de julio durante las horas pico, ya que la generaci\u00f3n local \u2014tanto hidroel\u00e9ctrica como termoel\u00e9ctrica\u2014 no era suficiente para cubrir la demanda<strong>. (I)<\/strong><\/p>\n<p>&nbsp;<\/p>\n<div class=\"css-1dbjc4n r-1awozwy r-18u37iz r-dnmrzs\">\n<div class=\"css-901oao r-1awozwy r-18jsvk2 r-6koalj r-1qd0xha r-a023e6 r-b88u0q r-rjixqe r-bcqeeo r-1udh08x r-3s2u2q r-qvutc0\" dir=\"auto\"><strong><span class=\"css-901oao css-16my406 css-1hf3ou5 r-poiln3 r-bcqeeo r-qvutc0\"><span class=\"css-901oao css-16my406 r-poiln3 r-bcqeeo r-qvutc0\">Ines Manzano<\/span><\/span><\/strong><\/div>\n<div class=\"css-901oao r-18jsvk2 r-xoduu5 r-18u37iz r-1q142lx r-1qd0xha r-a023e6 r-16dba41 r-rjixqe r-bcqeeo r-qvutc0\" dir=\"auto\"><\/div>\n<\/div>\n<div class=\"css-1dbjc4n r-1awozwy r-18u37iz r-1wbh5a2\">\n<div class=\"css-1dbjc4n\">\n<div class=\"css-901oao css-1hf3ou5 r-14j79pv r-18u37iz r-1qd0xha r-1wvb978 r-a023e6 r-16dba41 r-rjixqe r-bcqeeo r-qvutc0\" dir=\"ltr\"><strong><span class=\"css-901oao css-16my406 r-poiln3 r-bcqeeo r-qvutc0\">@inesmanzano<\/span><\/strong><\/div>\n<\/div>\n<div class=\"css-1dbjc4n r-18u37iz r-1q142lx\">\n<div class=\"css-901oao r-14j79pv r-1q142lx r-1qd0xha r-a023e6 r-16dba41 r-rjixqe r-bcqeeo r-s1qlax r-qvutc0\" dir=\"auto\" aria-hidden=\"true\"><\/div>\n<\/div>\n<\/div>\n<p>No habr\u00e1n apagones.<\/p>\n<p>Tenemos:<\/p>\n<p>&#8211; Represa Mazar por encima de cota m\u00e1xima desde hace meses;<\/p>\n<p>&#8211; Caudales extraordinarios como los \u00faltimos d\u00edas; &#8211;<\/p>\n<p>CCS operacionalmente bien; &#8211;<\/p>\n<p>Se cuida la infraestructura Hidro y t\u00e9rmica;<\/p>\n<p>&#8211; Recuperaci\u00f3n para este a\u00f1o de 409MW;<\/p>\n<p>&#8211; En un mes inicia<\/p>\n<p><strong>Fuente:<\/strong> evafm.net &#8211; ecuavisa.com<\/p>\n<div class=\"gsp_post_data\" \r\n\t            data-post_type=\"post\" \r\n\t            data-cat=\"general,noticias-ecuador,uncategorized\" \r\n\t            data-modified=\"120\"\r\n\t            data-created=\"1751728314\"\r\n\t            data-title=\"La ministra de Energ\u00eda insiste en que no habr\u00e1 apagones en Ecuador\" \r\n\t            data-home=\"https:\/\/www.evafm.net\/sitio\"><\/div>","protected":false},"excerpt":{"rendered":"<p>La ministra de Energ\u00eda y Minas,\u00a0In\u00e9s Manzano, asegur\u00f3 este s\u00e1bado 5 de julio que\u00a0no habr\u00e1\u00a0apagones\u00a0en Ecuador. Adem\u00e1s, invit\u00f3 a los medios de comunicaci\u00f3n a participar en \u00abun tour energ\u00e9tico\u00bb para constatar el estado actual de las plantas de generaci\u00f3n el\u00e9ctrica del pa\u00eds. Mediante su cuenta en X, Manzano destac\u00f3 que el embalse de Mazar \u2014una&#8230;<\/p>\n","protected":false},"author":5,"featured_media":90944,"comment_status":"closed","ping_status":"open","sticky":false,"template":"","format":"standard","meta":{"_joinchat":[],"footnotes":""},"categories":[1720,1558,1],"tags":[],"class_list":["post-90940","post","type-post","status-publish","format-standard","has-post-thumbnail","hentry","category-general","category-noticias-ecuador","category-uncategorized","have-post-thumb"],"_links":{"self":[{"href":"https:\/\/www.evafm.net\/sitio\/wp-json\/wp\/v2\/posts\/90940","targetHints":{"allow":["GET"]}}],"collection":[{"href":"https:\/\/www.evafm.net\/sitio\/wp-json\/wp\/v2\/posts"}],"about":[{"href":"https:\/\/www.evafm.net\/sitio\/wp-json\/wp\/v2\/types\/post"}],"author":[{"embeddable":true,"href":"https:\/\/www.evafm.net\/sitio\/wp-json\/wp\/v2\/users\/5"}],"replies":[{"embeddable":true,"href":"https:\/\/www.evafm.net\/sitio\/wp-json\/wp\/v2\/comments?post=90940"}],"version-history":[{"count":1,"href":"https:\/\/www.evafm.net\/sitio\/wp-json\/wp\/v2\/posts\/90940\/revisions"}],"predecessor-version":[{"id":90945,"href":"https:\/\/www.evafm.net\/sitio\/wp-json\/wp\/v2\/posts\/90940\/revisions\/90945"}],"wp:featuredmedia":[{"embeddable":true,"href":"https:\/\/www.evafm.net\/sitio\/wp-json\/wp\/v2\/media\/90944"}],"wp:attachment":[{"href":"https:\/\/www.evafm.net\/sitio\/wp-json\/wp\/v2\/media?parent=90940"}],"wp:term":[{"taxonomy":"category","embeddable":true,"href":"https:\/\/www.evafm.net\/sitio\/wp-json\/wp\/v2\/categories?post=90940"},{"taxonomy":"post_tag","embeddable":true,"href":"https:\/\/www.evafm.net\/sitio\/wp-json\/wp\/v2\/tags?post=90940"}],"curies":[{"name":"wp","href":"https:\/\/api.w.org\/{rel}","templated":true}]}}