{"id":91028,"date":"2025-07-07T19:35:59","date_gmt":"2025-07-08T00:35:59","guid":{"rendered":"https:\/\/www.evafm.net\/sitio\/?p=91028"},"modified":"2025-07-07T19:35:59","modified_gmt":"2025-07-08T00:35:59","slug":"el-extecnico-de-barcelona-sc-miguel-angel-lopez-fallecio","status":"publish","type":"post","link":"https:\/\/www.evafm.net\/sitio\/el-extecnico-de-barcelona-sc-miguel-angel-lopez-fallecio\/","title":{"rendered":"El ext\u00e9cnico de Barcelona SC, Miguel \u00c1ngel L\u00f3pez, falleci\u00f3"},"content":{"rendered":"<p>El exfutbolista y ext\u00e9cnico argentino\u00a0<b>Miguel \u00c1ngel el Zurdo L\u00f3pez,<\/b>\u00a0que fue siete veces entrenador del <strong>Junior de Barranquilla<\/strong> y dirigi\u00f3 en sus comienzos a<strong>\u00a0<a href=\"https:\/\/www.ecuavisa.com\/metadatos\/-\/meta\/diego-maradona\" data-mrf-link=\"https:\/\/www.ecuavisa.com\/metadatos\/-\/meta\/diego-maradona\">Diego Armando Maradona<\/a><\/strong>, falleci\u00f3 este lunes<\/p>\n<p>a los 83 a\u00f1os de edad en esta ciudad colombiana, confirmaron sus allegados.<\/p>\n<p>L\u00f3pez es recordado porque cuando estuvo al frente del club\u00a0<b>Argentinos Juniors fue t\u00e9cnico de Diego Armando Maradon<\/b>a y en 1980 fueron subcampeones de ese pa\u00eds.<\/p>\n<p>El Zurdo L\u00f3pez,\u00a0<b>quien se hab\u00eda retirado en 2014 luego de dirigir al Junior,<\/b>\u00a0se qued\u00f3 a vivir en esta ciudad del Caribe colombiano, donde era reconocido como uno de los m\u00e1s importantes entrenadores<\/p>\n<p>del club rojiblanco.<\/p>\n<p>Su \u00faltima aparici\u00f3n fue en abril de 2024, cuando el ex arquero uruguayo\u00a0<b>Sebasti\u00e1n Viera public\u00f3 en sus redes sociales que estaba en una campa\u00f1a<\/b> para recoger fondos que sirvieran para atender<\/p>\n<p>la salud del argentino que en los \u00faltimos a\u00f1os hab\u00eda sufrido problemas de salud. <strong>(D)<\/strong><\/p>\n<div class=\"css-175oi2r r-1awozwy r-18u37iz r-1wbh5a2 r-dnmrzs\">\n<div class=\"css-175oi2r r-1wbh5a2 r-dnmrzs\">\n<div class=\"css-175oi2r r-1awozwy r-18u37iz r-1wbh5a2 r-dnmrzs\">\n<div class=\"css-146c3p1 r-bcqeeo r-1ttztb7 r-qvutc0 r-37j5jr r-a023e6 r-rjixqe r-b88u0q r-1awozwy r-6koalj r-1udh08x r-3s2u2q\" dir=\"ltr\"><strong><span class=\"css-1jxf684 r-dnmrzs r-1udh08x r-1udbk01 r-3s2u2q r-bcqeeo r-1ttztb7 r-qvutc0 r-poiln3\"><span class=\"css-1jxf684 r-bcqeeo r-1ttztb7 r-qvutc0 r-poiln3\">BARCELONA S.C.<\/span><\/span><\/strong><\/div>\n<div class=\"css-146c3p1 r-bcqeeo r-1ttztb7 r-qvutc0 r-37j5jr r-a023e6 r-rjixqe r-16dba41 r-xoduu5 r-18u37iz r-1q142lx\" dir=\"ltr\"><\/div>\n<\/div>\n<\/div>\n<\/div>\n<div class=\"css-175oi2r r-18u37iz r-1wbh5a2 r-1ez5h0i\">\n<div class=\"css-175oi2r r-1d09ksm r-18u37iz r-1wbh5a2\">\n<div class=\"css-175oi2r r-1wbh5a2 r-dnmrzs\">\n<div class=\"css-146c3p1 r-dnmrzs r-1udh08x r-1udbk01 r-3s2u2q r-bcqeeo r-1ttztb7 r-qvutc0 r-37j5jr r-a023e6 r-rjixqe r-16dba41 r-18u37iz r-1wvb978\" dir=\"ltr\"><strong><span class=\"css-1jxf684 r-bcqeeo r-1ttztb7 r-qvutc0 r-poiln3\">@BarcelonaSC<\/span><\/strong><\/div>\n<\/div>\n<div class=\"css-146c3p1 r-bcqeeo r-1ttztb7 r-qvutc0 r-37j5jr r-a023e6 r-rjixqe r-16dba41 r-1q142lx r-n7gxbd\" dir=\"ltr\" aria-hidden=\"true\"><span class=\"css-1jxf684 r-bcqeeo r-1ttztb7 r-qvutc0 r-poiln3\">\u00b7<\/span><\/div>\n<div class=\"css-175oi2r r-18u37iz r-1q142lx\"><\/div>\n<\/div>\n<\/div>\n<p><img fetchpriority=\"high\" decoding=\"async\" class=\"\" src=\"https:\/\/pbs.twimg.com\/media\/GvQvuL2WAAACXnQ?format=jpg&amp;name=large\" alt=\"Imagen\" width=\"555\" height=\"694\" \/><\/p>\n<p><img decoding=\"async\" class=\"\" src=\"https:\/\/pbs.twimg.com\/media\/GvQvuNXXMAA7nkL?format=jpg&amp;name=large\" alt=\"Imagen\" width=\"558\" height=\"698\" \/><\/p>\n<p>&nbsp;<\/p>\n<p><strong>Fuente:<\/strong> evafm.net &#8211; ecuavisa.com<\/p>\n<div class=\"gsp_post_data\" \r\n\t            data-post_type=\"post\" \r\n\t            data-cat=\"deportes-internacionales\" \r\n\t            data-modified=\"120\"\r\n\t            data-created=\"1751916959\"\r\n\t            data-title=\"El ext\u00e9cnico de Barcelona SC, Miguel \u00c1ngel L\u00f3pez, falleci\u00f3\" \r\n\t            data-home=\"https:\/\/www.evafm.net\/sitio\"><\/div>","protected":false},"excerpt":{"rendered":"<p>El exfutbolista y ext\u00e9cnico argentino\u00a0Miguel \u00c1ngel el Zurdo L\u00f3pez,\u00a0que fue siete veces entrenador del Junior de Barranquilla y dirigi\u00f3 en sus comienzos a\u00a0Diego Armando Maradona, falleci\u00f3 este lunes a los 83 a\u00f1os de edad en esta ciudad colombiana, confirmaron sus allegados. L\u00f3pez es recordado porque cuando estuvo al frente del club\u00a0Argentinos Juniors fue t\u00e9cnico de&#8230;<\/p>\n","protected":false},"author":5,"featured_media":91029,"comment_status":"closed","ping_status":"open","sticky":false,"template":"","format":"standard","meta":{"_joinchat":[],"footnotes":""},"categories":[1342],"tags":[],"class_list":["post-91028","post","type-post","status-publish","format-standard","has-post-thumbnail","hentry","category-deportes-internacionales","have-post-thumb"],"_links":{"self":[{"href":"https:\/\/www.evafm.net\/sitio\/wp-json\/wp\/v2\/posts\/91028","targetHints":{"allow":["GET"]}}],"collection":[{"href":"https:\/\/www.evafm.net\/sitio\/wp-json\/wp\/v2\/posts"}],"about":[{"href":"https:\/\/www.evafm.net\/sitio\/wp-json\/wp\/v2\/types\/post"}],"author":[{"embeddable":true,"href":"https:\/\/www.evafm.net\/sitio\/wp-json\/wp\/v2\/users\/5"}],"replies":[{"embeddable":true,"href":"https:\/\/www.evafm.net\/sitio\/wp-json\/wp\/v2\/comments?post=91028"}],"version-history":[{"count":1,"href":"https:\/\/www.evafm.net\/sitio\/wp-json\/wp\/v2\/posts\/91028\/revisions"}],"predecessor-version":[{"id":91030,"href":"https:\/\/www.evafm.net\/sitio\/wp-json\/wp\/v2\/posts\/91028\/revisions\/91030"}],"wp:featuredmedia":[{"embeddable":true,"href":"https:\/\/www.evafm.net\/sitio\/wp-json\/wp\/v2\/media\/91029"}],"wp:attachment":[{"href":"https:\/\/www.evafm.net\/sitio\/wp-json\/wp\/v2\/media?parent=91028"}],"wp:term":[{"taxonomy":"category","embeddable":true,"href":"https:\/\/www.evafm.net\/sitio\/wp-json\/wp\/v2\/categories?post=91028"},{"taxonomy":"post_tag","embeddable":true,"href":"https:\/\/www.evafm.net\/sitio\/wp-json\/wp\/v2\/tags?post=91028"}],"curies":[{"name":"wp","href":"https:\/\/api.w.org\/{rel}","templated":true}]}}