{"id":91803,"date":"2025-07-27T19:51:00","date_gmt":"2025-07-28T00:51:00","guid":{"rendered":"https:\/\/www.evafm.net\/sitio\/?p=91803"},"modified":"2025-07-27T19:51:00","modified_gmt":"2025-07-28T00:51:00","slug":"ministra-de-cultura-sobre-la-fusion-de-ministerios","status":"publish","type":"post","link":"https:\/\/www.evafm.net\/sitio\/ministra-de-cultura-sobre-la-fusion-de-ministerios\/","title":{"rendered":"Ministra de Cultura sobre la fusi\u00f3n de ministerios"},"content":{"rendered":"<p><a href=\"https:\/\/www.ecuavisa.com\/metadatos\/-\/meta\/romina-munoz\" target=\"_blank\" rel=\"noopener noreferrer\" data-mrf-link=\"https:\/\/www.ecuavisa.com\/metadatos\/-\/meta\/romina-munoz\">Romina Mu\u00f1oz<\/a>,\u00a0<b>ministra de Cultura<\/b>, ofreci\u00f3 su punto de vista tras conocerse que la cartera de Estado que preside se fusionar\u00e1 con el<strong> Ministerio del Deporte y el Ministerio de Educaci\u00f3n.<\/strong><\/p>\n<p>Reconoci\u00f3 que la decisi\u00f3n la tom\u00f3 por<strong> \u00absorpresa\u00bb,<\/strong> pero asegur\u00f3 que \u00abbajo ning\u00fan concepto se est\u00e1 considerando<b>\u00a0suprimir las competencias y responsabilidades culturales del Estado<\/b>.<\/p>\n<p>La Cultura es un derecho y hay que garantizarlo\u00bb.<\/p>\n<p>Mu\u00f1oz subray\u00f3 que los cambios institucionales \u00abhan existido siempre\u00bb y se deber\u00eda ampliar el debate sobre c\u00f3mo est\u00e1n organizados el\u00a0<b>Ministerio y Sistema Nacional de Cultura.<\/b><\/p>\n<p>Agreg\u00f3 que\u00a0<b>trabajar\u00e1 hasta tener una hoja de ruta clara<\/b>\u00a0y mostr\u00f3 su predisposici\u00f3n para absolver dudas o preguntas.<\/p>\n<p>Colectivos culturales ya alzaron su voz de protestas por el anuncio de fusi\u00f3n de ministerios e incluso realizaron un plant\u00f3n en los exteriores del\u00a0<b>Ministerio de Cultura<\/b>\u00a0en Quito.<\/p>\n<p>Adem\u00e1s, ya se present\u00f3 una\u00a0<b>acci\u00f3n de protecci\u00f3n<\/b> que busca frenar la medida.<strong>(I)<\/strong><\/p>\n<p>&nbsp;<\/p>\n<p><strong>Fuente:<\/strong> evafm.net &#8211; ecuavisa.com<\/p>\n<div class=\"gsp_post_data\" \r\n\t            data-post_type=\"post\" \r\n\t            data-cat=\"general,noticias-ecuador,uncategorized\" \r\n\t            data-modified=\"120\"\r\n\t            data-created=\"1753645860\"\r\n\t            data-title=\"Ministra de Cultura sobre la fusi\u00f3n de ministerios\" \r\n\t            data-home=\"https:\/\/www.evafm.net\/sitio\"><\/div>","protected":false},"excerpt":{"rendered":"<p>Romina Mu\u00f1oz,\u00a0ministra de Cultura, ofreci\u00f3 su punto de vista tras conocerse que la cartera de Estado que preside se fusionar\u00e1 con el Ministerio del Deporte y el Ministerio de Educaci\u00f3n. Reconoci\u00f3 que la decisi\u00f3n la tom\u00f3 por \u00absorpresa\u00bb, pero asegur\u00f3 que \u00abbajo ning\u00fan concepto se est\u00e1 considerando\u00a0suprimir las competencias y responsabilidades culturales del Estado. La&#8230;<\/p>\n","protected":false},"author":5,"featured_media":91836,"comment_status":"closed","ping_status":"open","sticky":false,"template":"","format":"standard","meta":{"_joinchat":[],"footnotes":""},"categories":[1720,1558,1],"tags":[],"class_list":["post-91803","post","type-post","status-publish","format-standard","has-post-thumbnail","hentry","category-general","category-noticias-ecuador","category-uncategorized","have-post-thumb"],"_links":{"self":[{"href":"https:\/\/www.evafm.net\/sitio\/wp-json\/wp\/v2\/posts\/91803","targetHints":{"allow":["GET"]}}],"collection":[{"href":"https:\/\/www.evafm.net\/sitio\/wp-json\/wp\/v2\/posts"}],"about":[{"href":"https:\/\/www.evafm.net\/sitio\/wp-json\/wp\/v2\/types\/post"}],"author":[{"embeddable":true,"href":"https:\/\/www.evafm.net\/sitio\/wp-json\/wp\/v2\/users\/5"}],"replies":[{"embeddable":true,"href":"https:\/\/www.evafm.net\/sitio\/wp-json\/wp\/v2\/comments?post=91803"}],"version-history":[{"count":1,"href":"https:\/\/www.evafm.net\/sitio\/wp-json\/wp\/v2\/posts\/91803\/revisions"}],"predecessor-version":[{"id":91837,"href":"https:\/\/www.evafm.net\/sitio\/wp-json\/wp\/v2\/posts\/91803\/revisions\/91837"}],"wp:featuredmedia":[{"embeddable":true,"href":"https:\/\/www.evafm.net\/sitio\/wp-json\/wp\/v2\/media\/91836"}],"wp:attachment":[{"href":"https:\/\/www.evafm.net\/sitio\/wp-json\/wp\/v2\/media?parent=91803"}],"wp:term":[{"taxonomy":"category","embeddable":true,"href":"https:\/\/www.evafm.net\/sitio\/wp-json\/wp\/v2\/categories?post=91803"},{"taxonomy":"post_tag","embeddable":true,"href":"https:\/\/www.evafm.net\/sitio\/wp-json\/wp\/v2\/tags?post=91803"}],"curies":[{"name":"wp","href":"https:\/\/api.w.org\/{rel}","templated":true}]}}