{"id":91804,"date":"2025-07-27T19:52:59","date_gmt":"2025-07-28T00:52:59","guid":{"rendered":"https:\/\/www.evafm.net\/sitio\/?p=91804"},"modified":"2025-07-27T19:52:59","modified_gmt":"2025-07-28T00:52:59","slug":"samuel-doria-medina-candidato-a-presidente-de-bolivia","status":"publish","type":"post","link":"https:\/\/www.evafm.net\/sitio\/samuel-doria-medina-candidato-a-presidente-de-bolivia\/","title":{"rendered":"Samuel Doria Medina, candidato a presidente de Bolivia"},"content":{"rendered":"<p>El pr\u00f3ximo 17 de agosto Bolivia celebrar\u00e1 unas elecciones en medio de una creciente crisis econ\u00f3mica, social y pol\u00edtica, con altos \u00edndices de inflaci\u00f3n, desabastecimiento de productos, episodios de violencia y una encarnizada disputa por el poder en el partido de gobierno, el Movimiento al Socialismo.<\/p>\n<p>Pese a este complejo contexto que atraviesa el pa\u00eds,\u00a0<b>Samuel Doria Medina<\/b>, candidato de la <strong>alianza Unidad,<\/strong> asegura que los pr\u00f3ximos comicios marcar\u00e1n<strong> \u201cel fin del ciclo\u201d<\/strong> del MAS tras dos d\u00e9cadas en el poder<\/p>\n<p>&nbsp;<\/p>\n<p class=\"paragraph\" data-mrf-recirculation=\"Links inline\">\u201cEl MAS, que ha dominado el escenario pol\u00edtico, est\u00e1 en una crisis que podr\u00edamos llamar terminal\u201d, asever\u00f3 durante una entrevista con\u00a0<b>Infobae\u00a0<\/b>en el marco de su viaje a la Argentina para mantener encuentros con la comunidad boliviana en el pa\u00eds.<\/p>\n<div class=\"inline ad-wrapper\">\n<div class=\"dfpAd ad-inline\"><\/div>\n<\/div>\n<p class=\"paragraph\" data-mrf-recirculation=\"Links inline\">Las encuestas reflejan el desplome del oficialismo: el candidato del MAS, Eduardo del Castillo,\u00a0<b>apenas alcanza entre uno y dos por ciento de intenci\u00f3n de voto<\/b>.<\/p>\n<p class=\"paragraph\" data-mrf-recirculation=\"Links inline\">\u201cUn diputado del MAS, hace tres semanas dec\u00eda:<\/p>\n<p class=\"paragraph\" data-mrf-recirculation=\"Links inline\">\u2018Tal vez tenemos que cambiar de candidato no para ganar sino para evitar perder la sigla\u2019.<\/p>\n<p class=\"paragraph\" data-mrf-recirculation=\"Links inline\">Porque en Bolivia, si no se obtiene el tres por ciento de los votos, se pierde la sigla.<\/p>\n<p class=\"paragraph\" data-mrf-recirculation=\"Links inline\">Y el MAS est\u00e1 bajo ese riesgo\u201d, explic\u00f3 Doria Medina, quien encabeza los sondeos.<\/p>\n<p class=\"paragraph\" data-mrf-recirculation=\"Links inline\">El empresario se mostr\u00f3 confiado de lograr la victoria en las elecciones y subray\u00f3 que su plan de Gobierno tiene como objetivo\u00a0<b>estabilizar al pa\u00eds en los primeros cien d\u00edas de gesti\u00f3n<\/b>.<\/p>\n<p class=\"paragraph\" data-mrf-recirculation=\"Links inline\">Para eso, el foco estar\u00e1 puesto en resolver el d\u00e9ficit fiscal, que el candidato atribuye principalmente a tres factores: las subvenciones a los combustibles, el gasto en empresas p\u00fablicas ineficientes y el derroche en gastos de la pol\u00edtica.<\/p>\n<div class=\"inline_2_DSK ad-wrapper ad-desktop\">\n<div class=\"dfpAd ad-inline\"><\/div>\n<\/div>\n<p class=\"paragraph\" data-mrf-recirculation=\"Links inline\">Ese ambicioso plan se llevar\u00e1 a cabo bajo el lema<b>\u00a0\u201c100 d\u00edas, carajo\u201d,<\/b>\u00a0una consigna que, aunque muchos pensaban que se inspiraba en el presidente argentino\u00a0<b>Javier Milei<\/b>, tiene ra\u00edces sociales e incluso se transform\u00f3 en un s\u00edmbolo de esperanza para muchos ciudadanos.<\/p>\n<p class=\"paragraph\" data-mrf-recirculation=\"Links inline\">Doria Medina record\u00f3 el grave accidente a\u00e9reo que sufri\u00f3 en 2005 cuando era presidente de la Sociedad Boliviana de Cemento (Soboce) y el instante en el que solt\u00f3 una frase -que luego se populariz\u00f3 en el pa\u00eds- cuando se enfrentaba a la muerte: \u201cCuando se ca\u00eda el avi\u00f3n y nos \u00edbamos a estrellar, yo estaba viajando con el ejecutivo de la empresa cementera, y me di cuenta: \u2018<\/p>\n<p class=\"paragraph\" data-mrf-recirculation=\"Links inline\">Si no sobrevivimos, no solamente va a afectar a nuestras familias, sino va a afectar a miles de familias\u2019 (&#8230;)<\/p>\n<p class=\"paragraph\" data-mrf-recirculation=\"Links inline\">Con esa impotencia y al enfrentarme a la muerte, me sali\u00f3 muy adentro esta frase que yo dije \u2018\u00a1Carajo, no me puedo morir!\u2019, que cuando se conoci\u00f3 se ha hecho muy conocida\u201d.<\/p>\n<p class=\"paragraph\" data-mrf-recirculation=\"Links inline\">La corrupci\u00f3n y la connivencia con el crimen organizado son otros de los flagelos que Doria Medina promete erradicar en caso de llegar a la presidencia. Al respecto, sostuvo que\u00a0<b>en las \u00faltimas dos d\u00e9cadas \u201clos gobiernos de Bolivia han cohabitado con el narcotr\u00e1fico\u201d<\/b>, y se refiri\u00f3 a los recientes casos del uruguayo Sebasti\u00e1n Marset y el l\u00edder del Primer Comando de la Capital (PCC), quienes permanecieron durante mucho tiempo en suelo boliviano. <strong>\u201cEso se va a acabar el primer d\u00eda del pr\u00f3ximo gobierno\u201d, afirm\u00f3.<\/strong><\/p>\n<p class=\"paragraph\" data-mrf-recirculation=\"Links inline\">De cara a los comicios de agosto, el candidato de la alianza Unidad indic\u00f3 que la diferencia de intenci\u00f3n de voto entre la oposici\u00f3n y el oficialismo es tan amplia que resulta improbable un fraude.<\/p>\n<p class=\"paragraph\" data-mrf-recirculation=\"Links inline\">Sin embargo, el empresario despleg\u00f3 una estructura de control electoral en todo el pa\u00eds, con especial \u00e9nfasis en las zonas rurales, donde hist\u00f3ricamente se han detectado irregularidades.<\/p>\n<p class=\"paragraph\" data-mrf-recirculation=\"Links inline\">Consultado sobre los casos judiciales de la ex presidenta\u00a0<b>Jeanine \u00c1\u00f1ez<\/b>\u00a0y el gobernador de Santa Cruz,\u00a0<b>Luis Fernando Camacho<\/b>, Doria Medina dijo que con el nuevo gobierno \u201cse van a acabar los presos pol\u00edticos\u201d.<\/p>\n<p class=\"paragraph\" data-mrf-recirculation=\"Links inline\">Asimismo, tambi\u00e9n se refiri\u00f3 a la orden de aprehensi\u00f3n que pesa actualmente sobre el ex presidente Evo Morales:<b>\u00a0\u201cHay una orden de la justicia, que tendr\u00e1 que cumplirse\u201d.<\/b><\/p>\n<p class=\"paragraph\" data-mrf-recirculation=\"Links inline\">Por \u00faltimo, subray\u00f3 que tambi\u00e9n se ver\u00e1 un giro importante en las relaciones exteriores del Gobierno.<\/p>\n<p class=\"paragraph\" data-mrf-recirculation=\"Links inline\">Coment\u00f3 que el acuerdo de defensa con el r\u00e9gimen de Ir\u00e1n \u201cno le ha tra\u00eddo ning\u00fan beneficio a Bolivia\u201d y consider\u00f3 que el pa\u00eds debe abandonar la excesiva \u201cideologizaci\u00f3n\u201d de sus v\u00ednculos internacionales.<\/p>\n<p class=\"paragraph\" data-mrf-recirculation=\"Links inline\">En ese sentido, adelant\u00f3 que buscar\u00e1 estrechar los v\u00ednculos con Estados Unidos, la Uni\u00f3n Europea, China, y los vecinos regionales, despu\u00e9s de veinte a\u00f1os de<strong> \u201caislamiento\u201d. <\/strong><\/p>\n<p class=\"paragraph\" data-mrf-recirculation=\"Links inline\">Enfatiz\u00f3, adem\u00e1s, que no tiene inter\u00e9s en mantener los nexos con las dictaduras de <strong>Nicaragua, Venezuela y Cuba.<\/strong><\/p>\n<p data-mrf-recirculation=\"Links inline\"><b>-Me gustar\u00eda empezar hablando del contexto actual de Bolivia. El pa\u00eds llega a las pr\u00f3ximas elecciones en medio de una crisis econ\u00f3mica, social y pol\u00edtica, con inflaci\u00f3n, escasez de productos b\u00e1sicos, hechos de violencia como los recientes bloqueos y una feroz interna en el partido del gobierno, el MAS, entre Evo Morales y Luis Arce. <\/b><\/p>\n<p data-mrf-recirculation=\"Links inline\"><b>\u00bfQu\u00e9 an\u00e1lisis hace de la actualidad del pa\u00eds, y cu\u00e1l es su mirada de lo que fue este gobierno de Arce?<\/b><\/p>\n<p data-mrf-recirculation=\"Links inline\">-En Bolivia no solamente va a cambiar el presidente en los pr\u00f3ximos meses, sino que va a terminar un ciclo que comenz\u00f3 el a\u00f1o 2006 y que ha durado veinte a\u00f1os.<\/p>\n<p data-mrf-recirculation=\"Links inline\">Ese ciclo est\u00e1 llegando a su fin y se va a iniciar un nuevo ciclo con el cambio de gobierno en noviembre.<\/p>\n<p data-mrf-recirculation=\"Links inline\">Es muy importante tener en cuenta que el partido de gobierno, el MAS, que ha dominado el escenario pol\u00edtico, est\u00e1 en una crisis que podr\u00edamos llamar terminal.<\/p>\n<p data-mrf-recirculation=\"Links inline\">A tal extremo que un diputado del MAS, hace tres semanas dec\u00eda:<\/p>\n<p data-mrf-recirculation=\"Links inline\"><strong>\u201cTal vez tenemos que cambiar de candidato no para ganar sino para evitar perder la sigla\u201d.<\/strong><\/p>\n<p data-mrf-recirculation=\"Links inline\">Porque en Bolivia, si no se obtiene el tres por ciento de los votos, se pierde la sigla. Y el MAS est\u00e1 bajo ese riesgo. En este momento, las encuestas muestran que el candidato oficialista tendr\u00eda uno por ciento y en las encuestas m\u00e1s generosas le dan dos por ciento. El actual presidente del Senado, Andr\u00f3nico Rodr\u00edguez, que se pensaba que pod\u00eda ser el candidato con m\u00e1s opciones y en alg\u00fan momento aparec\u00eda como el primero en las encuestas, en este momento, justo despu\u00e9s de haber anunciado su candidatura, ha tenido una ca\u00edda muy importante y est\u00e1 en cuarto lugar en las encuestas.<\/p>\n<p data-mrf-recirculation=\"Links inline\">El partido oficialista est\u00e1 en serios problemas. Hay otra candidata que es la actual alcaldesa de la ciudad del Alto, Eva Copa, que yo creo que en este momento est\u00e1 meditando si se va a presentar o no, porque han hecho un partido nuevo que se llama Morena, y tambi\u00e9n en las encuestas est\u00e1 entre uno y dos por ciento.<\/p>\n<p data-mrf-recirculation=\"Links inline\">Entonces, hacer un partido nuevo con el esfuerzo que significa, para perder la sigla a los pocos meses, no tiene mucho sentido.<\/p>\n<p data-mrf-recirculation=\"Links inline\">En esta elecci\u00f3n van a surgir nuevos actores pol\u00edticos y se escucha en el Congreso que los propios militantes del MAS saben que no van a ser parte del pr\u00f3ximo gobierno, y lo que aspiran es a tener un tercio de los parlamentarios para evitar un juicio de responsabilidades.<\/p>\n<p data-mrf-recirculation=\"Links inline\">El 17 de agosto en la noche, cuando se conozcan los resultados, se va a formalizar que el MAS ya es el pasado y va a haber un escenario muy distinto.<\/p>\n<p data-mrf-recirculation=\"Links inline\">Yo he viajado por todo Bolivia y hay realmente una profunda decepci\u00f3n acerca del MAS y hay mucha gente que dice que van a darle un voto castigo.<\/p>\n<p data-mrf-recirculation=\"Links inline\">Estoy hablando del \u00e1rea rural, porque la situaci\u00f3n econ\u00f3mica est\u00e1 realmente en una situaci\u00f3n muy grave, tanto as\u00ed que nos han hecho retroceder cuarenta a\u00f1os.<\/p>\n<p data-mrf-recirculation=\"Links inline\">Bolivia ha tenido una inflaci\u00f3n de un solo d\u00edgito durante d\u00e9cadas, y era un ejemplo en Latinoam\u00e9rica.<\/p>\n<p data-mrf-recirculation=\"Links inline\">Ahora que tengamos la inflaci\u00f3n m\u00e1s alta del continente realmente hace que haya una profunda decepci\u00f3n de toda la gente que en su momento apoy\u00f3 al MAS.<\/p>\n<p data-mrf-recirculation=\"Links inline\"><b>-El fin de semana pasado el presidente Arce llam\u00f3 a la unidad de toda la izquierda, y Evo Morales rechaz\u00f3 esa posibilidad. <\/b><\/p>\n<p data-mrf-recirculation=\"Links inline\"><b>\u00bfCree que el ex presidente est\u00e1 forzando ese quiebre en el MAS, aunque se pueda perder la sigla, frente a su imposibilidad de presentarse como candidato?<\/b><\/p>\n<p data-mrf-recirculation=\"Links inline\">Yo todav\u00eda considero que puede ser que lleguen a un acuerdo; no a un acuerdo tal vez de unidad total, pero se habla mucho de que est\u00e1n todav\u00eda conversando entre Evo y Eva, y puede ser que muchos dirigentes de Evo aparezcan como candidatos a diputados o senadores con Eva Copa.<\/p>\n<p data-mrf-recirculation=\"Links inline\">Yo no descartar\u00eda ese escenario.<\/p>\n<p data-mrf-recirculation=\"Links inline\">Y tambi\u00e9n en pol\u00edtica todo puede suceder.<\/p>\n<p data-mrf-recirculation=\"Links inline\">Puede ser que se unan a \u00faltimo momento, pero incluso si se unen, sus posibilidades no son de muy buen augurio.<\/p>\n<p data-mrf-recirculation=\"Links inline\"><b>&#8211;El lema de su campa\u00f1a es \u201c100 d\u00edas \u00a1carajo!\u201d. Muchos pensaron que se inspiraba en el lema de Javier Milei en Argentina, pero no es as\u00ed. <\/b><\/p>\n<p data-mrf-recirculation=\"Links inline\"><b>\u00bfPuede contar la historia detr\u00e1s de ese lema? \u00bfY cu\u00e1l es su plan de Gobierno en caso de ganar las elecciones?<\/b><\/p>\n<p data-mrf-recirculation=\"Links inline\">-Cuando el a\u00f1o pasado nosotros presentamos nuestro plan de gobierno, lo llamamos \u201cSoluciones para Bolivia\u201d, y dentro de ese plan estaba un plazo previsto de cien d\u00edas, dando la se\u00f1al de urgencia de que hay que tomar medidas r\u00e1pido. Esa era la consideraci\u00f3n de dar una se\u00f1al de que hab\u00eda que poner plazos.<\/p>\n<p data-mrf-recirculation=\"Links inline\">Pero una vez que hacemos p\u00fablico el plan, mucha gente se nos acerca o nos escribe en las redes sociales y nos dice:<\/p>\n<p data-mrf-recirculation=\"Links inline\">\u201cEstaba pensando en irme de Bolivia, estaba pensando migrar, pero cuando hemos escuchado de que se va a resolver en cien d\u00edas, nos ha dado esperanza\u201d.<\/p>\n<p data-mrf-recirculation=\"Links inline\">Entonces, ha sido la gente la que ha definido el nombre de nuestro plan, porque el tema de los cien d\u00edas es algo que la gente identific\u00f3 como una se\u00f1al de esperanza.<\/p>\n<p data-mrf-recirculation=\"Links inline\">Y el \u201ccarajo\u201d se le aumenta porque en alg\u00fan momento sugieren en la campa\u00f1a de que hab\u00eda que ponerlo para poder se\u00f1alar la impotencia que ten\u00eda la gente, la molestia de la crisis econ\u00f3mica.<\/p>\n<p data-mrf-recirculation=\"Links inline\">Originalmente yo dije no porque dije: \u201cNos van a decir que nos hemos copiado de Milei\u201d.<\/p>\n<p data-mrf-recirculation=\"Links inline\">Pero alguien me hizo notar algo: yo he tenido un accidente de aviaci\u00f3n el a\u00f1o 2005 y acu\u00f1\u00e9 una frase que es muy conocida en Bolivia, porque yo cont\u00e9 que cuando se ca\u00eda el avi\u00f3n y nos \u00edbamos a estrellar, yo estaba viajando con el ejecutivo de la empresa cementera y dije:<\/p>\n<p data-mrf-recirculation=\"Links inline\">\u201cSi no sobrevivimos, no solamente va a afectar a nuestras familias, sino va a afectar a miles de familias, porque si los principales ejecutivos de la empresa no sobrevivimos, va a tener un impacto muy grande\u201d.<\/p>\n<p data-mrf-recirculation=\"Links inline\">Y ah\u00ed fue que con esa impotencia y al enfrentarme a la muerte, me sali\u00f3 muy de adentro esta frase que yo dije:<strong> \u201c\u00a1Carajo, no me puedo morir!\u201d. <\/strong><\/p>\n<p data-mrf-recirculation=\"Links inline\">Cuando se conoci\u00f3 en Bolivia se ha hecho viral, se ha hecho muy conocida.<\/p>\n<p data-mrf-recirculation=\"Links inline\">Entonces me hicieron notar que no se va a ver como Milei por esa raz\u00f3n.<\/p>\n<p data-mrf-recirculation=\"Links inline\">Entonces la acept\u00e9 con esa aclaraci\u00f3n y se ha vuelto sin lugar a dudas la frase m\u00e1s popular de esta campa\u00f1a electoral. <strong>(I)<\/strong><\/p>\n<p data-mrf-recirculation=\"Links inline\"><strong>Fuente:<\/strong>\u00a0evafm.net &#8211; infobae.com<\/p>\n<div class=\"gsp_post_data\" \r\n\t            data-post_type=\"post\" \r\n\t            data-cat=\"general,noticias-internacionales,uncategorized\" \r\n\t            data-modified=\"120\"\r\n\t            data-created=\"1753645979\"\r\n\t            data-title=\"Samuel Doria Medina, candidato a presidente de Bolivia\" \r\n\t            data-home=\"https:\/\/www.evafm.net\/sitio\"><\/div>","protected":false},"excerpt":{"rendered":"<p>El pr\u00f3ximo 17 de agosto Bolivia celebrar\u00e1 unas elecciones en medio de una creciente crisis econ\u00f3mica, social y pol\u00edtica, con altos \u00edndices de inflaci\u00f3n, desabastecimiento de productos, episodios de violencia y una encarnizada disputa por el poder en el partido de gobierno, el Movimiento al Socialismo. Pese a este complejo contexto que atraviesa el pa\u00eds,\u00a0Samuel&#8230;<\/p>\n","protected":false},"author":5,"featured_media":91838,"comment_status":"closed","ping_status":"open","sticky":false,"template":"","format":"standard","meta":{"_joinchat":[],"footnotes":""},"categories":[1720,1345,1],"tags":[],"class_list":["post-91804","post","type-post","status-publish","format-standard","has-post-thumbnail","hentry","category-general","category-noticias-internacionales","category-uncategorized","have-post-thumb"],"_links":{"self":[{"href":"https:\/\/www.evafm.net\/sitio\/wp-json\/wp\/v2\/posts\/91804","targetHints":{"allow":["GET"]}}],"collection":[{"href":"https:\/\/www.evafm.net\/sitio\/wp-json\/wp\/v2\/posts"}],"about":[{"href":"https:\/\/www.evafm.net\/sitio\/wp-json\/wp\/v2\/types\/post"}],"author":[{"embeddable":true,"href":"https:\/\/www.evafm.net\/sitio\/wp-json\/wp\/v2\/users\/5"}],"replies":[{"embeddable":true,"href":"https:\/\/www.evafm.net\/sitio\/wp-json\/wp\/v2\/comments?post=91804"}],"version-history":[{"count":1,"href":"https:\/\/www.evafm.net\/sitio\/wp-json\/wp\/v2\/posts\/91804\/revisions"}],"predecessor-version":[{"id":91839,"href":"https:\/\/www.evafm.net\/sitio\/wp-json\/wp\/v2\/posts\/91804\/revisions\/91839"}],"wp:featuredmedia":[{"embeddable":true,"href":"https:\/\/www.evafm.net\/sitio\/wp-json\/wp\/v2\/media\/91838"}],"wp:attachment":[{"href":"https:\/\/www.evafm.net\/sitio\/wp-json\/wp\/v2\/media?parent=91804"}],"wp:term":[{"taxonomy":"category","embeddable":true,"href":"https:\/\/www.evafm.net\/sitio\/wp-json\/wp\/v2\/categories?post=91804"},{"taxonomy":"post_tag","embeddable":true,"href":"https:\/\/www.evafm.net\/sitio\/wp-json\/wp\/v2\/tags?post=91804"}],"curies":[{"name":"wp","href":"https:\/\/api.w.org\/{rel}","templated":true}]}}