{"id":91805,"date":"2025-07-27T19:54:33","date_gmt":"2025-07-28T00:54:33","guid":{"rendered":"https:\/\/www.evafm.net\/sitio\/?p=91805"},"modified":"2025-07-27T19:54:33","modified_gmt":"2025-07-28T00:54:33","slug":"emelec-confirma-lesion-de-marco-cuero","status":"publish","type":"post","link":"https:\/\/www.evafm.net\/sitio\/emelec-confirma-lesion-de-marco-cuero\/","title":{"rendered":"Emelec confirma lesi\u00f3n de Marco Cuero"},"content":{"rendered":"<p><strong>El C. S. Emelec<\/strong> emiti\u00f3 un comunicado m\u00e9dico este s\u00e1bado para informar sobre la situaci\u00f3n f\u00edsica del jugador <strong>Marco Cuero. <\/strong><\/p>\n<p>Seg\u00fan detalla el parte, el defensor sufri\u00f3 una elongaci\u00f3n en la regi\u00f3n isquiotibial izquierda durante la pr\u00e1ctica del d\u00eda.<\/p>\n<p>El futbolista no pudo continuar con normalidad y fue derivado al cuerpo m\u00e9dico para su evaluaci\u00f3n.<\/p>\n<p>Actualmente, se est\u00e1n realizando estudios por im\u00e1genes para determinar la gravedad de la lesi\u00f3n y establecer un pron\u00f3stico de recuperaci\u00f3n.<\/p>\n<p>Desde el departamento m\u00e9dico del club no se ha precisado un tiempo estimado de baja, a la espera de los resultados de las pruebas complementarias.<strong>(D)<\/strong><\/p>\n<p>&nbsp;<\/p>\n<div class=\"css-1dbjc4n r-18u37iz r-kzbkwu\">\n<div class=\"css-1dbjc4n r-eqz5dr r-1777fci r-4amgru r-1kh6xel\">\n<div class=\"css-1dbjc4n r-1ny4l3l\">\n<div class=\"css-1dbjc4n r-1wbh5a2 r-dnmrzs r-1ny4l3l\">\n<div class=\"css-1dbjc4n r-1wbh5a2 r-dnmrzs r-1ny4l3l\">\n<div class=\"css-1dbjc4n r-1awozwy r-18u37iz r-dnmrzs\">\n<div class=\"css-901oao r-1awozwy r-18jsvk2 r-6koalj r-1qd0xha r-a023e6 r-b88u0q r-rjixqe r-bcqeeo r-1udh08x r-3s2u2q r-qvutc0\" dir=\"auto\"><strong><span class=\"css-901oao css-16my406 css-1hf3ou5 r-poiln3 r-bcqeeo r-qvutc0\"><span class=\"css-901oao css-16my406 r-poiln3 r-bcqeeo r-qvutc0\">Club Sport Emelec<\/span><\/span><\/strong><\/div>\n<div class=\"css-901oao r-18jsvk2 r-xoduu5 r-18u37iz r-1q142lx r-1qd0xha r-a023e6 r-16dba41 r-rjixqe r-bcqeeo r-qvutc0\" dir=\"auto\"><\/div>\n<\/div>\n<div class=\"css-1dbjc4n r-1awozwy r-18u37iz r-1wbh5a2\">\n<div class=\"css-1dbjc4n\">\n<div class=\"css-901oao css-1hf3ou5 r-14j79pv r-18u37iz r-1qd0xha r-1wvb978 r-a023e6 r-16dba41 r-rjixqe r-bcqeeo r-qvutc0\" dir=\"ltr\"><strong><span class=\"css-901oao css-16my406 r-poiln3 r-bcqeeo r-qvutc0\">@CSEmelec<\/span><\/strong><\/div>\n<\/div>\n<div class=\"css-1dbjc4n r-18u37iz r-1q142lx\">\n<div class=\"css-901oao r-14j79pv r-1q142lx r-1qd0xha r-a023e6 r-16dba41 r-rjixqe r-bcqeeo r-s1qlax r-qvutc0\" dir=\"auto\" aria-hidden=\"true\"><\/div>\n<\/div>\n<\/div>\n<\/div>\n<\/div>\n<\/div>\n<\/div>\n<\/div>\n<div class=\"css-1dbjc4n\">\n<div class=\"css-901oao r-18jsvk2 r-1dqbpge r-1qd0xha r-adyw6z r-16dba41 r-135wba7 r-bcqeeo r-bnwqim r-qvutc0\" dir=\"auto\" lang=\"es\" data-testid=\"tweetText\"><strong><span class=\"css-901oao css-16my406 r-poiln3 r-bcqeeo r-qvutc0\">Informe m\u00e9dico <\/span> <span class=\"r-18u37iz\"><a class=\"css-4rbku5 css-18t94o4 css-901oao css-16my406 r-1loqt21 r-poiln3 r-bcqeeo r-qvutc0\" dir=\"ltr\" role=\"link\" href=\"https:\/\/twitter.com\/ClinicaDlm?ref_src=twsrc%5Etfw%7Ctwcamp%5Etweetembed%7Ctwterm%5E1949516921495286226%7Ctwgr%5E38863261f2ac98ec8d8ecbc07e70d593c4f5263e%7Ctwcon%5Es1_&amp;ref_url=https%3A%2F%2Fstudiofutbol.com.ec%2F2025%2F07%2F27%2Finforme-medico-emelec-confirma-lesion-de-marco-cuero%2F\" target=\"_blank\" rel=\"noopener noreferrer nofollow\">@ClinicaDLM<\/a><\/span> <span class=\"r-18u37iz\"><a class=\"css-4rbku5 css-18t94o4 css-901oao css-16my406 r-1loqt21 r-poiln3 r-bcqeeo r-qvutc0\" dir=\"ltr\" role=\"link\" href=\"https:\/\/twitter.com\/cruzazulec?ref_src=twsrc%5Etfw%7Ctwcamp%5Etweetembed%7Ctwterm%5E1949516921495286226%7Ctwgr%5E38863261f2ac98ec8d8ecbc07e70d593c4f5263e%7Ctwcon%5Es1_&amp;ref_url=https%3A%2F%2Fstudiofutbol.com.ec%2F2025%2F07%2F27%2Finforme-medico-emelec-confirma-lesion-de-marco-cuero%2F\" target=\"_blank\" rel=\"noopener noreferrer nofollow\">@cruzazulec<\/a><\/span><\/strong><\/div>\n<\/div>\n<p><img decoding=\"async\" src=\"https:\/\/pbs.twimg.com\/media\/Gw4TP17WIAAb6ua?format=jpg&amp;name=small\" alt=\"Image\" \/><\/p>\n<p>&nbsp;<\/p>\n<p><strong>Fuente<\/strong>: evafm.net &#8211; studiofutbol.com.ec<\/p>\n<div class=\"gsp_post_data\" \r\n\t            data-post_type=\"post\" \r\n\t            data-cat=\"deportes-ecuador,general,uncategorized\" \r\n\t            data-modified=\"120\"\r\n\t            data-created=\"1753646073\"\r\n\t            data-title=\"Emelec confirma lesi\u00f3n de Marco Cuero\" \r\n\t            data-home=\"https:\/\/www.evafm.net\/sitio\"><\/div>","protected":false},"excerpt":{"rendered":"<p>El C. S. Emelec emiti\u00f3 un comunicado m\u00e9dico este s\u00e1bado para informar sobre la situaci\u00f3n f\u00edsica del jugador Marco Cuero. Seg\u00fan detalla el parte, el defensor sufri\u00f3 una elongaci\u00f3n en la regi\u00f3n isquiotibial izquierda durante la pr\u00e1ctica del d\u00eda. El futbolista no pudo continuar con normalidad y fue derivado al cuerpo m\u00e9dico para su evaluaci\u00f3n&#8230;.<\/p>\n","protected":false},"author":5,"featured_media":91840,"comment_status":"closed","ping_status":"open","sticky":false,"template":"","format":"standard","meta":{"_joinchat":[],"footnotes":""},"categories":[1557,1720,1],"tags":[],"class_list":["post-91805","post","type-post","status-publish","format-standard","has-post-thumbnail","hentry","category-deportes-ecuador","category-general","category-uncategorized","have-post-thumb"],"_links":{"self":[{"href":"https:\/\/www.evafm.net\/sitio\/wp-json\/wp\/v2\/posts\/91805","targetHints":{"allow":["GET"]}}],"collection":[{"href":"https:\/\/www.evafm.net\/sitio\/wp-json\/wp\/v2\/posts"}],"about":[{"href":"https:\/\/www.evafm.net\/sitio\/wp-json\/wp\/v2\/types\/post"}],"author":[{"embeddable":true,"href":"https:\/\/www.evafm.net\/sitio\/wp-json\/wp\/v2\/users\/5"}],"replies":[{"embeddable":true,"href":"https:\/\/www.evafm.net\/sitio\/wp-json\/wp\/v2\/comments?post=91805"}],"version-history":[{"count":1,"href":"https:\/\/www.evafm.net\/sitio\/wp-json\/wp\/v2\/posts\/91805\/revisions"}],"predecessor-version":[{"id":91841,"href":"https:\/\/www.evafm.net\/sitio\/wp-json\/wp\/v2\/posts\/91805\/revisions\/91841"}],"wp:featuredmedia":[{"embeddable":true,"href":"https:\/\/www.evafm.net\/sitio\/wp-json\/wp\/v2\/media\/91840"}],"wp:attachment":[{"href":"https:\/\/www.evafm.net\/sitio\/wp-json\/wp\/v2\/media?parent=91805"}],"wp:term":[{"taxonomy":"category","embeddable":true,"href":"https:\/\/www.evafm.net\/sitio\/wp-json\/wp\/v2\/categories?post=91805"},{"taxonomy":"post_tag","embeddable":true,"href":"https:\/\/www.evafm.net\/sitio\/wp-json\/wp\/v2\/tags?post=91805"}],"curies":[{"name":"wp","href":"https:\/\/api.w.org\/{rel}","templated":true}]}}