{"id":91824,"date":"2025-07-27T15:09:21","date_gmt":"2025-07-27T20:09:21","guid":{"rendered":"https:\/\/www.evafm.net\/sitio\/?p=91824"},"modified":"2025-07-27T15:09:21","modified_gmt":"2025-07-27T20:09:21","slug":"el-gesto-de-travis-kelce-que-deja-claro-lo-que-siente-por-taylor-swift","status":"publish","type":"post","link":"https:\/\/www.evafm.net\/sitio\/el-gesto-de-travis-kelce-que-deja-claro-lo-que-siente-por-taylor-swift\/","title":{"rendered":"El gesto de Travis Kelce que deja claro lo que siente por Taylor Swift"},"content":{"rendered":"<p>Esta semana,<strong>\u00a0<a title=\"https:\/\/www.infobae.com\/deportes\/2025\/02\/09\/la-historia-de-travis-kelce-la-estrella-que-supero-las-adicciones-y-se-hizo-conocido-en-el-mundo-por-ser-la-pareja-de-taylor-swift\/\" href=\"https:\/\/www.infobae.com\/deportes\/2025\/02\/09\/la-historia-de-travis-kelce-la-estrella-que-supero-las-adicciones-y-se-hizo-conocido-en-el-mundo-por-ser-la-pareja-de-taylor-swift\/\" target=\"_blank\" rel=\"noopener noreferrer\" data-mrf-link=\"https:\/\/www.infobae.com\/deportes\/2025\/02\/09\/la-historia-de-travis-kelce-la-estrella-que-supero-las-adicciones-y-se-hizo-conocido-en-el-mundo-por-ser-la-pareja-de-taylor-swift\/\">Travis Kelce<\/a><\/strong>\u00a0comparti\u00f3 p\u00fablicamente por primera vez una serie de fotos en Instagram junto a su pareja, la superestrella<a title=\"https:\/\/www.infobae.com\/espana\/cultura\/2025\/07\/22\/taylor-swift-tendra-una-nueva-serie-documental-que-repasara-toda-su-carrera\/\" href=\"https:\/\/www.infobae.com\/espana\/cultura\/2025\/07\/22\/taylor-swift-tendra-una-nueva-serie-documental-que-repasara-toda-su-carrera\/\" target=\"_blank\" rel=\"noopener noreferrer\" data-mrf-link=\"https:\/\/www.infobae.com\/espana\/cultura\/2025\/07\/22\/taylor-swift-tendra-una-nueva-serie-documental-que-repasara-toda-su-carrera\/\">\u00a0<strong>Taylor Swift.<\/strong><\/a><\/p>\n<p class=\"paragraph\" data-mrf-recirculation=\"Links inline\">El carrusel de im\u00e1genes, publicado el jueves 24 de julio, no solo mostr\u00f3 momentos \u00edntimos y alegres del receso de temporada del jugador, sino que<\/p>\n<p class=\"paragraph\" data-mrf-recirculation=\"Links inline\">tambi\u00e9n dej\u00f3 en evidencia lo s\u00f3lida que se ha vuelto la relaci\u00f3n entre ambos.<\/p>\n<div class=\"inline ad-wrapper\">\n<div class=\"dfpAd ad-inline\"><\/div>\n<\/div>\n<p class=\"paragraph\" data-mrf-recirculation=\"Links inline\">El post, que incluye\u00a0<b>13 im\u00e1genes<\/b>\u00a0\u2014un gui\u00f1o evidente al n\u00famero favorito de Swift\u2014, ofrece una mirada inusual y cuidadosamente seleccionada sobre la vida que comparten en privado.<\/p>\n<p class=\"paragraph\" data-mrf-recirculation=\"Links inline\">Los enamorados se muestran abrazados en un bote, en un restaurante vistiendo atuendos a juego, patinando sobre hielo, en la nieve y compartiendo con amigos durante una escapada<\/p>\n<p class=\"paragraph\" data-mrf-recirculation=\"Links inline\">a Montana.<\/p>\n<div class=\"inline_2_DSK ad-wrapper ad-desktop\">\n<div class=\"dfpAd ad-inline\"><\/div>\n<\/div>\n<p class=\"paragraph\" data-mrf-recirculation=\"Links inline\">La int\u00e9rprete de<strong> \u201cLove Story\u201d<\/strong> aparece en siete de las instant\u00e1neas.<\/p>\n<p class=\"paragraph\" data-mrf-recirculation=\"Links inline\">En otra de las fotos, Kelce aparece sonriendo con una gorra dorada con la palabra \u201cCapit\u00e1n\u201d, mientras Swift, divertida, se\u00f1ala hacia \u00e9l con una gorra que dice \u201cPrimer oficial\u201d.<\/p>\n<p class=\"paragraph\" data-mrf-recirculation=\"Links inline\">\u201cTuve algunas aventuras en estas vacaciones\u201d, escribi\u00f3 Kelce en la descripci\u00f3n de la publicaci\u00f3n, en la que tambi\u00e9n aparecen sus padres,<b>\u00a0Donna y Ed Kelce,<\/b> su hermano Jason<\/p>\n<p class=\"paragraph\" data-mrf-recirculation=\"Links inline\">y otros amigos cercanos.<\/p>\n<p class=\"paragraph\" data-mrf-recirculation=\"Links inline\">Seg\u00fan inform\u00f3\u00a0<i>PEOPLE<\/i>, la decisi\u00f3n de Kelce de compartir estas im\u00e1genes no fue algo al azar.<\/p>\n<p class=\"paragraph\" data-mrf-recirculation=\"Links inline\"><b>\u201cFue intencional\u201d<\/b>, revel\u00f3 una fuente cercana al jugador.\u00a0<b>\u201cHan sido reservados a su manera, pero esta fue su forma de mostrar lo serio que se ha vuelto todo\u201d.<\/b><\/p>\n<p class=\"paragraph\" data-mrf-recirculation=\"Links inline\"><b>\u201cLa relaci\u00f3n est\u00e1 muy s\u00f3lida y ellos se sienten m\u00e1s en sinton\u00eda que nunca\u201d,<\/b> asegur\u00f3 la misma fuente.<\/p>\n<p class=\"paragraph\" data-mrf-recirculation=\"Links inline\"><b>\u201cFue intencional\u201d<\/b>, revel\u00f3 una fuente cercana al jugador.\u00a0<b>\u201cHan sido reservados a su manera, pero esta fue su forma de mostrar lo serio que se ha vuelto todo\u201d.<\/b><\/p>\n<p class=\"paragraph\" data-mrf-recirculation=\"Links inline\"><b>\u201cLa relaci\u00f3n est\u00e1 muy s\u00f3lida y ellos se sienten m\u00e1s en sinton\u00eda que nunca\u201d,<\/b> asegur\u00f3 la misma fuente.<\/p>\n<p data-mrf-recirculation=\"Links inline\">\n<p class=\"paragraph\" data-mrf-recirculation=\"Links inline\"><strong>\u00bfUn anillo de compromiso?<\/strong><\/p>\n<p class=\"paragraph\" data-mrf-recirculation=\"Links inline\">La publicaci\u00f3n tambi\u00e9n llam\u00f3 la atenci\u00f3n por un peque\u00f1o detalle: el<b>\u00a0fondo de pantalla del celular de Kelce<\/b>\u00a0aparece en una de las im\u00e1genes, y muestra una foto en<\/p>\n<p class=\"paragraph\" data-mrf-recirculation=\"Links inline\">blanco y negro de la pareja.<\/p>\n<p class=\"paragraph\" data-mrf-recirculation=\"Links inline\">Los fans m\u00e1s observadores no tardaron en especular sobre un posible compromiso, ya que Swift parece estar usando un anillo en esa foto.<\/p>\n<p class=\"paragraph\" data-mrf-recirculation=\"Links inline\">No obstante, el rumor fue r\u00e1pidamente desmentido por\u00a0<i>TMZ<\/i>, publicaci\u00f3n que contact\u00f3 a allegados cercanos al jugador.<\/p>\n<p class=\"paragraph\" data-mrf-recirculation=\"Links inline\">Seg\u00fan el medio, \u201cla foto en cuesti\u00f3n muestra en realidad a Taylor usando los tres anillos del Super Bowl de Travis\u201d.<\/p>\n<p class=\"paragraph\" data-mrf-recirculation=\"Links inline\">La fuente fue clara: \u201cNo es una foto de compromiso y Taylor y Travis NO est\u00e1n comprometidos\u201d.<\/p>\n<p data-mrf-recirculation=\"Links inline\">\n<p data-mrf-recirculation=\"Links inline\"><strong>Lo que sabemos del romance de Travis Kelce y Taylor Swift<\/strong><\/p>\n<p class=\"paragraph\" data-mrf-recirculation=\"Links inline\"><a title=\"https:\/\/www.infobae.com\/entretenimiento\/2024\/06\/25\/travis-kelce-confeso-como-fue-que-se-enamoro-de-taylor-swift\/\" href=\"https:\/\/www.infobae.com\/entretenimiento\/2024\/06\/25\/travis-kelce-confeso-como-fue-que-se-enamoro-de-taylor-swift\/\" target=\"_blank\" rel=\"noopener noreferrer\" data-mrf-link=\"https:\/\/www.infobae.com\/entretenimiento\/2024\/06\/25\/travis-kelce-confeso-como-fue-que-se-enamoro-de-taylor-swift\/\">Travis Kelce y Taylor Swift<\/a>\u00a0comenzaron a salir en secreto durante el verano de 2023, despu\u00e9s de que el jugador hiciera p\u00fablica su frustraci\u00f3n por no haber podido entregarle a la cantante<\/p>\n<p class=\"paragraph\" data-mrf-recirculation=\"Links inline\">una pulsera de la amistad durante el concierto de su\u00a0<i>Eras Tour<\/i>\u00a0en Kansas City.<\/p>\n<div class=\"undefined ad-wrapper\">\n<div class=\"dfpAd \">\n<div id=\"infobae\/entretenimiento\/nota\/undefined\" class=\"infobae\/entretenimiento\/nota\/undefined arcad\"><\/div>\n<\/div>\n<\/div>\n<p class=\"paragraph\" data-mrf-recirculation=\"Links inline\">Fue en septiembre de ese mismo a\u00f1o que la relaci\u00f3n se hizo p\u00fablica, cuando Swift asisti\u00f3 a un partido de los Chiefs y se sent\u00f3 en el palco junto a la madre de Kelce.<\/p>\n<p data-mrf-recirculation=\"Links inline\">\n<p class=\"paragraph\" data-mrf-recirculation=\"Links inline\">Desde entonces, aunque ambos han mantenido cierta discreci\u00f3n, han dado se\u00f1ales claras del progreso de su historia.<\/p>\n<p class=\"paragraph\" data-mrf-recirculation=\"Links inline\">En junio de 2024, Swift comparti\u00f3 por primera vez una foto junto a Kelce en su cuenta de Instagram, donde posaron con el\u00a0<b>pr\u00edncipe William<\/b>\u00a0y sus hijos en uno de sus shows en Londres.<\/p>\n<div class=\"undefined ad-wrapper\">\n<div class=\"dfpAd \">\n<div id=\"infobae\/entretenimiento\/nota\/undefined\" class=\"infobae\/entretenimiento\/nota\/undefined arcad\"><\/div>\n<\/div>\n<\/div>\n<p class=\"paragraph\" data-mrf-recirculation=\"Links inline\">Durante esta temporada baja, Swift acompa\u00f1\u00f3 a Kelce a Nashville para el evento \u201cTight End University\u201d, donde sorprendi\u00f3 a todos al subir al escenario para cantar<\/p>\n<p class=\"paragraph\" data-mrf-recirculation=\"Links inline\">\u201cShake It Off\u201d junto al artista country Kane Brown.<\/p>\n<p class=\"paragraph\" data-mrf-recirculation=\"Links inline\">La publicaci\u00f3n llega en un momento significativo para ambos. Mientras Kelce se prepara para su decimotercera temporada en la NFL con la vista puesta en otra victoria del Super Bowl<\/p>\n<p class=\"paragraph\" data-mrf-recirculation=\"Links inline\">Swift acaba de recuperar el control total de su cat\u00e1logo musical.<\/p>\n<p class=\"paragraph\" data-mrf-recirculation=\"Links inline\">\u201cElla est\u00e1 orgullosa, aliviada y siente que finalmente se ha cerrado un cap\u00edtulo de la mejor manera posible\u201d, dijo un insider a<i>\u00a0PEOPLE<\/i>. \u201cTener a Travis a su lado lo hizo a\u00fan m\u00e1s especial\u201d. <strong>(E)<\/strong><\/p>\n<p data-mrf-recirculation=\"Links inline\">\n<p data-mrf-recirculation=\"Links inline\"><img fetchpriority=\"high\" decoding=\"async\" class=\"global-image\" src=\"https:\/\/www.infobae.com\/resizer\/v2\/F7ALDQ4RVZCUPB7LX55WBBHWNQ.jpg?auth=f8154759a50816e04b9bdac3501ffd8539695a300bbe7874ea13e7b08ca982ce&amp;smart=true&amp;width=350&amp;height=340&amp;quality=85\" alt=\"Las fotos revelan una faceta\" width=\"875\" height=\"850\" \/><\/p>\n<p data-mrf-recirculation=\"Links inline\">Las fotos revelan una faceta \u00edntima y divertida de su relaci\u00f3n con Taylor Swift, hasta ahora poco vista en redes<\/p>\n<p data-mrf-recirculation=\"Links inline\">(Instagram\/TravisKelce<\/p>\n<p data-mrf-recirculation=\"Links inline\">\n<p data-mrf-recirculation=\"Links inline\"><img decoding=\"async\" class=\"\" src=\"https:\/\/www.infobae.com\/resizer\/v2\/BSPWJ6U52RGUNI4TCWB6THJYGM.jpg?auth=c3cecacc444324db62d0b901896eb054627cb2d61cf98b078225b8219eacce5a&amp;smart=true&amp;width=350&amp;height=444&amp;quality=85\" alt=\"Swift aparece con gafas de\" width=\"875\" height=\"1110\" \/><\/p>\n<p data-mrf-recirculation=\"Links inline\">Swift aparece con gafas de marco negro en una imagen donde Kelce posa como si fuera un esp\u00eda de pel\u00edcula<\/p>\n<p data-mrf-recirculation=\"Links inline\">(Instagram\/TravisKelce<\/p>\n<p data-mrf-recirculation=\"Links inline\"><strong>Fuente<\/strong>: evafm.net &#8211; infobae.com<\/p>\n<div class=\"gsp_post_data\" \r\n\t            data-post_type=\"post\" \r\n\t            data-cat=\"farandula-internacional\" \r\n\t            data-modified=\"120\"\r\n\t            data-created=\"1753628961\"\r\n\t            data-title=\"El gesto de Travis Kelce que deja claro lo que siente por Taylor Swift\" \r\n\t            data-home=\"https:\/\/www.evafm.net\/sitio\"><\/div>","protected":false},"excerpt":{"rendered":"<p>Esta semana,\u00a0Travis Kelce\u00a0comparti\u00f3 p\u00fablicamente por primera vez una serie de fotos en Instagram junto a su pareja, la superestrella\u00a0Taylor Swift. El carrusel de im\u00e1genes, publicado el jueves 24 de julio, no solo mostr\u00f3 momentos \u00edntimos y alegres del receso de temporada del jugador, sino que tambi\u00e9n dej\u00f3 en evidencia lo s\u00f3lida que se ha vuelto&#8230;<\/p>\n","protected":false},"author":5,"featured_media":91825,"comment_status":"closed","ping_status":"open","sticky":false,"template":"","format":"standard","meta":{"_joinchat":[],"footnotes":""},"categories":[1346],"tags":[],"class_list":["post-91824","post","type-post","status-publish","format-standard","has-post-thumbnail","hentry","category-farandula-internacional","have-post-thumb"],"_links":{"self":[{"href":"https:\/\/www.evafm.net\/sitio\/wp-json\/wp\/v2\/posts\/91824","targetHints":{"allow":["GET"]}}],"collection":[{"href":"https:\/\/www.evafm.net\/sitio\/wp-json\/wp\/v2\/posts"}],"about":[{"href":"https:\/\/www.evafm.net\/sitio\/wp-json\/wp\/v2\/types\/post"}],"author":[{"embeddable":true,"href":"https:\/\/www.evafm.net\/sitio\/wp-json\/wp\/v2\/users\/5"}],"replies":[{"embeddable":true,"href":"https:\/\/www.evafm.net\/sitio\/wp-json\/wp\/v2\/comments?post=91824"}],"version-history":[{"count":2,"href":"https:\/\/www.evafm.net\/sitio\/wp-json\/wp\/v2\/posts\/91824\/revisions"}],"predecessor-version":[{"id":91827,"href":"https:\/\/www.evafm.net\/sitio\/wp-json\/wp\/v2\/posts\/91824\/revisions\/91827"}],"wp:featuredmedia":[{"embeddable":true,"href":"https:\/\/www.evafm.net\/sitio\/wp-json\/wp\/v2\/media\/91825"}],"wp:attachment":[{"href":"https:\/\/www.evafm.net\/sitio\/wp-json\/wp\/v2\/media?parent=91824"}],"wp:term":[{"taxonomy":"category","embeddable":true,"href":"https:\/\/www.evafm.net\/sitio\/wp-json\/wp\/v2\/categories?post=91824"},{"taxonomy":"post_tag","embeddable":true,"href":"https:\/\/www.evafm.net\/sitio\/wp-json\/wp\/v2\/tags?post=91824"}],"curies":[{"name":"wp","href":"https:\/\/api.w.org\/{rel}","templated":true}]}}