{"id":91863,"date":"2025-07-28T17:23:10","date_gmt":"2025-07-28T22:23:10","guid":{"rendered":"https:\/\/www.evafm.net\/sitio\/?p=91863"},"modified":"2025-07-28T17:23:10","modified_gmt":"2025-07-28T22:23:10","slug":"piero-hincapie-aclara-su-futuro","status":"publish","type":"post","link":"https:\/\/www.evafm.net\/sitio\/piero-hincapie-aclara-su-futuro\/","title":{"rendered":"Piero Hincapi\u00e9 aclara su futuro"},"content":{"rendered":"<p>El defensor ecuatoriano Piero Hincapi\u00e9 se refiri\u00f3 a los recientes rumores que lo vinculan con el Atl\u00e9tico de Madrid y fue claro al asegurar que, por ahora, su mente est\u00e1 completamente puesta en el Bayer Leverkusen.<\/p>\n<p data-start=\"403\" data-end=\"625\">En declaraciones al medio alem\u00e1n\u00a0<em data-start=\"436\" data-end=\"453\">Rheinische Post<\/em>, el zaguero tricolor manifest\u00f3:<\/p>\n<p data-start=\"403\" data-end=\"625\"><strong> \u201cSoy todav\u00eda joven, pero he estado aqu\u00ed algunos a\u00f1os, gan\u00e9 experiencia y t\u00edtulos\u2026 No me preocupan los rumores sobre el Atl\u00e9tico de Madrid\u201d.<\/strong><\/p>\n<p data-start=\"627\" data-end=\"1004\">Hincapi\u00e9, quien renov\u00f3 contrato hasta 2029 con el vigente campe\u00f3n de la Bundesliga, destac\u00f3 su compromiso con el equipo dirigido por Xabi Alonso:<\/p>\n<p data-start=\"627\" data-end=\"1004\"><strong>\u201cEstoy absolutamente enfocado en el Bayer Leverkusen, tengo contrato con el club. Que otros equipos se fijen en tu rendimiento demuestra que est\u00e1s haciendo las cosas bien, pero como digo<\/strong><\/p>\n<p data-start=\"627\" data-end=\"1004\"><strong> mi foco est\u00e1 100% con el Bayer Leverkusen\u201d.<\/strong><\/p>\n<p data-start=\"1006\" data-end=\"1268\" data-is-last-node=\"\" data-is-only-node=\"\">Con estas declaraciones, el defensor de la selecci\u00f3n ecuatoriana pone pa\u00f1os fr\u00edos a cualquier posibilidad de una salida inmediata y ratifica su intenci\u00f3n de seguir consolid\u00e1ndose en el f\u00fatbol alem\u00e1n, donde ha sido pieza clave del exitoso proyecto del Leverkusen.<strong> (D)<\/strong><\/p>\n<p data-start=\"1006\" data-end=\"1268\" data-is-last-node=\"\" data-is-only-node=\"\">\n<p data-start=\"1006\" data-end=\"1268\" data-is-last-node=\"\" data-is-only-node=\"\"><strong>Fuente:<\/strong> evafm.net &#8211; studiofubol.com.ec<\/p>\n<div class=\"gsp_post_data\" \r\n\t            data-post_type=\"post\" \r\n\t            data-cat=\"deportes-internacionales\" \r\n\t            data-modified=\"120\"\r\n\t            data-created=\"1753723390\"\r\n\t            data-title=\"Piero Hincapi\u00e9 aclara su futuro\" \r\n\t            data-home=\"https:\/\/www.evafm.net\/sitio\"><\/div>","protected":false},"excerpt":{"rendered":"<p>El defensor ecuatoriano Piero Hincapi\u00e9 se refiri\u00f3 a los recientes rumores que lo vinculan con el Atl\u00e9tico de Madrid y fue claro al asegurar que, por ahora, su mente est\u00e1 completamente puesta en el Bayer Leverkusen. En declaraciones al medio alem\u00e1n\u00a0Rheinische Post, el zaguero tricolor manifest\u00f3: \u201cSoy todav\u00eda joven, pero he estado aqu\u00ed algunos a\u00f1os,&#8230;<\/p>\n","protected":false},"author":5,"featured_media":91864,"comment_status":"closed","ping_status":"open","sticky":false,"template":"","format":"standard","meta":{"_joinchat":[],"footnotes":""},"categories":[1342],"tags":[],"class_list":["post-91863","post","type-post","status-publish","format-standard","has-post-thumbnail","hentry","category-deportes-internacionales","have-post-thumb"],"_links":{"self":[{"href":"https:\/\/www.evafm.net\/sitio\/wp-json\/wp\/v2\/posts\/91863","targetHints":{"allow":["GET"]}}],"collection":[{"href":"https:\/\/www.evafm.net\/sitio\/wp-json\/wp\/v2\/posts"}],"about":[{"href":"https:\/\/www.evafm.net\/sitio\/wp-json\/wp\/v2\/types\/post"}],"author":[{"embeddable":true,"href":"https:\/\/www.evafm.net\/sitio\/wp-json\/wp\/v2\/users\/5"}],"replies":[{"embeddable":true,"href":"https:\/\/www.evafm.net\/sitio\/wp-json\/wp\/v2\/comments?post=91863"}],"version-history":[{"count":1,"href":"https:\/\/www.evafm.net\/sitio\/wp-json\/wp\/v2\/posts\/91863\/revisions"}],"predecessor-version":[{"id":91865,"href":"https:\/\/www.evafm.net\/sitio\/wp-json\/wp\/v2\/posts\/91863\/revisions\/91865"}],"wp:featuredmedia":[{"embeddable":true,"href":"https:\/\/www.evafm.net\/sitio\/wp-json\/wp\/v2\/media\/91864"}],"wp:attachment":[{"href":"https:\/\/www.evafm.net\/sitio\/wp-json\/wp\/v2\/media?parent=91863"}],"wp:term":[{"taxonomy":"category","embeddable":true,"href":"https:\/\/www.evafm.net\/sitio\/wp-json\/wp\/v2\/categories?post=91863"},{"taxonomy":"post_tag","embeddable":true,"href":"https:\/\/www.evafm.net\/sitio\/wp-json\/wp\/v2\/tags?post=91863"}],"curies":[{"name":"wp","href":"https:\/\/api.w.org\/{rel}","templated":true}]}}