{"id":91866,"date":"2025-07-28T17:33:27","date_gmt":"2025-07-28T22:33:27","guid":{"rendered":"https:\/\/www.evafm.net\/sitio\/?p=91866"},"modified":"2025-07-28T17:33:27","modified_gmt":"2025-07-28T22:33:27","slug":"rio-aguarico-vs-universidad-catolica-partido-reprogramado-de-la-copa-ecuador","status":"publish","type":"post","link":"https:\/\/www.evafm.net\/sitio\/rio-aguarico-vs-universidad-catolica-partido-reprogramado-de-la-copa-ecuador\/","title":{"rendered":"R\u00edo Aguarico vs. Universidad Cat\u00f3lica partido reprogramado de la Copa Ecuador"},"content":{"rendered":"<p>La\u00a0<b>Federaci\u00f3n Ecuatoriana de F\u00fatbol (FEF)\u00a0<\/b>anunci\u00f3 la nueva fecha y hora para el partido entre\u00a0<b>R\u00edo Aguarico<\/b>\u00a0y\u00a0<strong><a href=\"https:\/\/www.ecuavisa.com\/deportes\/u-catolica\" target=\"_blank\" rel=\"noopener noreferrer\" data-mrf-link=\"https:\/\/www.ecuavisa.com\/deportes\/u-catolica\">Universidad Cat\u00f3lica<\/a>,<\/strong> correspondiente a los 16avos de final de la\u00a0<a href=\"https:\/\/www.ecuavisa.com\/metadatos\/-\/meta\/copa-ecuador\" target=\"_blank\" rel=\"noopener noreferrer\" data-mrf-link=\"https:\/\/www.ecuavisa.com\/metadatos\/-\/meta\/copa-ecuador\">Copa Ecuador<\/a>.<\/p>\n<p>El encuentro, que fue suspendido el pasado mi\u00e9rcoles\u00a0<b>debido a fuertes lluvias,<\/b>\u00a0estaba reprogramado para disputarse el <strong>jueves 24 de julio a las 10:00. <\/strong><\/p>\n<p>Sin embargo, no se pudo jugar por el mal estado del campo en el estadio\u00a0<b>Municipal de Shushufindi.<\/b><\/p>\n<p>Ante esta situaci\u00f3n, el partido se reanudar\u00e1 el <strong>jueves 31 de julio a las 15:30<\/strong> en el estadio\u00a0<b>Ol\u00edmpico de Ibarra\u00a0<\/b>y ser\u00e1 transmitido en vivo por<strong> DSports y DGO.<\/strong><\/p>\n<p>Cabe recordar que el compromiso fue interrumpido al t\u00e9rmino del primer tiempo, con\u00a0<b>el marcador empatado 0-0,\u00a0<\/b>debido a las condiciones clim\u00e1ticas adversas.<\/p>\n<p><b>Universidad Cat\u00f3lica llegar\u00e1 a este partido despu\u00e9s de golear 4-1 a Macar\u00e1\u00a0<\/b>en el estadio Bellavista de Ambato por la fecha 22 de la <strong>LigaPro. (D)<\/strong><\/p>\n<div class=\"css-1dbjc4n r-18u37iz r-kzbkwu\">\n<div class=\"css-1dbjc4n r-1ny4l3l\">\n<div class=\"css-1dbjc4n r-1adg3ll r-bztko3\" data-testid=\"UserAvatar-Container-CopaEcuador\">\n<div class=\"r-1p0dtai r-1pi2tsx r-1d2f490 r-u8s1d r-ipm5af r-13qz1uu\">\n<div class=\"css-1dbjc4n r-1adg3ll r-1pi2tsx r-1wyvozj r-bztko3 r-u8s1d r-1v2oles r-desppf r-13qz1uu\">\n<div class=\"r-1p0dtai r-1pi2tsx r-1d2f490 r-u8s1d r-ipm5af r-13qz1uu\">\n<div class=\"css-1dbjc4n r-sdzlij r-ggadg3 r-1udh08x r-u8s1d r-8jfcpp\">\n<div class=\"css-1dbjc4n r-sdzlij r-1wyvozj r-1udh08x r-633pao r-u8s1d r-1v2oles r-desppf\">\n<div class=\"css-1dbjc4n r-14lw9ot r-1pi2tsx r-13qz1uu\"><\/div>\n<\/div>\n<div class=\"css-1dbjc4n r-14lw9ot r-sdzlij r-1wyvozj r-1udh08x r-633pao r-u8s1d r-1v2oles r-desppf\">\n<div class=\"css-1dbjc4n r-1adg3ll r-1udh08x\">\n<div class=\"r-1adg3ll r-13qz1uu\"><\/div>\n<div class=\"r-1p0dtai r-1pi2tsx r-1d2f490 r-u8s1d r-ipm5af r-13qz1uu\">\n<div class=\"css-1dbjc4n r-1p0dtai r-1mlwlqe r-1d2f490 r-1udh08x r-u8s1d r-zchlnj r-ipm5af r-417010\" aria-label=\"\">\n<div class=\"css-1dbjc4n r-1niwhzg r-vvn4in r-u6sd8q r-4gszlv r-1p0dtai r-1pi2tsx r-1d2f490 r-u8s1d r-zchlnj r-ipm5af r-13qz1uu r-1wyyakw\"><\/div>\n<\/div>\n<\/div>\n<\/div>\n<\/div>\n<div class=\"css-1dbjc4n r-sdzlij r-1wyvozj r-1udh08x r-u8s1d r-1v2oles r-desppf\">\n<div class=\"css-1dbjc4n r-12181gd r-1pi2tsx r-1ny4l3l r-o7ynqc r-6416eg r-13qz1uu\"><\/div>\n<\/div>\n<\/div>\n<\/div>\n<\/div>\n<\/div>\n<\/div>\n<\/div>\n<div class=\"css-1dbjc4n r-eqz5dr r-1777fci r-4amgru r-1kh6xel\">\n<div class=\"css-1dbjc4n r-1ny4l3l\">\n<div class=\"css-1dbjc4n r-1wbh5a2 r-dnmrzs r-1ny4l3l\">\n<div class=\"css-1dbjc4n r-1wbh5a2 r-dnmrzs r-1ny4l3l\">\n<div class=\"css-1dbjc4n r-1awozwy r-18u37iz r-dnmrzs\">\n<div class=\"css-901oao r-1awozwy r-18jsvk2 r-6koalj r-1qd0xha r-a023e6 r-b88u0q r-rjixqe r-bcqeeo r-1udh08x r-3s2u2q r-qvutc0\" dir=\"auto\"><strong><span class=\"css-901oao css-16my406 css-1hf3ou5 r-poiln3 r-bcqeeo r-qvutc0\"><span class=\"css-901oao css-16my406 r-poiln3 r-bcqeeo r-qvutc0\">Copa Ecuador<\/span><\/span><\/strong><\/div>\n<div class=\"css-901oao r-18jsvk2 r-xoduu5 r-18u37iz r-1q142lx r-1qd0xha r-a023e6 r-16dba41 r-rjixqe r-bcqeeo r-qvutc0\" dir=\"auto\"><\/div>\n<\/div>\n<div class=\"css-1dbjc4n r-1awozwy r-18u37iz r-1wbh5a2\">\n<div class=\"css-1dbjc4n\">\n<div class=\"css-901oao css-1hf3ou5 r-14j79pv r-18u37iz r-1qd0xha r-1wvb978 r-a023e6 r-16dba41 r-rjixqe r-bcqeeo r-qvutc0\" dir=\"ltr\"><span class=\"css-901oao css-16my406 r-poiln3 r-bcqeeo r-qvutc0\"><strong>@CopaEcuado<\/strong>r<\/span><\/div>\n<\/div>\n<div class=\"css-1dbjc4n r-18u37iz r-1q142lx\">\n<div class=\"css-901oao r-14j79pv r-1q142lx r-1qd0xha r-a023e6 r-16dba41 r-rjixqe r-bcqeeo r-s1qlax r-qvutc0\" dir=\"auto\" aria-hidden=\"true\"><span class=\"css-901oao css-16my406 r-poiln3 r-bcqeeo r-qvutc0\">\u00b7<\/span><\/div>\n<\/div>\n<\/div>\n<\/div>\n<\/div>\n<\/div>\n<\/div>\n<\/div>\n<div class=\"css-1dbjc4n\">\n<div class=\"css-901oao r-18jsvk2 r-1dqbpge r-1qd0xha r-adyw6z r-16dba41 r-135wba7 r-bcqeeo r-bnwqim r-qvutc0\" dir=\"auto\" lang=\"es\" data-testid=\"tweetText\"><span class=\"css-901oao css-16my406 r-poiln3 r-bcqeeo r-qvutc0\">Reprogramaci\u00f3n del partido correspondiente a los 16avos de final de la <\/span><\/div>\n<div class=\"css-901oao r-18jsvk2 r-1dqbpge r-1qd0xha r-adyw6z r-16dba41 r-135wba7 r-bcqeeo r-bnwqim r-qvutc0\" dir=\"auto\" lang=\"es\" data-testid=\"tweetText\"><span class=\"css-901oao css-16my406 r-poiln3 r-bcqeeo r-qvutc0\">Copa Ecuador Ecuabet DIRECTV. <\/span><\/div>\n<\/div>\n<p><img decoding=\"async\" src=\"https:\/\/pbs.twimg.com\/media\/Gw6PSRMWkAA4OB3?format=jpg&amp;name=small\" alt=\"Imagen\" \/><\/p>\n<p><strong>Fuente:<\/strong> evafm.net &#8211; ecuavisa.com<\/p>\n<div class=\"gsp_post_data\" \r\n\t            data-post_type=\"post\" \r\n\t            data-cat=\"deportes-ecuador\" \r\n\t            data-modified=\"120\"\r\n\t            data-created=\"1753724007\"\r\n\t            data-title=\"R\u00edo Aguarico vs. Universidad Cat\u00f3lica partido reprogramado de la Copa Ecuador\" \r\n\t            data-home=\"https:\/\/www.evafm.net\/sitio\"><\/div>","protected":false},"excerpt":{"rendered":"<p>La\u00a0Federaci\u00f3n Ecuatoriana de F\u00fatbol (FEF)\u00a0anunci\u00f3 la nueva fecha y hora para el partido entre\u00a0R\u00edo Aguarico\u00a0y\u00a0Universidad Cat\u00f3lica, correspondiente a los 16avos de final de la\u00a0Copa Ecuador. El encuentro, que fue suspendido el pasado mi\u00e9rcoles\u00a0debido a fuertes lluvias,\u00a0estaba reprogramado para disputarse el jueves 24 de julio a las 10:00. Sin embargo, no se pudo jugar por el&#8230;<\/p>\n","protected":false},"author":5,"featured_media":91867,"comment_status":"closed","ping_status":"open","sticky":false,"template":"","format":"standard","meta":{"_joinchat":[],"footnotes":""},"categories":[1557],"tags":[],"class_list":["post-91866","post","type-post","status-publish","format-standard","has-post-thumbnail","hentry","category-deportes-ecuador","have-post-thumb"],"_links":{"self":[{"href":"https:\/\/www.evafm.net\/sitio\/wp-json\/wp\/v2\/posts\/91866","targetHints":{"allow":["GET"]}}],"collection":[{"href":"https:\/\/www.evafm.net\/sitio\/wp-json\/wp\/v2\/posts"}],"about":[{"href":"https:\/\/www.evafm.net\/sitio\/wp-json\/wp\/v2\/types\/post"}],"author":[{"embeddable":true,"href":"https:\/\/www.evafm.net\/sitio\/wp-json\/wp\/v2\/users\/5"}],"replies":[{"embeddable":true,"href":"https:\/\/www.evafm.net\/sitio\/wp-json\/wp\/v2\/comments?post=91866"}],"version-history":[{"count":1,"href":"https:\/\/www.evafm.net\/sitio\/wp-json\/wp\/v2\/posts\/91866\/revisions"}],"predecessor-version":[{"id":91868,"href":"https:\/\/www.evafm.net\/sitio\/wp-json\/wp\/v2\/posts\/91866\/revisions\/91868"}],"wp:featuredmedia":[{"embeddable":true,"href":"https:\/\/www.evafm.net\/sitio\/wp-json\/wp\/v2\/media\/91867"}],"wp:attachment":[{"href":"https:\/\/www.evafm.net\/sitio\/wp-json\/wp\/v2\/media?parent=91866"}],"wp:term":[{"taxonomy":"category","embeddable":true,"href":"https:\/\/www.evafm.net\/sitio\/wp-json\/wp\/v2\/categories?post=91866"},{"taxonomy":"post_tag","embeddable":true,"href":"https:\/\/www.evafm.net\/sitio\/wp-json\/wp\/v2\/tags?post=91866"}],"curies":[{"name":"wp","href":"https:\/\/api.w.org\/{rel}","templated":true}]}}