{"id":91949,"date":"2025-07-31T20:55:19","date_gmt":"2025-08-01T01:55:19","guid":{"rendered":"https:\/\/www.evafm.net\/sitio\/?p=91949"},"modified":"2025-07-31T20:55:19","modified_gmt":"2025-08-01T01:55:19","slug":"fechas-y-horarios-de-la-jornada-23-de-ligaecuabet-2025","status":"publish","type":"post","link":"https:\/\/www.evafm.net\/sitio\/fechas-y-horarios-de-la-jornada-23-de-ligaecuabet-2025\/","title":{"rendered":"Fechas y Horarios de la Jornada 23 de LigaEcuabet 2025"},"content":{"rendered":"<p>Como est\u00e1n fan\u00e1ticos del espect\u00e1culo maravilloso con sabor a futbol se viene una nueva Jornada en el rect\u00e1ngulo verde en el evento <strong>LigaEcuabet 2025 Serie A Fecha 23 Fase Inicial.<\/strong><\/p>\n<p>que inicia el <strong>viernes 1 de agosto y finaliza el lunes 4 de agosto. (D)<\/strong><\/p>\n<p><strong>A continuaci\u00f3n la siguiente cartelera deportiva programada para la jornada correspondiente.<\/strong><\/p>\n<p><strong>Viernes 1 &#8211; 8 &#8211; 2025<\/strong><\/p>\n<p><strong>C.D. Cuenca vs C.D. Macara\u00a0<\/strong><\/p>\n<p><strong>Hora:<\/strong> 19:00<\/p>\n<p><strong>Estadio: <\/strong>Alejandro Serrano Aguilar<\/p>\n<p><strong>\u00c1rbitros:<\/strong><\/p>\n<p>Robert Cabrera: <strong>Arbitro Central<\/strong><\/p>\n<p>Ricardo Valdiviezo: <strong>A &#8211; 1<\/strong><\/p>\n<p>Wimper Burgoa<strong> A &#8211;\u00a0 2<\/strong><\/p>\n<p>Kevin Poveda: <strong>4to Arbitro}<\/strong><\/p>\n<p><strong>VAR:<\/strong> Jefferson Mac\u00edas<\/p>\n<p><strong>AVAR 1: <\/strong>Giselle Giler<\/p>\n<p><strong>Quality Manager: <\/strong>Manuel Y\u00e9pez<\/p>\n<p><strong>Asesor de \u00c1rbitros <\/strong>Santiago Vallejo<\/p>\n<p>&nbsp;<\/p>\n<p><strong>Sabado 2 &#8211; 8 &#8211; 2025<\/strong><\/p>\n<p><strong>Barcelona SC vs Orense SC<\/strong><\/p>\n<p><strong>Hora:<\/strong> 16: 30<\/p>\n<p><strong>Estadio:<\/strong> Monumental<\/p>\n<p><strong>\u00c1rbitros.<\/strong><\/p>\n<p>Bryan Loayza: Arbitro Central<\/p>\n<p>Sebasti\u00e1n Lozada: <strong>A- 1<\/strong><\/p>\n<p>Edwin Bravo <strong>A &#8211; 2<\/strong><\/p>\n<p>Jaime S\u00e1nchez:<strong>4to Arbitro<\/strong><\/p>\n<p><strong>VAR:<\/strong> RoDdy Zambrano<\/p>\n<p><strong>AVAR 1\u00a0 <\/strong>Hugo Blacio<\/p>\n<p>Quality Manager:<strong>: Klever Freire<\/strong><\/p>\n<p>Marco Correa:<strong> Asesor de \u00c1rbitros<\/strong><\/p>\n<p>&nbsp;<\/p>\n<p><strong>C.A.R.E.I. del Valle vs C.D. El Nacional<\/strong><\/p>\n<p><strong>Hora:<\/strong> 19:00<\/p>\n<p><strong>Estadio: <\/strong>ubicado en el sector de Amagua\u00f1a<\/p>\n<p><strong>\u00c1rbitros:\u00a0<\/strong><\/p>\n<p>Oswaldo Contreras: <strong>Arbitro Central<\/strong><\/p>\n<p>Dennys Guerrero: <strong>A &#8211; 1<\/strong><\/p>\n<p>Romel Robles: <strong>A &#8211; 2<\/strong><\/p>\n<p>Patricio Parra: <strong>4to Arbitro<\/strong><\/p>\n<p><strong>VAR:<\/strong> Gabriel Gonz\u00e1lez<\/p>\n<p><strong>AVAR 1: <\/strong>Mar\u00eda Lupera<\/p>\n<p><strong>Quality Manager:<\/strong> Luis Vera<\/p>\n<p><strong>Asesor de \u00c1rbitros: <\/strong>Felix Badaraco<\/p>\n<p>&nbsp;<\/p>\n<p><strong>Domingo 3 &#8211; 8 &#8211; 2025<\/strong><\/p>\n<p><strong>L.D.U. Quito vs Mushuc Runa SC<\/strong><\/p>\n<p><strong>Hora: <\/strong>11: 00<\/p>\n<p><strong>Estadio: <\/strong>Rodrigo Paz Delgado<\/p>\n<p><strong>\u00c1rbitros:<\/strong><\/p>\n<p>Yerson Zambrano: <strong>Arbitro Central<\/strong><\/p>\n<p>Andr\u00e9s Tola:<strong> A &#8211; 1<\/strong><\/p>\n<p>Eddy Rivera: <strong>A &#8211; 2<\/strong><\/p>\n<p>Duletsy Jara:<strong> 4to Arbitro<\/strong><\/p>\n<p><strong>VAR:<\/strong> Carlos Orbe<\/p>\n<p><strong>AVAR 1: <\/strong>Franklin Congo<\/p>\n<p><strong>Quality Manager:<\/strong> Oswaldo Segura<\/p>\n<p><strong>Asesor de \u00c1rbitros:<\/strong> Juan Corozo<\/p>\n<p>&nbsp;<\/p>\n<p><strong>C.D. U. Cat\u00f3lica vs SD. Aucas<\/strong><\/p>\n<p><strong>Hora:<\/strong> 13:15<\/p>\n<p><strong>Estadio: <\/strong>Ol\u00edmpico Atahualpa<\/p>\n<p><strong>\u00c1rbitros:<\/strong><\/p>\n<p>Augusto Arag\u00f3n:<strong> Arbitro Central<\/strong><\/p>\n<p>Edison V\u00e1squez<strong>: A &#8211; 1<\/strong><\/p>\n<p>Danny \u00c1vila:<strong> A &#8211; 2<\/strong><\/p>\n<p>Roque V\u00e9liz: <strong>4to Arbitro<\/strong><\/p>\n<p><strong>VAR:<\/strong> Mario Romero<\/p>\n<p><strong>AVAR 1:<\/strong> Carlos Bayas<\/p>\n<p><strong>Qualkity Manager: <\/strong>Sandro Vera<\/p>\n<p><strong>Asesor de \u00c1rbitros: <\/strong>Sergio Flores<\/p>\n<p>&nbsp;<\/p>\n<p><strong>C.T. Universitario vs Manta FC<\/strong><\/p>\n<p><strong>Hora:<\/strong> 15:30<\/p>\n<p><strong>Estadio. <\/strong>Bellavista<\/p>\n<p><strong>\u00c1rbitros:<\/strong><\/p>\n<p>Anthony Diaz.<strong> Arbitro Central<\/strong><\/p>\n<p>David Vacacela: <strong>A- 1<\/strong><\/p>\n<p>Flavio Nall: <strong>A &#8211; 2<\/strong><\/p>\n<p>Cristian Arizaga:<strong> 4to Arbitro<\/strong><\/p>\n<p><strong>VAR: <\/strong>Diego Lara<\/p>\n<p><strong>AVAR 1: <\/strong>Ver\u00f3nica Guazhambo<\/p>\n<p><strong>Quality Manager:<\/strong> Ramon Romero<\/p>\n<p><strong>Asesor de \u00c1rbitros: <\/strong>Luis Alvarado<\/p>\n<p>&nbsp;<\/p>\n<p><strong>Libertad FC vs CS. Emelec<\/strong><\/p>\n<p><strong>Hora:<\/strong> 18:00<\/p>\n<p><strong>Estadio:;<\/strong> Reina del Cisne<\/p>\n<p><strong>\u00c1rbitros:<\/strong><\/p>\n<p>Guillermo Guerrero: <strong>Arbitro Central<\/strong><\/p>\n<p>Juan Aguiar:<strong> A &#8211; 1<\/strong><\/p>\n<p>Adri\u00e1n Lescano:<strong> A &#8211; 2<\/strong><\/p>\n<p>Eloy Beltr\u00e1n: <strong>4to Arbitro<\/strong><\/p>\n<p><strong>VAR:<\/strong> Roberto S\u00e1nchez<\/p>\n<p><strong>AVAR 1: <\/strong>Rene Mar\u00edn<\/p>\n<p><strong>Quality Manager:<\/strong> Wilson Avila<\/p>\n<p><strong>Asesor de \u00c1rbitros: <\/strong>Robinson Galarza<\/p>\n<p>&nbsp;<\/p>\n<p><strong>Lunes 4 &#8211; 8 &#8211; 2025<\/strong><\/p>\n<p><strong>Delf\u00edn SC vs Vinotinto del Ecuador FC<\/strong><\/p>\n<p><strong>Hora:<\/strong> 19:00<\/p>\n<p><strong>Estadio: <\/strong>Jocay<\/p>\n<p><strong>\u00c1rbitros:\u00a0<\/strong><\/p>\n<p>Alex Cajas: <strong>Arbitro Central<\/strong><\/p>\n<p>Cristian Lescano:<strong> A &#8211; 1<\/strong><\/p>\n<p>Byron Romero.<strong> A &#8211; 2<\/strong><\/p>\n<p>Bryan Acosta: <strong>4to Arbitro<\/strong><\/p>\n<p><strong>VAR:<\/strong>\u00a0Juan Andrade<\/p>\n<p><strong>AVAR 1: <\/strong>Lenin Qui\u00f1onez<\/p>\n<p><strong>Quality Manager: <\/strong>Manuel Y\u00e9pez<\/p>\n<p><strong>Asesor de \u00c1rbitros: <\/strong>Franklin Loor<\/p>\n<p>&nbsp;<\/p>\n<p><strong>Fuente:<\/strong> evafm.net &#8211; ligapro.ec<\/p>\n<p>&nbsp;<\/p>\n<div class=\"gsp_post_data\" \r\n\t            data-post_type=\"post\" \r\n\t            data-cat=\"deportes-ecuador,general,uncategorized\" \r\n\t            data-modified=\"120\"\r\n\t            data-created=\"1753995319\"\r\n\t            data-title=\"Fechas y Horarios de la Jornada 23 de LigaEcuabet 2025\" \r\n\t            data-home=\"https:\/\/www.evafm.net\/sitio\"><\/div>","protected":false},"excerpt":{"rendered":"<p>Como est\u00e1n fan\u00e1ticos del espect\u00e1culo maravilloso con sabor a futbol se viene una nueva Jornada en el rect\u00e1ngulo verde en el evento LigaEcuabet 2025 Serie A Fecha 23 Fase Inicial. que inicia el viernes 1 de agosto y finaliza el lunes 4 de agosto. (D) A continuaci\u00f3n la siguiente cartelera deportiva programada para la jornada&#8230;<\/p>\n","protected":false},"author":5,"featured_media":91973,"comment_status":"closed","ping_status":"open","sticky":false,"template":"","format":"standard","meta":{"_joinchat":[],"footnotes":""},"categories":[1557,1720,1],"tags":[],"class_list":["post-91949","post","type-post","status-publish","format-standard","has-post-thumbnail","hentry","category-deportes-ecuador","category-general","category-uncategorized","have-post-thumb"],"_links":{"self":[{"href":"https:\/\/www.evafm.net\/sitio\/wp-json\/wp\/v2\/posts\/91949","targetHints":{"allow":["GET"]}}],"collection":[{"href":"https:\/\/www.evafm.net\/sitio\/wp-json\/wp\/v2\/posts"}],"about":[{"href":"https:\/\/www.evafm.net\/sitio\/wp-json\/wp\/v2\/types\/post"}],"author":[{"embeddable":true,"href":"https:\/\/www.evafm.net\/sitio\/wp-json\/wp\/v2\/users\/5"}],"replies":[{"embeddable":true,"href":"https:\/\/www.evafm.net\/sitio\/wp-json\/wp\/v2\/comments?post=91949"}],"version-history":[{"count":1,"href":"https:\/\/www.evafm.net\/sitio\/wp-json\/wp\/v2\/posts\/91949\/revisions"}],"predecessor-version":[{"id":91974,"href":"https:\/\/www.evafm.net\/sitio\/wp-json\/wp\/v2\/posts\/91949\/revisions\/91974"}],"wp:featuredmedia":[{"embeddable":true,"href":"https:\/\/www.evafm.net\/sitio\/wp-json\/wp\/v2\/media\/91973"}],"wp:attachment":[{"href":"https:\/\/www.evafm.net\/sitio\/wp-json\/wp\/v2\/media?parent=91949"}],"wp:term":[{"taxonomy":"category","embeddable":true,"href":"https:\/\/www.evafm.net\/sitio\/wp-json\/wp\/v2\/categories?post=91949"},{"taxonomy":"post_tag","embeddable":true,"href":"https:\/\/www.evafm.net\/sitio\/wp-json\/wp\/v2\/tags?post=91949"}],"curies":[{"name":"wp","href":"https:\/\/api.w.org\/{rel}","templated":true}]}}