{"id":92726,"date":"2025-08-23T15:03:00","date_gmt":"2025-08-23T20:03:00","guid":{"rendered":"https:\/\/www.evafm.net\/sitio\/?p=92726"},"modified":"2025-08-23T15:03:00","modified_gmt":"2025-08-23T20:03:00","slug":"volodimir-zelensky-reitero-que-ucrania-no-entregara-su-tierra-a-rusia","status":"publish","type":"post","link":"https:\/\/www.evafm.net\/sitio\/volodimir-zelensky-reitero-que-ucrania-no-entregara-su-tierra-a-rusia\/","title":{"rendered":"Volodimir Zelensky reiter\u00f3 que Ucrania no entregar\u00e1 su tierra a Rusia"},"content":{"rendered":"<p>El presidente de Ucrania,\u00a0<a title=\"https:\/\/www.infobae.com\/tag\/volodimir-zelensky\/\" href=\"https:\/\/www.infobae.com\/tag\/volodimir-zelensky\/\" target=\"_blank\" rel=\"noopener noreferrer\" data-mrf-link=\"https:\/\/www.infobae.com\/tag\/volodimir-zelensky\/\"><b>Volodimir Zelensky<\/b><\/a>, dijo en un mensaje por el d\u00eda de la bandera, que\u00a0<b>no entregar\u00e1 el territorio ucraniano al ocupante<\/b>.<\/p>\n<p class=\"paragraph\" data-mrf-recirculation=\"Links inline\">\u201cEsta bandera es la meta y el sue\u00f1o de muchos de nuestros compatriotas en los territorios temporalmente ocupados de Ucrania.<\/p>\n<p class=\"paragraph\" data-mrf-recirculation=\"Links inline\">Y\u00a0<b>ellos la protegen, la mantienen a salvo, porque saben que no entregaremos nuestra tierra al ocupante<\/b>\u201d, dijo Zelensky en un mensaje en su cuenta de X.<\/p>\n<div class=\"inline ad-wrapper\">\n<div class=\"dfpAd ad-inline\"><\/div>\n<\/div>\n<p class=\"paragraph\" data-mrf-recirculation=\"Links inline\">La bandera, seg\u00fan Zelensky, da a quienes regresan del cautiverio la sensaci\u00f3n de estar en casa y algo que les da fe a quienes viven en los territorios temporalmente ocupados.<\/p>\n<p data-mrf-recirculation=\"Links inline\">\u201c<b>Esta misma bandera encarna un sentimiento de liberaci\u00f3n para quienes rescatamos del cautiverio ruso<\/b>.<\/p>\n<p data-mrf-recirculation=\"Links inline\">Cuando ven los colores ucranianos comprenden que el mal ha terminado\u201d, afirm\u00f3.<\/p>\n<p data-mrf-recirculation=\"Links inline\"><img fetchpriority=\"high\" decoding=\"async\" class=\"\" src=\"https:\/\/www.infobae.com\/resizer\/v2\/OL3MGVUAENFEJESY2A32NILGSM.jpg?auth=4fd3ed156bb45ee9a7bf966e34a08cb67e95ae461df8440a3dc9742a021f522a&amp;smart=true&amp;width=350&amp;height=354&amp;quality=85\" alt=\"El mensaje de Zelensky en\" width=\"681\" height=\"689\" \/><\/p>\n<p data-mrf-recirculation=\"Links inline\"><strong>El mensaje de Zelensky en X por el d\u00eda de la bandera (@ZelenskyyUa)<\/strong><\/p>\n<p data-mrf-recirculation=\"Links inline\">\u201cEsta bandera representa todo lo m\u00e1s preciado para cientos de miles de nuestros combatientes, hombres y mujeres de toda Ucrania, que defienden no solo una zona<\/p>\n<p data-mrf-recirculation=\"Links inline\">en particular, no solo Vovjansk o Dobropillia, sino toda nuestra Ucrania, y que arriesgan sus vidas para conquistar el derecho a la existencia de todo nuestro estado\u201d, agreg\u00f3.<\/p>\n<p data-mrf-recirculation=\"Links inline\">El mensaje del mandatario se dio luego de que, durante la noche del viernes,\u00a0<a title=\"https:\/\/www.infobae.com\/america\/mundo\/2025\/08\/23\/rusia-lanzo-un-nuevo-ataque-con-misiles-y-drones-contra-zonas-residenciales-en-la-region-de-sumy-en-ucrania\/\" href=\"https:\/\/www.infobae.com\/america\/mundo\/2025\/08\/23\/rusia-lanzo-un-nuevo-ataque-con-misiles-y-drones-contra-zonas-residenciales-en-la-region-de-sumy-en-ucrania\/\" target=\"_blank\" rel=\"noopener noreferrer\" data-mrf-link=\"https:\/\/www.infobae.com\/america\/mundo\/2025\/08\/23\/rusia-lanzo-un-nuevo-ataque-con-misiles-y-drones-contra-zonas-residenciales-en-la-region-de-sumy-en-ucrania\/\"><b>la regi\u00f3n de Sumy fue blanco de ataques enemigos que afectaron los municipios de<\/b><\/a><\/p>\n<p data-mrf-recirculation=\"Links inline\"><a title=\"https:\/\/www.infobae.com\/america\/mundo\/2025\/08\/23\/rusia-lanzo-un-nuevo-ataque-con-misiles-y-drones-contra-zonas-residenciales-en-la-region-de-sumy-en-ucrania\/\" href=\"https:\/\/www.infobae.com\/america\/mundo\/2025\/08\/23\/rusia-lanzo-un-nuevo-ataque-con-misiles-y-drones-contra-zonas-residenciales-en-la-region-de-sumy-en-ucrania\/\" target=\"_blank\" rel=\"noopener noreferrer\" data-mrf-link=\"https:\/\/www.infobae.com\/america\/mundo\/2025\/08\/23\/rusia-lanzo-un-nuevo-ataque-con-misiles-y-drones-contra-zonas-residenciales-en-la-region-de-sumy-en-ucrania\/\"><b> Novoslobodsky y Vorozhbyansky<\/b><\/a>, seg\u00fan inform\u00f3 el Servicio Estatal de Emergencias.<\/p>\n<p class=\"paragraph\" data-mrf-recirculation=\"Links inline\"><b>Los bombardeos da\u00f1aron edificios residenciales y locales no residenciales y provocaron incendios<\/b>, los cuales fueron completamente extinguidos por los especialistas de emergencia.<\/p>\n<p class=\"paragraph\" data-mrf-recirculation=\"Links inline\">Seg\u00fan informaci\u00f3n preliminar, no se registraron heridos.<\/p>\n<p class=\"paragraph\" data-mrf-recirculation=\"Links inline\">El jefe de la regi\u00f3n de Sumy, citado por el medio local\u00a0<i>Ukrinform<\/i>, indic\u00f3 que los ataques forman parte de una serie de agresiones continuas que han golpeado la infraestructura civil de la regi\u00f3n<\/p>\n<p class=\"paragraph\" data-mrf-recirculation=\"Links inline\">obligando a mantener un monitoreo constante de la seguridad de los residentes.<\/p>\n<p class=\"paragraph\" data-mrf-recirculation=\"Links inline\">En paralelo, en otras regiones del pa\u00eds,\u00a0<b>los rusos continuaron desplegando ataques masivos<\/b>. Durante el viernes, la regi\u00f3n de Zaporizhia sufri\u00f3 448 ataques en 17 asentamientos, incluidos<\/p>\n<p class=\"paragraph\" data-mrf-recirculation=\"Links inline\">ataques a\u00e9reos, con MLRS y drones FPV, seg\u00fan inform\u00f3 el jefe de la regi\u00f3n, Ivan Fedorov.<\/p>\n<p class=\"paragraph\" data-mrf-recirculation=\"Links inline\">Adem\u00e1s, destac\u00f3 que, a pesar de la magnitud de los ataques,\u00a0<b>no se reportaron v\u00edctimas civiles<\/b>, aunque se registraron 37 destrucciones de viviendas e infraestructura.<\/p>\n<p class=\"paragraph\" data-mrf-recirculation=\"Links inline\">El funcionario subray\u00f3 que las fortificaciones en Zaporizhia fueron construidas por trabajadores locales dispuestos a operar cerca del frente, lo que permiti\u00f3 mantener bajos los costos de construcci\u00f3n<\/p>\n<p class=\"paragraph\" data-mrf-recirculation=\"Links inline\">y asegurar la resistencia frente a los ataques.<\/p>\n<p class=\"paragraph\" data-mrf-recirculation=\"Links inline\">En\u00a0<b>Sumy<\/b>, los servicios de emergencia continuar\u00e1n evaluando la situaci\u00f3n en los municipios afectados para prevenir nuevos da\u00f1os y garantizar la seguridad de la poblaci\u00f3n civil, mientras las autoridades<\/p>\n<p class=\"paragraph\" data-mrf-recirculation=\"Links inline\">locales mantienen la coordinaci\u00f3n con fuerzas de defensa para mitigar riesgos adicionales y supervisar las consecuencias de los ataques nocturnos.<\/p>\n<p data-mrf-recirculation=\"Links inline\"><strong>El secretario general de la OTAN exigi\u00f3 un respaldo concreto para Ucrania.<\/strong><\/p>\n<p class=\"paragraph\" data-mrf-recirculation=\"Links inline\">Durante una rueda de prensa en Kiev el viernes, el secretario general de la OTAN,\u00a0<b>Mark Rutte<\/b>, y el presidente de Ucrania,\u00a0<b>Volodimir Zelensky<\/b>, explicaron los principales desaf\u00edos y prioridades diplom\u00e1ticas<\/p>\n<p class=\"paragraph\" data-mrf-recirculation=\"Links inline\">ante una posible resoluci\u00f3n del conflicto que enfrenta a ambos pa\u00edses desde 2022.<\/p>\n<p class=\"paragraph\" data-mrf-recirculation=\"Links inline\">\u201c<b>Ser\u00e1 esencial contar con garant\u00edas de seguridad s\u00f3lidas y eso es lo que estamos tratando de definir ahora<\/b>\u201d, afirm\u00f3 el secretario general. Rutte detall\u00f3 que estas garant\u00edas operan en dos niveles.<\/p>\n<p class=\"paragraph\" data-mrf-recirculation=\"Links inline\">El primero consiste en dotar a las fuerzas armadas ucranianas de los recursos y la preparaci\u00f3n necesaria para defender el territorio nacional una vez alcanzado un eventual acuerdo de paz o alto el fuego.<\/p>\n<p class=\"paragraph\" data-mrf-recirculation=\"Links inline\">El segundo nivel involucra los compromisos internacionales asumidos por potencias occidentales.<\/p>\n<p class=\"paragraph\" data-mrf-recirculation=\"Links inline\">\u201cEl segundo nivel ser\u00e1n las garant\u00edas proporcionadas por Europa y Estados Unidos, y eso es en lo que estamos trabajando\u201d, explic\u00f3 Rutte.<\/p>\n<p class=\"paragraph\" data-mrf-recirculation=\"Links inline\">Esta doble v\u00eda de apoyo busca prevenir que Rusia repita escenarios de conflicto en suelo ucraniano.<\/p>\n<div class=\"undefined ad-wrapper\">\n<div class=\"dfpAd \">\n<div id=\"america\/mundo\/nota\/undefined\" class=\"america\/mundo\/nota\/undefined arcad\"><\/div>\n<\/div>\n<\/div>\n<p class=\"paragraph\" data-mrf-recirculation=\"Links inline\"><b>Rutte destac\u00f3 que los planes y conversaciones se elaboran de manera coordinada<\/b>.<\/p>\n<p class=\"paragraph\" data-mrf-recirculation=\"Links inline\">\u201cEstamos trabajando juntos, Ucrania, los europeos y Estados Unidos, para garantizar que las garant\u00edas de seguridad sean tales que Vlad\u00edmir Putin, sentado en Mosc\u00fa, nunca m\u00e1s vuelva a intentar atacar<\/p>\n<p class=\"paragraph\" data-mrf-recirculation=\"Links inline\">Ucrania\u201d, declar\u00f3.<strong>(I)<\/strong><\/p>\n<div class=\"headline-wrapper\"><\/div>\n<p class=\"paragraph\" data-mrf-recirculation=\"Links inline\"><img decoding=\"async\" class=\"global-image\" src=\"https:\/\/www.infobae.com\/resizer\/v2\/QZZMOYXNDBARXMWH6HRJ3C3YZU.JPG?auth=77fb4980732acc8ae4fca4ea6e507bf9ea5ecdcce1d6f078d80dd5630349d082&amp;smart=true&amp;width=350&amp;height=234&amp;quality=85\" alt=\"El secretario general de la\" width=\"743\" height=\"497\" \/><\/p>\n<p class=\"paragraph\" data-mrf-recirculation=\"Links inline\">El secretario general de la OTAN, Mark Rutte <strong>(REUTERS\/Thomas Pete<\/strong><\/p>\n<p data-mrf-recirculation=\"Links inline\"><img decoding=\"async\" class=\"global-image\" src=\"https:\/\/www.infobae.com\/resizer\/v2\/G52JFYGQ45DBFBQR46LG6PTOWM.jpg?auth=cdbfe7c1c10658e9775de3d9099c951fbf3e2ab7055ff95f95e70d7cd2134872&amp;smart=true&amp;width=350&amp;height=197&amp;quality=85\" alt=\"Zelensky encabez\u00f3 el acto por\" width=\"748\" height=\"421\" \/><\/p>\n<p data-mrf-recirculation=\"Links inline\">Zelensky encabez\u00f3 el acto por el d\u00eda de la bandera (@ZelenskyyUa)<\/p>\n<p data-mrf-recirculation=\"Links inline\"><strong>Fuente:<\/strong> evafm.net &#8211; infobae.com<\/p>\n<div class=\"gsp_post_data\" \r\n\t            data-post_type=\"post\" \r\n\t            data-cat=\"general,noticias-internacionales\" \r\n\t            data-modified=\"120\"\r\n\t            data-created=\"1755961380\"\r\n\t            data-title=\"Volodimir Zelensky reiter\u00f3 que Ucrania no entregar\u00e1 su tierra a Rusia\" \r\n\t            data-home=\"https:\/\/www.evafm.net\/sitio\"><\/div>","protected":false},"excerpt":{"rendered":"<p>El presidente de Ucrania,\u00a0Volodimir Zelensky, dijo en un mensaje por el d\u00eda de la bandera, que\u00a0no entregar\u00e1 el territorio ucraniano al ocupante. \u201cEsta bandera es la meta y el sue\u00f1o de muchos de nuestros compatriotas en los territorios temporalmente ocupados de Ucrania. Y\u00a0ellos la protegen, la mantienen a salvo, porque saben que no entregaremos nuestra&#8230;<\/p>\n","protected":false},"author":5,"featured_media":92731,"comment_status":"closed","ping_status":"open","sticky":false,"template":"","format":"standard","meta":{"_joinchat":[],"footnotes":""},"categories":[1720,1345],"tags":[],"class_list":["post-92726","post","type-post","status-publish","format-standard","has-post-thumbnail","hentry","category-general","category-noticias-internacionales","have-post-thumb"],"_links":{"self":[{"href":"https:\/\/www.evafm.net\/sitio\/wp-json\/wp\/v2\/posts\/92726","targetHints":{"allow":["GET"]}}],"collection":[{"href":"https:\/\/www.evafm.net\/sitio\/wp-json\/wp\/v2\/posts"}],"about":[{"href":"https:\/\/www.evafm.net\/sitio\/wp-json\/wp\/v2\/types\/post"}],"author":[{"embeddable":true,"href":"https:\/\/www.evafm.net\/sitio\/wp-json\/wp\/v2\/users\/5"}],"replies":[{"embeddable":true,"href":"https:\/\/www.evafm.net\/sitio\/wp-json\/wp\/v2\/comments?post=92726"}],"version-history":[{"count":1,"href":"https:\/\/www.evafm.net\/sitio\/wp-json\/wp\/v2\/posts\/92726\/revisions"}],"predecessor-version":[{"id":92732,"href":"https:\/\/www.evafm.net\/sitio\/wp-json\/wp\/v2\/posts\/92726\/revisions\/92732"}],"wp:featuredmedia":[{"embeddable":true,"href":"https:\/\/www.evafm.net\/sitio\/wp-json\/wp\/v2\/media\/92731"}],"wp:attachment":[{"href":"https:\/\/www.evafm.net\/sitio\/wp-json\/wp\/v2\/media?parent=92726"}],"wp:term":[{"taxonomy":"category","embeddable":true,"href":"https:\/\/www.evafm.net\/sitio\/wp-json\/wp\/v2\/categories?post=92726"},{"taxonomy":"post_tag","embeddable":true,"href":"https:\/\/www.evafm.net\/sitio\/wp-json\/wp\/v2\/tags?post=92726"}],"curies":[{"name":"wp","href":"https:\/\/api.w.org\/{rel}","templated":true}]}}