{"id":92728,"date":"2025-08-23T15:06:04","date_gmt":"2025-08-23T20:06:04","guid":{"rendered":"https:\/\/www.evafm.net\/sitio\/?p=92728"},"modified":"2025-08-23T15:06:04","modified_gmt":"2025-08-23T20:06:04","slug":"el-bayer-leverkusen-de-piero-hincapie-perdio-en-el-estreno-de-la-bundesliga","status":"publish","type":"post","link":"https:\/\/www.evafm.net\/sitio\/el-bayer-leverkusen-de-piero-hincapie-perdio-en-el-estreno-de-la-bundesliga\/","title":{"rendered":"El Bayer Leverkusen de Piero Hincapi\u00e9 perdi\u00f3 en el estreno de la Bundesliga"},"content":{"rendered":"<p>En su primer partido dirigiendo al<a href=\"https:\/\/www.ecuavisa.com\/metadatos\/-\/meta\/bayer-leverkusen\" data-mrf-link=\"https:\/\/www.ecuavisa.com\/metadatos\/-\/meta\/bayer-leverkusen\">\u00a0Bayer Leverkusen<\/a>, el t\u00e9cnico neerland\u00e9s\u00a0<b>Erik Ten Hag\u00a0<\/b>debut\u00f3 este s\u00e1bado con una derrota en casa por <strong>2-1 frente al Hoffenheim.<\/strong><\/p>\n<p>El ext\u00e9cnico del Ajax y Manchester United, que llega a Leverkusen con la dif\u00edcil misi\u00f3n de s<b>ustituir a Xabi Alonso<\/b>, en el Real Madrid tras su exitosa etapa en Alemania<\/p>\n<p>con el hist\u00f3rico doblete nacional en 2023-2024, comenz\u00f3 con buen pie, ya que el ingl\u00e9s\u00a0<b>Jarrell Quansah<\/b>\u00a0abri\u00f3 el marcador a los seis minutos en una jugada a pelota parada.<\/p>\n<p>&nbsp;<\/p>\n<p>El joven central de 22 a\u00f1os fichado al Liverpool cabece\u00f3 a la red desde el interior del \u00e1rea una falta lateral sacada por el espa\u00f1ol\u00a0<b>\u00c1lex Grimaldo.<\/b><\/p>\n<p><b>Lea tambi\u00e9n:\u00a0<\/b><a href=\"https:\/\/www.ecuavisa.com\/deportes\/futbol-internacional\/cristiano-ronaldo-gol-939-final-supercopa-arabia-alnassr-HH9988018\" data-mrf-link=\"https:\/\/www.ecuavisa.com\/deportes\/futbol-internacional\/cristiano-ronaldo-gol-939-final-supercopa-arabia-alnassr-HH9988018\">Cristiano Ronaldo marc\u00f3 su gol 939, pero perdi\u00f3 la final de la Supercopa de Arabia con el Al Nassr<\/a><\/p>\n<div id=\"sunmedia-div\"><\/div>\n<p>Pero el Hoffenheim, que la temporada pasada luch\u00f3 por no descender, remont\u00f3 con goles del kosovar<b>\u00a0Fisnik Asllani, de potente zurdazo (25), y Tim Lemperle<\/b>, con un disparo<\/p>\n<p>con la pierna derecha desde la frontal del \u00e1rea <strong>(52).<\/strong><\/p>\n<p>La<b>\u00a0Bundeliga comenz\u00f3 el viernes con la goleada 6-0 del Bayern M\u00fanich<\/b>, gran favorito al t\u00edtulo, al RB Leipzig, con el primer gol del colombiano<b>\u00a0Luis D\u00edaz<\/b><\/p>\n<p>en el campeonato germano y un triplete de\u00a0<b>Harry Kane. (D)<\/b><\/p>\n<p><strong>Gol de Leverkusen:<\/strong><\/p>\n<p><strong>Jareli Quansah <\/strong>en el<strong> (minuto 6)<\/strong><\/p>\n<p>&nbsp;<\/p>\n<p><strong>Goles de Hoffenheim:<\/strong><\/p>\n<p><strong>Fisnik Asliani <\/strong>en el <strong>(minuto 25)<\/strong><\/p>\n<p><strong>Tim Lemperie\u00a0<\/strong><\/p>\n<p><iframe title=\"EL DIABLITO ECHEVERRI DEBUT\u00d3 EN LA DERROTA DEL LEVERKUSEN | B. Leverkusen 1-2 Hoffenheim | RESUMEN\" width=\"1200\" height=\"675\" src=\"https:\/\/www.youtube.com\/embed\/5LyARY3yQBs?feature=oembed\" frameborder=\"0\" allow=\"accelerometer; autoplay; clipboard-write; encrypted-media; gyroscope; picture-in-picture; web-share\" referrerpolicy=\"strict-origin-when-cross-origin\" allowfullscreen><\/iframe><\/p>\n<p>&nbsp;<\/p>\n<p><strong>Fuente:<\/strong> evafm.net &#8211; ecuavisa.com &#8211; youtube.com<\/p>\n<p>&nbsp;<\/p>\n<div class=\"gsp_post_data\" \r\n\t            data-post_type=\"post\" \r\n\t            data-cat=\"deportes-internacionales,general\" \r\n\t            data-modified=\"120\"\r\n\t            data-created=\"1755961564\"\r\n\t            data-title=\"El Bayer Leverkusen de Piero Hincapi\u00e9 perdi\u00f3 en el estreno de la Bundesliga\" \r\n\t            data-home=\"https:\/\/www.evafm.net\/sitio\"><\/div>","protected":false},"excerpt":{"rendered":"<p>En su primer partido dirigiendo al\u00a0Bayer Leverkusen, el t\u00e9cnico neerland\u00e9s\u00a0Erik Ten Hag\u00a0debut\u00f3 este s\u00e1bado con una derrota en casa por 2-1 frente al Hoffenheim. El ext\u00e9cnico del Ajax y Manchester United, que llega a Leverkusen con la dif\u00edcil misi\u00f3n de sustituir a Xabi Alonso, en el Real Madrid tras su exitosa etapa en Alemania con&#8230;<\/p>\n","protected":false},"author":5,"featured_media":92736,"comment_status":"closed","ping_status":"open","sticky":false,"template":"","format":"standard","meta":{"_joinchat":[],"footnotes":""},"categories":[1342,1720],"tags":[],"class_list":["post-92728","post","type-post","status-publish","format-standard","has-post-thumbnail","hentry","category-deportes-internacionales","category-general","have-post-thumb"],"_links":{"self":[{"href":"https:\/\/www.evafm.net\/sitio\/wp-json\/wp\/v2\/posts\/92728","targetHints":{"allow":["GET"]}}],"collection":[{"href":"https:\/\/www.evafm.net\/sitio\/wp-json\/wp\/v2\/posts"}],"about":[{"href":"https:\/\/www.evafm.net\/sitio\/wp-json\/wp\/v2\/types\/post"}],"author":[{"embeddable":true,"href":"https:\/\/www.evafm.net\/sitio\/wp-json\/wp\/v2\/users\/5"}],"replies":[{"embeddable":true,"href":"https:\/\/www.evafm.net\/sitio\/wp-json\/wp\/v2\/comments?post=92728"}],"version-history":[{"count":1,"href":"https:\/\/www.evafm.net\/sitio\/wp-json\/wp\/v2\/posts\/92728\/revisions"}],"predecessor-version":[{"id":92737,"href":"https:\/\/www.evafm.net\/sitio\/wp-json\/wp\/v2\/posts\/92728\/revisions\/92737"}],"wp:featuredmedia":[{"embeddable":true,"href":"https:\/\/www.evafm.net\/sitio\/wp-json\/wp\/v2\/media\/92736"}],"wp:attachment":[{"href":"https:\/\/www.evafm.net\/sitio\/wp-json\/wp\/v2\/media?parent=92728"}],"wp:term":[{"taxonomy":"category","embeddable":true,"href":"https:\/\/www.evafm.net\/sitio\/wp-json\/wp\/v2\/categories?post=92728"},{"taxonomy":"post_tag","embeddable":true,"href":"https:\/\/www.evafm.net\/sitio\/wp-json\/wp\/v2\/tags?post=92728"}],"curies":[{"name":"wp","href":"https:\/\/api.w.org\/{rel}","templated":true}]}}