{"id":92739,"date":"2025-08-23T15:12:10","date_gmt":"2025-08-23T20:12:10","guid":{"rendered":"https:\/\/www.evafm.net\/sitio\/?p=92739"},"modified":"2025-08-23T15:12:10","modified_gmt":"2025-08-23T20:12:10","slug":"kevin-becerra-revela-el-genero-de-su-hijo-tras-victoria-de-libertad-sobre-aucas-en-ligapro","status":"publish","type":"post","link":"https:\/\/www.evafm.net\/sitio\/kevin-becerra-revela-el-genero-de-su-hijo-tras-victoria-de-libertad-sobre-aucas-en-ligapro\/","title":{"rendered":"Kevin Becerra revela el g\u00e9nero de su hijo tras victoria de Libertad sobre Aucas en LigaPro"},"content":{"rendered":"<p>La victoria de<a href=\"https:\/\/www.ecuavisa.com\/deportes\/libertad\" data-mrf-link=\"https:\/\/www.ecuavisa.com\/deportes\/libertad\">\u00a0Libertad\u00a0<\/a>sobre Aucas dej\u00f3 una emotiva y sorpresiva escena en la\u00a0<a href=\"https:\/\/www.ecuavisa.com\/metadatos\/-\/meta\/liga-pro\" data-mrf-link=\"https:\/\/www.ecuavisa.com\/metadatos\/-\/meta\/liga-pro\">Liga Ecuabet conectada por Xtrim<\/a>.\u00a0<b>Kevin Becerra<\/b>, defensor del equipo lojano, aprovech\u00f3 la celebraci\u00f3n del triunfo para revelar el g\u00e9nero de su hijo.<\/p>\n<p>En el video publicado por la LigaPro, se observa como Becerra patea un peque\u00f1o bal\u00f3n que, al romperse,<b>\u00a0libera polvo azul,<\/b>\u00a0anunciando que ser\u00e1\u00a0<b>padre de un ni\u00f1o.<\/b><\/p>\n<p><b>La escena fue celebrada efusivamente por todos sus compa\u00f1eros,<\/b>\u00a0quienes lo abrazaron y compartieron el emotivo momento en la cancha.<\/p>\n<p>&nbsp;<\/p>\n<p>Con esta victoria,\u00a0<b>Libertad se ubica cuarto en la tabla de posiciones con 41 puntos.<\/b><\/p>\n<p>El equipo lojano se impuso 3-2 a Aucas con un triplete de\u00a0<b>Eber Caicedo.<\/b>\u00a0Para los orientales descontaron\u00a0<b>John Ontaneda y Jorge Almagro.<\/b>\u00a0Adem\u00e1s,\u00a0<b>Agostino Spina<\/b>\u00a0fue expulsado durante el encuentro.<\/p>\n<p><b>Libertad disputar\u00e1 su pr\u00f3ximo partido el lunes 1 de septiembre a las 19:00 frente a Delf\u00edn<\/b>, en el estadio Jocay de Manta, por la fecha 27 de la LigaPro. <strong>(D)<\/strong><\/p>\n<p><strong>Fuente:<\/strong> evafm.net &#8211; ecuavisa.com<\/p>\n<div class=\"gsp_post_data\" \r\n\t            data-post_type=\"post\" \r\n\t            data-cat=\"deportes-ecuador\" \r\n\t            data-modified=\"120\"\r\n\t            data-created=\"1755961930\"\r\n\t            data-title=\"Kevin Becerra revela el g\u00e9nero de su hijo tras victoria de Libertad sobre Aucas en LigaPro\" \r\n\t            data-home=\"https:\/\/www.evafm.net\/sitio\"><\/div>","protected":false},"excerpt":{"rendered":"<p>La victoria de\u00a0Libertad\u00a0sobre Aucas dej\u00f3 una emotiva y sorpresiva escena en la\u00a0Liga Ecuabet conectada por Xtrim.\u00a0Kevin Becerra, defensor del equipo lojano, aprovech\u00f3 la celebraci\u00f3n del triunfo para revelar el g\u00e9nero de su hijo. En el video publicado por la LigaPro, se observa como Becerra patea un peque\u00f1o bal\u00f3n que, al romperse,\u00a0libera polvo azul,\u00a0anunciando que ser\u00e1\u00a0padre&#8230;<\/p>\n","protected":false},"author":5,"featured_media":92740,"comment_status":"closed","ping_status":"open","sticky":false,"template":"","format":"standard","meta":{"_joinchat":[],"footnotes":""},"categories":[1557],"tags":[],"class_list":["post-92739","post","type-post","status-publish","format-standard","has-post-thumbnail","hentry","category-deportes-ecuador","have-post-thumb"],"_links":{"self":[{"href":"https:\/\/www.evafm.net\/sitio\/wp-json\/wp\/v2\/posts\/92739","targetHints":{"allow":["GET"]}}],"collection":[{"href":"https:\/\/www.evafm.net\/sitio\/wp-json\/wp\/v2\/posts"}],"about":[{"href":"https:\/\/www.evafm.net\/sitio\/wp-json\/wp\/v2\/types\/post"}],"author":[{"embeddable":true,"href":"https:\/\/www.evafm.net\/sitio\/wp-json\/wp\/v2\/users\/5"}],"replies":[{"embeddable":true,"href":"https:\/\/www.evafm.net\/sitio\/wp-json\/wp\/v2\/comments?post=92739"}],"version-history":[{"count":1,"href":"https:\/\/www.evafm.net\/sitio\/wp-json\/wp\/v2\/posts\/92739\/revisions"}],"predecessor-version":[{"id":92741,"href":"https:\/\/www.evafm.net\/sitio\/wp-json\/wp\/v2\/posts\/92739\/revisions\/92741"}],"wp:featuredmedia":[{"embeddable":true,"href":"https:\/\/www.evafm.net\/sitio\/wp-json\/wp\/v2\/media\/92740"}],"wp:attachment":[{"href":"https:\/\/www.evafm.net\/sitio\/wp-json\/wp\/v2\/media?parent=92739"}],"wp:term":[{"taxonomy":"category","embeddable":true,"href":"https:\/\/www.evafm.net\/sitio\/wp-json\/wp\/v2\/categories?post=92739"},{"taxonomy":"post_tag","embeddable":true,"href":"https:\/\/www.evafm.net\/sitio\/wp-json\/wp\/v2\/tags?post=92739"}],"curies":[{"name":"wp","href":"https:\/\/api.w.org\/{rel}","templated":true}]}}