{"id":92778,"date":"2025-08-24T19:55:38","date_gmt":"2025-08-25T00:55:38","guid":{"rendered":"https:\/\/www.evafm.net\/sitio\/?p=92778"},"modified":"2025-08-24T19:55:38","modified_gmt":"2025-08-25T00:55:38","slug":"taylor-swift-impulsa-el-exito-del-documental-de-los-kansas-city-chiefs","status":"publish","type":"post","link":"https:\/\/www.evafm.net\/sitio\/taylor-swift-impulsa-el-exito-del-documental-de-los-kansas-city-chiefs\/","title":{"rendered":"Taylor Swift impulsa el \u00e9xito del documental de los Kansas City Chiefs"},"content":{"rendered":"<p><a title=\"https:\/\/www.infobae.com\/entretenimiento\/2025\/08\/15\/asi-reacciono-la-familia-de-elizabeth-taylor-a-la-cancion-que-taylor-swift-le-dedico-en-su-album\/\" href=\"https:\/\/www.infobae.com\/entretenimiento\/2025\/08\/15\/asi-reacciono-la-familia-de-elizabeth-taylor-a-la-cancion-que-taylor-swift-le-dedico-en-su-album\/\" target=\"_blank\" rel=\"noopener noreferrer\" data-mrf-link=\"https:\/\/www.infobae.com\/entretenimiento\/2025\/08\/15\/asi-reacciono-la-familia-de-elizabeth-taylor-a-la-cancion-que-taylor-swift-le-dedico-en-su-album\/\">Taylor Swift<\/a><b>\u00a0<\/b>fue \u201cmuy comprensiva\u201d con la producci\u00f3n de la serie documental sobre los\u00a0<b>Kansas City Chiefs<\/b>, en la que aparece su pareja<strong>\u00a0<a title=\"https:\/\/www.infobae.com\/entretenimiento\/2025\/08\/14\/taylor-swift-se-emociono-hasta-las-lagrimas-al-revelar-como-recupero-su-catalogo-musical\/\" href=\"https:\/\/www.infobae.com\/entretenimiento\/2025\/08\/14\/taylor-swift-se-emociono-hasta-las-lagrimas-al-revelar-como-recupero-su-catalogo-musical\/\" target=\"_blank\" rel=\"noopener noreferrer\" data-mrf-link=\"https:\/\/www.infobae.com\/entretenimiento\/2025\/08\/14\/taylor-swift-se-emociono-hasta-las-lagrimas-al-revelar-como-recupero-su-catalogo-musical\/\">Travis Kelce<\/a>,<\/strong> seg\u00fan asegur\u00f3 la directora<strong> Kristen Lappas.<\/strong><\/p>\n<p class=\"paragraph\" data-mrf-recirculation=\"Links inline\">La cantante autoriz\u00f3 expresamente el uso de su imagen y semejanza para el proyecto, manteniendo siempre el foco en la historia del equipo y su entorno.<\/p>\n<div class=\"inline ad-wrapper\">\n<div class=\"dfpAd ad-inline\">La docuserie <i><b>The Kingdom<\/b><\/i>\u00a0sigue la trayectoria reciente del equipo durante la temporada 2024 de la\u00a0<b>NFL<\/b>\u00a0y expone distintas facetas de figuras principales como Kelce, el quarterback\u00a0<b>Patrick Mahomes<\/b>,<\/div>\n<div><\/div>\n<div class=\"dfpAd ad-inline\">el entrenador\u00a0<b>Andy Reid<\/b>\u00a0y el defensivo\u00a0<b>Chris Jones<\/b>.<\/div>\n<\/div>\n<div><\/div>\n<div><\/div>\n<div>\n<p class=\"paragraph\" data-mrf-recirculation=\"Links inline\">El primer episodio retrata parte de su recorrido por las instalaciones del club y recuerda momentos clave de la historia de la franquicia.<\/p>\n<div class=\"inline_2_DSK ad-wrapper ad-desktop\">\n<div class=\"dfpAd ad-inline\">La directora del proyecto, <b>Kristen Lappas<\/b>, comunic\u00f3 que Taylor revis\u00f3 y aprob\u00f3 todas las escenas en las que su imagen aparece.\u00a0<b>\u201cElla aprob\u00f3 toda su imagen y semejanza\u201d<\/b>, sostuvo.<\/div>\n<\/div>\n<\/div>\n<div><\/div>\n<div><\/div>\n<div>\n<p data-mrf-recirculation=\"Links inline\">\n<p class=\"paragraph\" data-mrf-recirculation=\"Links inline\">En ning\u00fan momento se gestion\u00f3 una entrevista con la artista, indic\u00f3 la directora de marketing del club,\u00a0<b>Lara Krug<\/b>, quien remarc\u00f3:<\/p>\n<p class=\"paragraph\" data-mrf-recirculation=\"Links inline\">\u201cLa intenci\u00f3n siempre fue enfocarse en los Chiefs y la familia\u201d, a\u00f1adiendo que Swift asiste a los partidos como parte de la comunidad de seguidores del equipo.<\/p>\n<p class=\"paragraph\" data-mrf-recirculation=\"Links inline\">\u201cAhora se la ve en el papel en que quiere ser vista, que es el de\u00a0<b>fan\u00e1tica de la comunidad<\/b>\u201d, agreg\u00f3 Krug en referencia a la personalidad p\u00fablica de la estrella pop.<\/p>\n<p class=\"paragraph\" data-mrf-recirculation=\"Links inline\">La presencia de\u00a0<b>Taylor Swift<\/b>\u00a0en los partidos desde 2023, tras comenzar su relaci\u00f3n con\u00a0<b>Travis Kelce<\/b>, impuls\u00f3 el crecimiento de seguidores del equipo en Estados Unidos y el exterior, con un incremento estimado del 30% en la base de fan\u00e1ticos en los \u00faltimos meses, especialmente entre el p\u00fablico juvenil y femenino.<\/p>\n<p class=\"paragraph\" data-mrf-recirculation=\"Links inline\">El propietario y presidente de la organizaci\u00f3n,\u00a0<b>Clark Hunt<\/b>, expres\u00f3 que parte del aumento de la audiencia y el renovado inter\u00e9s por el club se vincula directamente a la popularidad de Swift.<\/p>\n<\/div>\n<p data-mrf-recirculation=\"Links inline\">\n<p class=\"paragraph\" data-mrf-recirculation=\"Links inline\">\u201cSin duda hay que dar a Taylor parte del cr\u00e9dito\u201d, manifest\u00f3 durante la presentaci\u00f3n del proyecto. El club vivi\u00f3 en la temporada 2024-2025 el r\u00e9cord de audiencia, en parte atribuido a la mayor llegada a sectores no tradicionales, incluyendo j\u00f3venes mujeres aficionadas a la NFL.<\/p>\n<p class=\"paragraph\" data-mrf-recirculation=\"Links inline\">En el propio documental, miembros del plantel y del staff recuerdan el impacto de la visita de la int\u00e9rprete a un partido a mediados de 2023.<\/p>\n<p class=\"paragraph\" data-mrf-recirculation=\"Links inline\">\u201cEst\u00e1bamos en el vestuario y alguien dijo:<\/p>\n<p class=\"paragraph\" data-mrf-recirculation=\"Links inline\"><b>\u2018Taylor Swift est\u00e1 aqu\u00ed\u2019. \u2018\u00bfDe verdad? \u00bfCon Travis?\u2019<\/b>. Fue un momento \u00fanico\u201d, relat\u00f3 el defensivo\u00a0<b>Chris Jones<\/b>.<\/p>\n<p class=\"paragraph\" data-mrf-recirculation=\"Links inline\">Por su parte, el mariscal\u00a0<b>Patrick Mahomes<\/b>\u00a0explic\u00f3 que Kelce ya hab\u00eda comunicado su visita y que la reacci\u00f3n del p\u00fablico fue inmediata:<\/p>\n<p class=\"paragraph\" data-mrf-recirculation=\"Links inline\">\u201cPod\u00edas notar que\u00a0<b>la gente buscaba d\u00f3nde estaba ella<\/b>. Igual deb\u00edamos concentrarnos en el partido\u201d.<\/p>\n<p class=\"paragraph\" data-mrf-recirculation=\"Links inline\"><b>Travis Kelce<\/b>\u00a0sum\u00f3 su primera actuaci\u00f3n en el campo durante la pretemporada 2025 en un encuentro ante los\u00a0<b>Chicago Bears<\/b>\u00a0en Geha Field, Arrowhead Stadium.<\/p>\n<p data-mrf-recirculation=\"Links inline\">\n<p data-mrf-recirculation=\"Links inline\"><strong>Tom Hiddleston y la menci\u00f3n de Taylor Swift<\/strong><\/p>\n<p class=\"paragraph\" data-mrf-recirculation=\"Links inline\"><b>Tom Hiddleston<\/b>\u00a0tuvo un momento inc\u00f3modo durante una entrevista reciente con motivo de la promoci\u00f3n de la pel\u00edcula\u00a0<i><b>La vida de Chuck<\/b><\/i>.<\/p>\n<p class=\"paragraph\" data-mrf-recirculation=\"Links inline\">Mientras dialogaba en una radio brit\u00e1nica y compart\u00eda detalles sobre sus actividades de ocio vinculadas al deporte y la cultura digital, el conductor<\/p>\n<p class=\"paragraph\" data-mrf-recirculation=\"Links inline\"><b>Devin Griffin<\/b>\u00a0aludi\u00f3 a\u00a0<b>Taylor Swift<\/b>\u00a0al comentar su afici\u00f3n por un blog de recetas de pan de masa madre.<\/p>\n<p class=\"paragraph\" data-mrf-recirculation=\"Links inline\">La menci\u00f3n sorprendi\u00f3 a Hiddleston, quien estuvo ligado sentimentalmente en el pasado.<\/p>\n<p class=\"paragraph\" data-mrf-recirculation=\"Links inline\">La situaci\u00f3n se resolvi\u00f3 cuando la actriz\u00a0<b>Karen Gillan<\/b>\u00a0desvi\u00f3 la conversaci\u00f3n hacia el\u00a0<b>Super Bowl<\/b>\u00a0y mencion\u00f3 la mascota oficial de los San Francisco 49ers, \u201cSourdough Sam\u201d.<\/p>\n<div class=\"undefined ad-wrapper\">\n<div class=\"dfpAd \">\n<div id=\"infobae\/entretenimiento\/nota\/undefined\" class=\"infobae\/entretenimiento\/nota\/undefined arcad\"><\/div>\n<\/div>\n<\/div>\n<p class=\"paragraph\" data-mrf-recirculation=\"Links inline\">\u201c<b>Quiz\u00e1 tiene que ver con el Super Bowl<\/b>\u201d, dijo Gillan, generando alivio en el estudio. Finalmente, Hiddleston respondi\u00f3: \u201cTienes un conocimiento muy profundo de la NFL\u201d.<\/p>\n<p class=\"paragraph\" data-mrf-recirculation=\"Links inline\">La relaci\u00f3n de\u00a0<b>Tom Hiddleston<\/b>\u00a0y\u00a0<b>Taylor Swift<\/b>\u00a0comenz\u00f3 luego de conocerse en la Met Gala en 2016 y finaliz\u00f3 unos meses despu\u00e9s.<\/p>\n<p class=\"paragraph\" data-mrf-recirculation=\"Links inline\">Fuentes pr\u00f3ximas se\u00f1alaron que la ruptura respondi\u00f3 a diferencias respecto al manejo p\u00fablico de la pareja.<\/p>\n<p data-mrf-recirculation=\"Links inline\">\n<p data-mrf-recirculation=\"Links inline\">En ocasi\u00f3n de entrevistas previas, el actor de Marvel mantuvo una posici\u00f3n de aprecio: \u201c<b>Taylor es una mujer incre\u00edble<\/b>.<\/p>\n<p data-mrf-recirculation=\"Links inline\">Es generosa, amable y encantadora, y lo pasamos de maravilla\u201d, declar\u00f3 en su momento.<strong>(E)<\/strong><\/p>\n<p data-mrf-recirculation=\"Links inline\"><img fetchpriority=\"high\" decoding=\"async\" class=\"global-image\" src=\"https:\/\/www.infobae.com\/resizer\/v2\/N2BOL4J4PRFULG3NDECJ7E5W4Y.png?auth=6f8202559ed0a041b6b80abf2c97bf790b399be2dcc8fb31a2d8f106f97d5cb3&amp;smart=true&amp;width=350&amp;height=197&amp;quality=85\" alt=\"Travis Kelce y Taylor Swift\" width=\"791\" height=\"445\" \/><\/p>\n<p data-mrf-recirculation=\"Links inline\">Travis Kelce y Taylor Swift figuran entre los protagonistas del documental que repasa hitos recientes de los<\/p>\n<p data-mrf-recirculation=\"Links inline\">Kansas City Chiefs en la NFL (Instagram\/Travis Kelce)<\/p>\n<p data-mrf-recirculation=\"Links inline\"><strong>Fuente:<\/strong> evafm.net &#8211; infobae.com<\/p>\n<div class=\"gsp_post_data\" \r\n\t            data-post_type=\"post\" \r\n\t            data-cat=\"farandula-internacional\" \r\n\t            data-modified=\"120\"\r\n\t            data-created=\"1756065338\"\r\n\t            data-title=\"Taylor Swift impulsa el \u00e9xito del documental de los Kansas City Chiefs\" \r\n\t            data-home=\"https:\/\/www.evafm.net\/sitio\"><\/div>","protected":false},"excerpt":{"rendered":"<p>Taylor Swift\u00a0fue \u201cmuy comprensiva\u201d con la producci\u00f3n de la serie documental sobre los\u00a0Kansas City Chiefs, en la que aparece su pareja\u00a0Travis Kelce, seg\u00fan asegur\u00f3 la directora Kristen Lappas. La cantante autoriz\u00f3 expresamente el uso de su imagen y semejanza para el proyecto, manteniendo siempre el foco en la historia del equipo y su entorno. La&#8230;<\/p>\n","protected":false},"author":5,"featured_media":92779,"comment_status":"closed","ping_status":"open","sticky":false,"template":"","format":"standard","meta":{"_joinchat":[],"footnotes":""},"categories":[1346],"tags":[],"class_list":["post-92778","post","type-post","status-publish","format-standard","has-post-thumbnail","hentry","category-farandula-internacional","have-post-thumb"],"_links":{"self":[{"href":"https:\/\/www.evafm.net\/sitio\/wp-json\/wp\/v2\/posts\/92778","targetHints":{"allow":["GET"]}}],"collection":[{"href":"https:\/\/www.evafm.net\/sitio\/wp-json\/wp\/v2\/posts"}],"about":[{"href":"https:\/\/www.evafm.net\/sitio\/wp-json\/wp\/v2\/types\/post"}],"author":[{"embeddable":true,"href":"https:\/\/www.evafm.net\/sitio\/wp-json\/wp\/v2\/users\/5"}],"replies":[{"embeddable":true,"href":"https:\/\/www.evafm.net\/sitio\/wp-json\/wp\/v2\/comments?post=92778"}],"version-history":[{"count":2,"href":"https:\/\/www.evafm.net\/sitio\/wp-json\/wp\/v2\/posts\/92778\/revisions"}],"predecessor-version":[{"id":92781,"href":"https:\/\/www.evafm.net\/sitio\/wp-json\/wp\/v2\/posts\/92778\/revisions\/92781"}],"wp:featuredmedia":[{"embeddable":true,"href":"https:\/\/www.evafm.net\/sitio\/wp-json\/wp\/v2\/media\/92779"}],"wp:attachment":[{"href":"https:\/\/www.evafm.net\/sitio\/wp-json\/wp\/v2\/media?parent=92778"}],"wp:term":[{"taxonomy":"category","embeddable":true,"href":"https:\/\/www.evafm.net\/sitio\/wp-json\/wp\/v2\/categories?post=92778"},{"taxonomy":"post_tag","embeddable":true,"href":"https:\/\/www.evafm.net\/sitio\/wp-json\/wp\/v2\/tags?post=92778"}],"curies":[{"name":"wp","href":"https:\/\/api.w.org\/{rel}","templated":true}]}}