{"id":93078,"date":"2025-09-03T11:35:10","date_gmt":"2025-09-03T16:35:10","guid":{"rendered":"https:\/\/www.evafm.net\/sitio\/?p=93078"},"modified":"2025-09-03T11:35:10","modified_gmt":"2025-09-03T16:35:10","slug":"ecuador-hace-base-en-argentina-previo-a-su-partido-contra-paraguay","status":"publish","type":"post","link":"https:\/\/www.evafm.net\/sitio\/ecuador-hace-base-en-argentina-previo-a-su-partido-contra-paraguay\/","title":{"rendered":"Ecuador hace base en Argentina previo a su partido contra Paraguay"},"content":{"rendered":"<p>La\u00a0<b><a href=\"https:\/\/www.ecuavisa.com\/metadatos\/-\/meta\/seleccion-de-ecuador\" data-mrf-link=\"https:\/\/www.ecuavisa.com\/metadatos\/-\/meta\/seleccion-de-ecuador\">Selecci\u00f3n Ecuatoriana de F\u00fatbol<\/a>\u00a0<\/b>ha tomado una decisi\u00f3n estrat\u00e9gica en su preparaci\u00f3n para los dos \u00faltimos partidos de las Eliminatorias rumbo al\u00a0<b>Mundial 2026.<\/b><\/p>\n<p>La tricolor estableci\u00f3 su campamento base en Buenos Aires, donde se concentrar\u00e1 antes de visitar a\u00a0<b>Paraguay<\/b>\u00a0y recibir a Argentina en Guayaquil.<\/p>\n<p><b>Francisco Egas<\/b>, presidente de la Federaci\u00f3n Ecuatoriana de F\u00fatbol (FEF), explic\u00f3 los motivos detr\u00e1s de esta planificaci\u00f3n.<\/p>\n<p>\u201cAyer el staff y cuerpo t\u00e9cnico parti\u00f3 a\u00a0<b>Argentina.<\/b>\u00a0La decisi\u00f3n de Sebasti\u00e1n <strong>(Beccacece)<\/strong> fue hacer base en Argentina.<\/p>\n<p>Primero para la adaptaci\u00f3n a un uso horario menos amplio que el ecuatoriano y despu\u00e9s la tranquilidad del equipo de estar en un sitio concentrado, con la tranquilidad<\/p>\n<p>de estar en un pa\u00eds donde se juega\u201d, declar\u00f3 Egas ante los medios deportivos este viernes 29 de agosto.<\/p>\n<p>&nbsp;<\/p>\n<div id=\"\" class=\"portlet-boundary portlet-static-end content-viewer-portlet c_002_001 u-ampliada-contenido last full-access norestricted\">\n<div class=\"DETAIL_TXT AMPLIADA_SECOND\">\n<div class=\"text \" data-mrf-recirculation=\"ArticuloLinkEC\">\n<div class=\"paragraph\">\n<p>La\u00a0<b>selecci\u00f3n comenzar\u00e1 a recibir a sus jugadores en Buenos Aires desde ma\u00f1ana.<\/b><\/p>\n<p>All\u00ed entrenar\u00e1 hasta el mi\u00e9rcoles antes de viajar a Asunci\u00f3n para disputar el pen\u00faltimo encuentro de la Eliminatoria.<\/p>\n<div id=\"sunmedia-div\"><\/div>\n<p>En relaci\u00f3n con el contexto en Paraguay, Egas apunt\u00f3<\/p>\n<p>:<strong> \u201cHoy Paraguay vive una efervescencia con su selecci\u00f3n que para nosotros puede ser t\u00f3xica\u201d. <\/strong><\/p>\n<p>Tras el duelo en territorio paraguayo, la delegaci\u00f3n ecuatoriana se trasladar\u00e1 directamente a Guayaquil para preparar el cierre ante Argentina.<\/p>\n<p>Como parte del plan de acercamiento con la afici\u00f3n, Egas tambi\u00e9n anunci\u00f3 una jornada especial en la antesala del duelo frente a la Albiceleste:<\/p>\n<p>\u201cEl d\u00eda s\u00e1bado tendremos un entrenamiento para invitar a colegios y estudiantes para que est\u00e9n cerca de la selecci\u00f3n, luego esperaremos el partido con Argentina\u201d.<\/p>\n<p>La medida busca optimizar la preparaci\u00f3n f\u00edsica y mental del equipo, minimizar el desgaste por desplazamientos extensos y reforzar el enfoque de cara a dos partidos<\/p>\n<p>que podr\u00edan ser decisivos para sellar la clasificaci\u00f3n al Mundial de 2026. Con esta estrategia, la\u00a0<b>FEF<\/b>\u00a0y el cuerpo t\u00e9cnico liderado por\u00a0<b>Sebasti\u00e1n Beccacece<\/b>\u00a0apuntan<\/p>\n<p>a cerrar con fuerza el camino eliminatorio.<strong>(D)<\/strong><\/p>\n<p>&nbsp;<\/p>\n<p><strong>Fuente:<\/strong> evafm.net &#8211; ecuavisa.com<\/p>\n<\/div>\n<\/div>\n<\/div>\n<\/div>\n<div id=\"\" class=\"portlet-boundary portlet-static-end htmlcontainer-portlet\">\n<div><\/div>\n<\/div>\n<div id=\"\" class=\"portlet-boundary portlet-static-end adcontainer-portlet text-center mb-4 fondo_publicidad pub-if-text\"><\/div>\n<div class=\"gsp_post_data\" \r\n\t            data-post_type=\"post\" \r\n\t            data-cat=\"deportes-internacionales\" \r\n\t            data-modified=\"120\"\r\n\t            data-created=\"1756899310\"\r\n\t            data-title=\"Ecuador hace base en Argentina previo a su partido contra Paraguay\" \r\n\t            data-home=\"https:\/\/www.evafm.net\/sitio\"><\/div>","protected":false},"excerpt":{"rendered":"<p>La\u00a0Selecci\u00f3n Ecuatoriana de F\u00fatbol\u00a0ha tomado una decisi\u00f3n estrat\u00e9gica en su preparaci\u00f3n para los dos \u00faltimos partidos de las Eliminatorias rumbo al\u00a0Mundial 2026. La tricolor estableci\u00f3 su campamento base en Buenos Aires, donde se concentrar\u00e1 antes de visitar a\u00a0Paraguay\u00a0y recibir a Argentina en Guayaquil. Francisco Egas, presidente de la Federaci\u00f3n Ecuatoriana de F\u00fatbol (FEF), explic\u00f3 los&#8230;<\/p>\n","protected":false},"author":5,"featured_media":93079,"comment_status":"closed","ping_status":"open","sticky":false,"template":"","format":"standard","meta":{"_joinchat":[],"footnotes":""},"categories":[1342],"tags":[],"class_list":["post-93078","post","type-post","status-publish","format-standard","has-post-thumbnail","hentry","category-deportes-internacionales","have-post-thumb"],"_links":{"self":[{"href":"https:\/\/www.evafm.net\/sitio\/wp-json\/wp\/v2\/posts\/93078","targetHints":{"allow":["GET"]}}],"collection":[{"href":"https:\/\/www.evafm.net\/sitio\/wp-json\/wp\/v2\/posts"}],"about":[{"href":"https:\/\/www.evafm.net\/sitio\/wp-json\/wp\/v2\/types\/post"}],"author":[{"embeddable":true,"href":"https:\/\/www.evafm.net\/sitio\/wp-json\/wp\/v2\/users\/5"}],"replies":[{"embeddable":true,"href":"https:\/\/www.evafm.net\/sitio\/wp-json\/wp\/v2\/comments?post=93078"}],"version-history":[{"count":1,"href":"https:\/\/www.evafm.net\/sitio\/wp-json\/wp\/v2\/posts\/93078\/revisions"}],"predecessor-version":[{"id":93080,"href":"https:\/\/www.evafm.net\/sitio\/wp-json\/wp\/v2\/posts\/93078\/revisions\/93080"}],"wp:featuredmedia":[{"embeddable":true,"href":"https:\/\/www.evafm.net\/sitio\/wp-json\/wp\/v2\/media\/93079"}],"wp:attachment":[{"href":"https:\/\/www.evafm.net\/sitio\/wp-json\/wp\/v2\/media?parent=93078"}],"wp:term":[{"taxonomy":"category","embeddable":true,"href":"https:\/\/www.evafm.net\/sitio\/wp-json\/wp\/v2\/categories?post=93078"},{"taxonomy":"post_tag","embeddable":true,"href":"https:\/\/www.evafm.net\/sitio\/wp-json\/wp\/v2\/tags?post=93078"}],"curies":[{"name":"wp","href":"https:\/\/api.w.org\/{rel}","templated":true}]}}