{"id":93256,"date":"2025-09-05T20:43:39","date_gmt":"2025-09-06T01:43:39","guid":{"rendered":"https:\/\/www.evafm.net\/sitio\/?p=93256"},"modified":"2025-09-05T20:43:39","modified_gmt":"2025-09-06T01:43:39","slug":"joao-rojas-empezo-a-trabajar-a-la-par-con-el-grupo-en-bsc","status":"publish","type":"post","link":"https:\/\/www.evafm.net\/sitio\/joao-rojas-empezo-a-trabajar-a-la-par-con-el-grupo-en-bsc\/","title":{"rendered":"Joao Rojas empez\u00f3 a trabajar a la par con el grupo en BSC"},"content":{"rendered":"<p>Seg\u00fan informaci\u00f3n proporcionada por los periodistas<strong> Sergio Basantes, Karolina D\u00e1vila y Mario Mendoza<\/strong>, el jugador<strong> Joao Rojas<\/strong> ha superado su lesi\u00f3n y desde hoy ha comenzado a entrenar a la par con sus compa\u00f1eros.<\/p>\n<p>Tras un per\u00edodo de recuperaci\u00f3n, Rojas se encuentra en plenas condiciones f\u00edsicas, y ahora ser\u00e1 decisi\u00f3n del t\u00e9cnico Ismael Rescalvo si lo incluye en la convocatoria para el esperado Cl\u00e1sico del Astillero.<\/p>\n<p>La noticia genera gran expectativa entre los hinchas, quienes esperan ver al talentoso jugador en el importante encuentro.<\/p>\n<p>Luego de 15 meses desde su lesi\u00f3n original en el encuentro por Libertadores ante Sao Paulo (\u00a016 de mayo de 2024), Rojas a\u00fan no ha disputado un solo partido oficial en 2025.<\/p>\n<p>Antes de su lesi\u00f3n, hab\u00eda disputado 13 partidos entre Liga Pro y Copa Libertadores, acumulando poco m\u00e1s de 930 minutos. En ese tiempo marc\u00f3 dos goles<strong>.<\/strong> <strong>(D)<\/strong><\/p>\n<p>&nbsp;<\/p>\n<p><a href=\"https:\/\/www.elcomercio.com\/deportes\/futbol\/joao-rojas-ilusiona-barcelona-sc-con-su-regreso-a-las-canchas\/\"><strong>Gracias al Diario El Comercio te detallamos la Cronolog\u00eda de su recuperaci\u00f3n:<\/strong><\/a><\/p>\n<ul>\n<li>16 de mayo de 2024: Se lesiona en el partido ante Sao Paulo por la Libertadores. El tiempo estimado de recuperaci\u00f3n era de 4 a 6 meses.<\/li>\n<li>Enero de 2025: Genera expectativa al anunciar que volver\u00eda en la segunda fecha de Liga Pro. No ocurri\u00f3.<\/li>\n<li>15 de febrero de 2025: Viaja a Montevideo para un nuevo procedimiento m\u00e9dico.<\/li>\n<li>23 de junio de 2025: El nuevo DT, Ismael Rescalvo, anuncia que Rojas volver\u00eda en unas cuatro semanas.<\/li>\n<li>16 de julio de 2025: El club informa que contin\u00faa en \u201csesiones de terapia\u201d, sin fecha concreta de regreso.<\/li>\n<li>29 de julio de 2025: Se confirma que debe someterse a un nuevo procedimiento quir\u00fargico.<\/li>\n<li>25 de agosto de 2025: Rojas vuelve a realizar trabajos en campo con el readaptador f\u00edsico de Barcelona SC.<\/li>\n<\/ul>\n<div class=\"css-1dbjc4n r-18u37iz r-kzbkwu\">\n<div class=\"css-1dbjc4n r-eqz5dr r-1777fci r-4amgru r-1kh6xel\">\n<div class=\"css-1dbjc4n r-1ny4l3l\">\n<div class=\"css-1dbjc4n r-1wbh5a2 r-dnmrzs r-1ny4l3l\">\n<div class=\"css-1dbjc4n r-1wbh5a2 r-dnmrzs r-1ny4l3l\">\n<div class=\"css-1dbjc4n r-1awozwy r-18u37iz r-dnmrzs\">\n<div dir=\"auto\"><\/div>\n<div class=\"css-901oao r-1awozwy r-18jsvk2 r-6koalj r-1qd0xha r-a023e6 r-b88u0q r-rjixqe r-bcqeeo r-1udh08x r-3s2u2q r-qvutc0\" dir=\"auto\"><strong><span class=\"css-901oao css-16my406 css-1hf3ou5 r-poiln3 r-bcqeeo r-qvutc0\"><span class=\"css-901oao css-16my406 r-poiln3 r-bcqeeo r-qvutc0\">Sergio Basantes<\/span><\/span><\/strong><\/div>\n<div class=\"css-901oao r-18jsvk2 r-xoduu5 r-18u37iz r-1q142lx r-1qd0xha r-a023e6 r-16dba41 r-rjixqe r-bcqeeo r-qvutc0\" dir=\"auto\"><\/div>\n<\/div>\n<div class=\"css-1dbjc4n r-1awozwy r-18u37iz r-1wbh5a2\">\n<div class=\"css-1dbjc4n\">\n<div class=\"css-901oao css-1hf3ou5 r-14j79pv r-18u37iz r-1qd0xha r-1wvb978 r-a023e6 r-16dba41 r-rjixqe r-bcqeeo r-qvutc0\" dir=\"ltr\"><strong><span class=\"css-901oao css-16my406 r-poiln3 r-bcqeeo r-qvutc0\">@sbasantes92<\/span><\/strong><\/div>\n<\/div>\n<div class=\"css-1dbjc4n r-18u37iz r-1q142lx\">\n<div class=\"css-901oao r-14j79pv r-1q142lx r-1qd0xha r-a023e6 r-16dba41 r-rjixqe r-bcqeeo r-s1qlax r-qvutc0\" dir=\"auto\" aria-hidden=\"true\"><\/div>\n<\/div>\n<\/div>\n<\/div>\n<\/div>\n<\/div>\n<\/div>\n<\/div>\n<div class=\"css-1dbjc4n\">\n<div class=\"css-901oao r-18jsvk2 r-1dqbpge r-1qd0xha r-adyw6z r-16dba41 r-135wba7 r-bcqeeo r-bnwqim r-qvutc0\" dir=\"auto\" lang=\"es\" data-testid=\"tweetText\"><span class=\"css-901oao css-16my406 r-poiln3 r-bcqeeo r-qvutc0\">FIN A LA ESPERA <\/span><span class=\"css-901oao css-16my406 r-poiln3 r-bcqeeo r-qvutc0\"> Joao Rojas recuperado de su lesi\u00f3n ya entrena<\/span><\/div>\n<div class=\"css-901oao r-18jsvk2 r-1dqbpge r-1qd0xha r-adyw6z r-16dba41 r-135wba7 r-bcqeeo r-bnwqim r-qvutc0\" dir=\"auto\" lang=\"es\" data-testid=\"tweetText\"><span class=\"css-901oao css-16my406 r-poiln3 r-bcqeeo r-qvutc0\"> a la par del resto de sus compa\u00f1eros en <\/span><span class=\"r-18u37iz\"><a class=\"css-4rbku5 css-18t94o4 css-901oao css-16my406 r-1loqt21 r-poiln3 r-bcqeeo r-qvutc0\" dir=\"ltr\" role=\"link\" href=\"https:\/\/twitter.com\/BarcelonaSC?ref_src=twsrc%5Etfw%7Ctwcamp%5Etweetembed%7Ctwterm%5E1963649758427324851%7Ctwgr%5E946f3076a03c31409e5ac04abe63b5fd65d8d275%7Ctwcon%5Es1_&amp;ref_url=https%3A%2F%2Fstudiofutbol.com.ec%2F2025%2F09%2F04%2Frecuperado-joao-rojas-empezo-a-trabajar-a-la-par-con-el-grupo-en-bsc%2F\" target=\"_blank\" rel=\"noopener noreferrer nofollow\">@BarcelonaSC<\/a><\/span><\/div>\n<\/div>\n<p><img decoding=\"async\" src=\"https:\/\/pbs.twimg.com\/media\/G0BJC4eWIAAAziR?format=jpg&amp;name=small\" alt=\"Image\" \/><\/p>\n<p>&nbsp;<\/p>\n<p><strong>Fuente:<\/strong> evafm.net &#8211; studiofutbol.com.ec<\/p>\n<p>&nbsp;<\/p>\n<div class=\"gsp_post_data\" \r\n\t            data-post_type=\"post\" \r\n\t            data-cat=\"deportes-ecuador,general\" \r\n\t            data-modified=\"120\"\r\n\t            data-created=\"1757105019\"\r\n\t            data-title=\"Joao Rojas empez\u00f3 a trabajar a la par con el grupo en BSC\" \r\n\t            data-home=\"https:\/\/www.evafm.net\/sitio\"><\/div>","protected":false},"excerpt":{"rendered":"<p>Seg\u00fan informaci\u00f3n proporcionada por los periodistas Sergio Basantes, Karolina D\u00e1vila y Mario Mendoza, el jugador Joao Rojas ha superado su lesi\u00f3n y desde hoy ha comenzado a entrenar a la par con sus compa\u00f1eros. Tras un per\u00edodo de recuperaci\u00f3n, Rojas se encuentra en plenas condiciones f\u00edsicas, y ahora ser\u00e1 decisi\u00f3n del t\u00e9cnico Ismael Rescalvo si&#8230;<\/p>\n","protected":false},"author":5,"featured_media":93300,"comment_status":"closed","ping_status":"open","sticky":false,"template":"","format":"standard","meta":{"_joinchat":[],"footnotes":""},"categories":[1557,1720],"tags":[],"class_list":["post-93256","post","type-post","status-publish","format-standard","has-post-thumbnail","hentry","category-deportes-ecuador","category-general","have-post-thumb"],"_links":{"self":[{"href":"https:\/\/www.evafm.net\/sitio\/wp-json\/wp\/v2\/posts\/93256","targetHints":{"allow":["GET"]}}],"collection":[{"href":"https:\/\/www.evafm.net\/sitio\/wp-json\/wp\/v2\/posts"}],"about":[{"href":"https:\/\/www.evafm.net\/sitio\/wp-json\/wp\/v2\/types\/post"}],"author":[{"embeddable":true,"href":"https:\/\/www.evafm.net\/sitio\/wp-json\/wp\/v2\/users\/5"}],"replies":[{"embeddable":true,"href":"https:\/\/www.evafm.net\/sitio\/wp-json\/wp\/v2\/comments?post=93256"}],"version-history":[{"count":1,"href":"https:\/\/www.evafm.net\/sitio\/wp-json\/wp\/v2\/posts\/93256\/revisions"}],"predecessor-version":[{"id":93301,"href":"https:\/\/www.evafm.net\/sitio\/wp-json\/wp\/v2\/posts\/93256\/revisions\/93301"}],"wp:featuredmedia":[{"embeddable":true,"href":"https:\/\/www.evafm.net\/sitio\/wp-json\/wp\/v2\/media\/93300"}],"wp:attachment":[{"href":"https:\/\/www.evafm.net\/sitio\/wp-json\/wp\/v2\/media?parent=93256"}],"wp:term":[{"taxonomy":"category","embeddable":true,"href":"https:\/\/www.evafm.net\/sitio\/wp-json\/wp\/v2\/categories?post=93256"},{"taxonomy":"post_tag","embeddable":true,"href":"https:\/\/www.evafm.net\/sitio\/wp-json\/wp\/v2\/tags?post=93256"}],"curies":[{"name":"wp","href":"https:\/\/api.w.org\/{rel}","templated":true}]}}