{"id":93360,"date":"2025-09-07T21:28:02","date_gmt":"2025-09-08T02:28:02","guid":{"rendered":"https:\/\/www.evafm.net\/sitio\/?p=93360"},"modified":"2025-09-07T21:28:02","modified_gmt":"2025-09-08T02:28:02","slug":"ministerios-de-trabajo-y-finanzas-definiran-metodologia-para-fusion-de-carteras-de-estado","status":"publish","type":"post","link":"https:\/\/www.evafm.net\/sitio\/ministerios-de-trabajo-y-finanzas-definiran-metodologia-para-fusion-de-carteras-de-estado\/","title":{"rendered":"Ministerios de Trabajo y Finanzas definir\u00e1n metodolog\u00eda para fusi\u00f3n de carteras de Estado"},"content":{"rendered":"<p>El presidente\u00a0<b>Daniel Noboa<\/b>\u00a0encarg\u00f3 a los ministerios de\u00a0<b>Trabajo y Finanzas\u00a0<\/b>actualizar los instrumentos y metodolog\u00edas necesarios para viabilizar eficientemente la\u00a0<a href=\"https:\/\/www.ecuavisa.com\/metadatos\/-\/meta\/fusion-de-ministerios\" target=\"_blank\" rel=\"noopener noreferrer\" data-mrf-link=\"https:\/\/www.ecuavisa.com\/metadatos\/-\/meta\/fusion-de-ministerios\">fusi\u00f3n de las carteras de Estado<\/a>.<\/p>\n<p>Tanto\u00a0<b>Trabajo como Finanzas\u00a0<\/b>definir\u00e1n las estructuras institucionales, posicionales,<b>\u00a0remuneraciones de los servidores p\u00fablicos<\/b>, as\u00ed como la aprobaci\u00f3n de los estatutos org\u00e1nicos de las entidades<\/p>\n<p>de la Funci\u00f3n Ejecutiva.<\/p>\n<p>As\u00ed reza el decreto ejecutivo 115, suscrito por Noboa el viernes 5 de septiembre.<\/p>\n<p>En ese documento, el Primer Mandatario reform\u00f3 un anterior decreto, el<strong> N.\u00ba. 245 del 26 de abril de 2024.<\/strong><\/p>\n<div id=\"sunmedia-div\"><\/div>\n<p>Este \u00faltimo regula el<b>\u00a0proceso de reforma institucional<\/b>, dentro del cual se contempla la creaci\u00f3n, modificaci\u00f3n o supresi\u00f3n de las entidades de la Funci\u00f3n Ejecutiva.<\/p>\n<p>En este todo este contexto, Noboa tambi\u00e9n suprimi\u00f3 parte del contenido de<b>\u00a0dos decretos que fueron firmados en el gobierno de Rafael Correa<\/b>, el 195 de 2009 y el 1121 de 2016.<\/p>\n<p>Este \u00faltimo dec\u00eda que las instituciones que cuenten con menos de 1 000 servidores p\u00fablicos podr\u00e1n tener tan solo un puesto de viceministro.<strong> (I)<\/strong><\/p>\n<p>&nbsp;<\/p>\n<p><strong>Fuente:<\/strong> evafm.net &#8211; ecuavisa.com<\/p>\n<p>&nbsp;<\/p>\n<p>&nbsp;<\/p>\n<div class=\"gsp_post_data\" \r\n\t            data-post_type=\"post\" \r\n\t            data-cat=\"general,noticias-ecuador\" \r\n\t            data-modified=\"120\"\r\n\t            data-created=\"1757280482\"\r\n\t            data-title=\"Ministerios de Trabajo y Finanzas definir\u00e1n metodolog\u00eda para fusi\u00f3n de carteras de Estado\" \r\n\t            data-home=\"https:\/\/www.evafm.net\/sitio\"><\/div>","protected":false},"excerpt":{"rendered":"<p>El presidente\u00a0Daniel Noboa\u00a0encarg\u00f3 a los ministerios de\u00a0Trabajo y Finanzas\u00a0actualizar los instrumentos y metodolog\u00edas necesarios para viabilizar eficientemente la\u00a0fusi\u00f3n de las carteras de Estado. Tanto\u00a0Trabajo como Finanzas\u00a0definir\u00e1n las estructuras institucionales, posicionales,\u00a0remuneraciones de los servidores p\u00fablicos, as\u00ed como la aprobaci\u00f3n de los estatutos org\u00e1nicos de las entidades de la Funci\u00f3n Ejecutiva. As\u00ed reza el decreto ejecutivo 115,&#8230;<\/p>\n","protected":false},"author":5,"featured_media":93390,"comment_status":"closed","ping_status":"open","sticky":false,"template":"","format":"standard","meta":{"_joinchat":[],"footnotes":""},"categories":[1720,1558],"tags":[],"class_list":["post-93360","post","type-post","status-publish","format-standard","has-post-thumbnail","hentry","category-general","category-noticias-ecuador","have-post-thumb"],"_links":{"self":[{"href":"https:\/\/www.evafm.net\/sitio\/wp-json\/wp\/v2\/posts\/93360","targetHints":{"allow":["GET"]}}],"collection":[{"href":"https:\/\/www.evafm.net\/sitio\/wp-json\/wp\/v2\/posts"}],"about":[{"href":"https:\/\/www.evafm.net\/sitio\/wp-json\/wp\/v2\/types\/post"}],"author":[{"embeddable":true,"href":"https:\/\/www.evafm.net\/sitio\/wp-json\/wp\/v2\/users\/5"}],"replies":[{"embeddable":true,"href":"https:\/\/www.evafm.net\/sitio\/wp-json\/wp\/v2\/comments?post=93360"}],"version-history":[{"count":1,"href":"https:\/\/www.evafm.net\/sitio\/wp-json\/wp\/v2\/posts\/93360\/revisions"}],"predecessor-version":[{"id":93391,"href":"https:\/\/www.evafm.net\/sitio\/wp-json\/wp\/v2\/posts\/93360\/revisions\/93391"}],"wp:featuredmedia":[{"embeddable":true,"href":"https:\/\/www.evafm.net\/sitio\/wp-json\/wp\/v2\/media\/93390"}],"wp:attachment":[{"href":"https:\/\/www.evafm.net\/sitio\/wp-json\/wp\/v2\/media?parent=93360"}],"wp:term":[{"taxonomy":"category","embeddable":true,"href":"https:\/\/www.evafm.net\/sitio\/wp-json\/wp\/v2\/categories?post=93360"},{"taxonomy":"post_tag","embeddable":true,"href":"https:\/\/www.evafm.net\/sitio\/wp-json\/wp\/v2\/tags?post=93360"}],"curies":[{"name":"wp","href":"https:\/\/api.w.org\/{rel}","templated":true}]}}