{"id":93367,"date":"2025-09-07T12:02:49","date_gmt":"2025-09-07T17:02:49","guid":{"rendered":"https:\/\/www.evafm.net\/sitio\/?p=93367"},"modified":"2025-09-07T12:02:49","modified_gmt":"2025-09-07T17:02:49","slug":"hernan-galindez-somos-una-seleccion-muy-dificil-a-vencer","status":"publish","type":"post","link":"https:\/\/www.evafm.net\/sitio\/hernan-galindez-somos-una-seleccion-muy-dificil-a-vencer\/","title":{"rendered":"Hern\u00e1n Gal\u00edndez: \u00abSomos una selecci\u00f3n muy dif\u00edcil a vencer\u00bb"},"content":{"rendered":"<p>El portero de la\u00a0<a href=\"https:\/\/www.ecuavisa.com\/metadatos\/-\/meta\/seleccion-ecuador\" data-mrf-link=\"https:\/\/www.ecuavisa.com\/metadatos\/-\/meta\/seleccion-ecuador\">selecci\u00f3n de Ecuador<\/a>,\u00a0<a href=\"https:\/\/www.ecuavisa.com\/metadatos\/-\/meta\/hernan-galindez\" data-mrf-link=\"https:\/\/www.ecuavisa.com\/metadatos\/-\/meta\/hernan-galindez\">Hern\u00e1n Gal\u00edndez<\/a>, asegur\u00f3 que esperan cerrar con un triunfo ante Argentina por las\u00a0<b>Eliminatorias del Mundial de 2026.<\/b><\/p>\n<p>\u00ab<b>Ha sido una eliminatoria muy complicada, dura.\u00a0<\/b><\/p>\n<p>Tengo un recuerdo latente del d\u00eda que sufrimos la sanci\u00f3n de parte del TAS\u00a0<b>(por el caso del jugador Byron Castillo),<\/b>\u00a0de arrancar con menos tres puntos y todos nos pregunt\u00e1bamos c\u00f3mo se iba a hacer para tratar de clasificar al Mundial 2026&#8243;, dijo Gal\u00edndez tras el entrenamiento de La Tri en Guayaquil de cara al partido del pr\u00f3ximo martes ante Argentina.<\/p>\n<p>El portero de la selecci\u00f3n se\u00f1al\u00f3 que lo primero que hizo Ecuador fue\u00a0<b>\u00abempezar a conformar un equipo nuevo\u00bb.<\/b><\/p>\n<p>\u00abDespu\u00e9s de la salida del t\u00e9cnico Gustavo Alfaro, estuvimos con el espa\u00f1ol F\u00e9lix S\u00e1nchez, pasamos por la Copa Am\u00e9rica donde tuvimos\u00a0<b>otro duro golpe por no haber podido continuar porque perdimos contra Argentina<\/b>\u00ab.<\/p>\n<div id=\"sunmedia-div\"><\/div>\n<p>Record\u00f3 tambi\u00e9n que luego \u00abvino el cambio de t\u00e9cnico, con Sebasti\u00e1n Beccacece.<\/p>\n<p><b>Con \u00e9l estos \u00faltimos once partidos fueron muy buenos<\/b>, solo perdimos con Brasil de visitante, recibimos muy pocos goles, tenemos todav\u00eda la posibilidad matem\u00e1tica de terminar en el segundo lugar\u00bb, asegur\u00f3.<\/p>\n<p>Gal\u00edndez, nacido en Argentina, pero nacionalizado en Ecuador, resalt\u00f3 que, adem\u00e1s, han debutado un buen grupo de j\u00f3venes.<\/p>\n<p>\u00ab<b>Me parece que se le est\u00e1 dando un estilo de juego a la selecci\u00f3n<\/b>, creo que se hicieron las cosas muy bien y, sin dudas, habr\u00e1 cosas que mejorar todav\u00eda de cara a la llegada del mundial\u00bb.<\/p>\n<p>&nbsp;<\/p>\n<p>Insisti\u00f3 en que si el equipo tuviera esos tres puntos estar\u00edan en el segundo puesto sin jugar el \u00faltimo partido.<\/p>\n<p>\u00ab<b>Todo eso hay que mirar, somos una selecci\u00f3n muy dif\u00edcil a vencer,<\/b>\u00a0cualquier selecci\u00f3n que se pare frente a nosotros la vamos a complicar\u00bb, a\u00f1adi\u00f3.<\/p>\n<p>Con relaci\u00f3n\u00a0<b>al partido que disputar\u00e1 contra su pa\u00eds de origen<\/b>, dijo que no iba a jugar de manera diferente por qui\u00e9n es el rival.<\/p>\n<p>\u00ab<b>Cada vez que me pongo la tricolor para m\u00ed es el privilegio m\u00e1s grande\u00a0<\/b>que puedo tener de poder defender a Ecuador, sea el rival que sea o la competencia que sea\u00bb, a\u00f1adi\u00f3.<\/p>\n<p>Y asegur\u00f3 que vive un gran momento, pues nunca pens\u00f3 que con<b>\u00a038 a\u00f1os estar\u00eda clasificando con Ecuador\u00a0<\/b>a un segundo mundial de manera consecutiva desde que \u00e9l est\u00e1.<\/p>\n<p>Actualmente, la Tri se ubica en la\u00a0<b>cuarta posici\u00f3n<\/b>\u00a0con\u00a0<b>26 puntos<\/b>, en zona de clasificaci\u00f3n directa al Mundial 2026. <strong>(D)<\/strong><\/p>\n<p>&nbsp;<\/p>\n<p><strong>Fuente:<\/strong> evafm.net &#8211; ecuavisa.com<\/p>\n<div class=\"gsp_post_data\" \r\n\t            data-post_type=\"post\" \r\n\t            data-cat=\"deportes-internacionales\" \r\n\t            data-modified=\"120\"\r\n\t            data-created=\"1757246569\"\r\n\t            data-title=\"Hern\u00e1n Gal\u00edndez: \u00abSomos una selecci\u00f3n muy dif\u00edcil a vencer\u00bb\" \r\n\t            data-home=\"https:\/\/www.evafm.net\/sitio\"><\/div>","protected":false},"excerpt":{"rendered":"<p>El portero de la\u00a0selecci\u00f3n de Ecuador,\u00a0Hern\u00e1n Gal\u00edndez, asegur\u00f3 que esperan cerrar con un triunfo ante Argentina por las\u00a0Eliminatorias del Mundial de 2026. \u00abHa sido una eliminatoria muy complicada, dura.\u00a0 Tengo un recuerdo latente del d\u00eda que sufrimos la sanci\u00f3n de parte del TAS\u00a0(por el caso del jugador Byron Castillo),\u00a0de arrancar con menos tres puntos y&#8230;<\/p>\n","protected":false},"author":5,"featured_media":93368,"comment_status":"closed","ping_status":"open","sticky":false,"template":"","format":"standard","meta":{"_joinchat":[],"footnotes":""},"categories":[1342],"tags":[],"class_list":["post-93367","post","type-post","status-publish","format-standard","has-post-thumbnail","hentry","category-deportes-internacionales","have-post-thumb"],"_links":{"self":[{"href":"https:\/\/www.evafm.net\/sitio\/wp-json\/wp\/v2\/posts\/93367","targetHints":{"allow":["GET"]}}],"collection":[{"href":"https:\/\/www.evafm.net\/sitio\/wp-json\/wp\/v2\/posts"}],"about":[{"href":"https:\/\/www.evafm.net\/sitio\/wp-json\/wp\/v2\/types\/post"}],"author":[{"embeddable":true,"href":"https:\/\/www.evafm.net\/sitio\/wp-json\/wp\/v2\/users\/5"}],"replies":[{"embeddable":true,"href":"https:\/\/www.evafm.net\/sitio\/wp-json\/wp\/v2\/comments?post=93367"}],"version-history":[{"count":1,"href":"https:\/\/www.evafm.net\/sitio\/wp-json\/wp\/v2\/posts\/93367\/revisions"}],"predecessor-version":[{"id":93369,"href":"https:\/\/www.evafm.net\/sitio\/wp-json\/wp\/v2\/posts\/93367\/revisions\/93369"}],"wp:featuredmedia":[{"embeddable":true,"href":"https:\/\/www.evafm.net\/sitio\/wp-json\/wp\/v2\/media\/93368"}],"wp:attachment":[{"href":"https:\/\/www.evafm.net\/sitio\/wp-json\/wp\/v2\/media?parent=93367"}],"wp:term":[{"taxonomy":"category","embeddable":true,"href":"https:\/\/www.evafm.net\/sitio\/wp-json\/wp\/v2\/categories?post=93367"},{"taxonomy":"post_tag","embeddable":true,"href":"https:\/\/www.evafm.net\/sitio\/wp-json\/wp\/v2\/tags?post=93367"}],"curies":[{"name":"wp","href":"https:\/\/api.w.org\/{rel}","templated":true}]}}