{"id":93439,"date":"2025-09-09T21:21:25","date_gmt":"2025-09-10T02:21:25","guid":{"rendered":"https:\/\/www.evafm.net\/sitio\/?p=93439"},"modified":"2025-09-09T21:21:25","modified_gmt":"2025-09-10T02:21:25","slug":"el-supremo-de-brasil-inicia-la-votacion-que-definira-el-futuro-de-bolsonaro","status":"publish","type":"post","link":"https:\/\/www.evafm.net\/sitio\/el-supremo-de-brasil-inicia-la-votacion-que-definira-el-futuro-de-bolsonaro\/","title":{"rendered":"El Supremo de Brasil inicia la votaci\u00f3n que definir\u00e1 el futuro de Bolsonaro"},"content":{"rendered":"<p>El\u00a0<b>juicio oral<\/b>\u00a0por intento de golpe de Estado contra el ex presidente brasile\u00f1o\u00a0<b>Jair Bolsonaro\u00a0<\/b>y siete integrantes de su entorno entra, a partir de este martes, en su etapa clave en el\u00a0<b>Supremo Tribunal Federal\u00a0<\/b>de\u00a0<b>Brasil<\/b>.<\/p>\n<p>Cinco jueces expondr\u00e1n sucesivamente sus votos para decidir si el ex mandatario y los dem\u00e1s acusados son<b>\u00a0responsables de conspirar<\/b>\u00a0para\u00a0<b>revertir el resultado de las elecciones<\/b>\u00a0de 2022, abriendo la posibilidad de una condena hist\u00f3rica que podr\u00eda impactar en el mapa pol\u00edtico nacional.<\/p>\n<p>El tribunal program\u00f3 audiencias diarias hasta el viernes, buscando cerrar una causa que ha polarizado al pa\u00eds.<\/p>\n<p>La etapa final se puso en marcha la semana pasada con las presentaciones de la Fiscal\u00eda y las defensas: el Ministerio P\u00fablico, representado por el fiscal general\u00a0<b>Paulo Gonet<\/b>, pidi\u00f3 la condena de todos los acusados y responsabiliz\u00f3 a Bolsonaro de ser el \u201cl\u00edder\u201d de la conspiraci\u00f3n, mientras que los abogados de la defensa argumentaron falta de pruebas y reclamaron la absoluci\u00f3n.<\/p>\n<p>&nbsp;<\/p>\n<p>La sesi\u00f3n de este martes estar\u00e1 marcada por el primer voto, que corresponder\u00e1 al juez instructor\u00a0<b>Alexandre de Moraes<\/b>.<\/p>\n<p>De perfil duro y convertido en el principal blanco de los seguidores de Bolsonaro y del propio\u00a0<b>Donald Trump<\/b>\u00a0\u2014quien lo ha sancionado por presunta \u201ccaza de brujas\u201d\u2014, Moraes ya anticip\u00f3 durante la apertura del juicio su postura de firmeza: calific\u00f3 el complot golpista como un intento de instaurar \u201c<b>una verdadera dictadura<\/b>\u201d, dirigido a anular el proceso democr\u00e1tico y perpetuar el mandato de Bolsonaro mediante el uso de la fuerza.<\/p>\n<p>Bolsonaro enfrenta cinco delitos vinculados al orden constitucional, por los que\u00a0<b>podr\u00eda ser condenado hasta 40 a\u00f1os de prisi\u00f3n<\/b>.<\/p>\n<p>Seg\u00fan la acusaci\u00f3n, durante la transici\u00f3n de poder en 2022, el ex presidente impuls\u00f3 la redacci\u00f3n de decretos para revertir su derrota y aval\u00f3, al menos en discusiones confidenciales, planes para asesinar a Lula y otras autoridades.<\/p>\n<p>Se alega adem\u00e1s que su liderazgo directo result\u00f3 central para la coordinaci\u00f3n de los episodios violentos del\u00a0<b>8 de enero de 2023<\/b>, cuando miles de seguidores irrumpieron en las sedes de los tres poderes en Brasilia, reclamando una intervenci\u00f3n militar.<\/p>\n<p class=\"paragraph\" data-mrf-recirculation=\"Links inline\">El veredicto ser\u00e1 definido por mayor\u00eda simple entre los jueces\u00a0<b>Alexandre de Moraes, Fl\u00e1vio Dino, Luiz Fux, C\u00e1rmen L\u00facia Antunes<\/b>\u00a0y\u00a0<b>Cristiano Zanin<\/b>.<\/p>\n<p class=\"paragraph\" data-mrf-recirculation=\"Links inline\">Tras el voto del instructor, expondr\u00e1n sus argumentos Dino, Fux y Antunes; Zanin, ex abogado personal de Lula, ser\u00e1 el encargado de proclamar el resultado final.<\/p>\n<p class=\"paragraph\" data-mrf-recirculation=\"Links inline\">La exposici\u00f3n de Fux genera particular expectativa, dado que en ocasiones anteriores cuestion\u00f3 la interpretaci\u00f3n de Moraes sobre el papel de Bolsonaro en los hechos del 8 de enero.<\/p>\n<p class=\"paragraph\" data-mrf-recirculation=\"Links inline\">En caso de condena \u2014que requiere al menos tres votos de cinco\u2014, el tribunal debatir\u00e1 la pena para los acusados.<\/p>\n<p class=\"paragraph\" data-mrf-recirculation=\"Links inline\">El ingreso en prisi\u00f3n no ser\u00e1 inmediato: las sentencias pueden ser apeladas, y persiste la alternativa de que uno de los magistrados solicite un plazo extra de hasta<b>\u00a090 d\u00edas\u00a0<\/b>para analizar la causa, lo que aplazar\u00eda la definici\u00f3n hasta diciembre.<\/p>\n<p class=\"paragraph\" data-mrf-recirculation=\"Links inline\">La tensi\u00f3n judicial se enmarca en una fuerte movilizaci\u00f3n pol\u00edtica callejera. El domingo, miles de simpatizantes de Bolsonaro se manifestaron en diversas ciudades, con la mayor concentraci\u00f3n en la\u00a0<b>Avenida Paulista de S\u00e3o Paulo<\/b>, donde, seg\u00fan la Universidad de S\u00e3o Paulo, se congregaron unas 42.200 personas.<\/p>\n<p class=\"paragraph\" data-mrf-recirculation=\"Links inline\">All\u00ed asisti\u00f3\u00a0<b>Michelle Bolsonaro<\/b>, esposa del ex presidente, quien manifest\u00f3:<\/p>\n<p class=\"paragraph\" data-mrf-recirculation=\"Links inline\">\u201c<b>Tengo la certeza de que toda la farsa caer\u00e1 por tierra<\/b>\u201d. Desde Estados Unidos, el diputado\u00a0<b>Eduardo Bolsonaro<\/b>, hijo del l\u00edder ultraderechista y tambi\u00e9n investigado, asegur\u00f3 que promover\u00e1 nuevas sanciones internacionales contra De Moraes y su entorno.<\/p>\n<p class=\"paragraph\" data-mrf-recirculation=\"Links inline\">Bolsonaro, de 70 a\u00f1os, prev\u00e9 seguir la sesi\u00f3n desde su domicilio en Brasilia por motivos de salud y mientras cumple<b>\u00a0arresto domiciliario<\/b>\u00a0por violar restricciones previas.<\/p>\n<p class=\"paragraph\" data-mrf-recirculation=\"Links inline\">El desenlace del juicio podr\u00eda determinar si la figura central de la derecha brasile\u00f1a queda formalmente condenada e inhabilitada, o si se mantiene el espacio para una futura disputa pol\u00edtica en el pa\u00eds.<\/p>\n<p class=\"paragraph\" data-mrf-recirculation=\"Links inline\">El fallo del STF marcar\u00e1 un hito hist\u00f3rico en la democracia brasile\u00f1a y sentar\u00e1 precedente sobre la responsabilidad de los l\u00edderes en la defensa del orden democr\u00e1tico.<strong> (I)<\/strong><\/p>\n<p class=\"paragraph\" data-mrf-recirculation=\"Links inline\"><strong><i>(Con informaci\u00f3n de EFE y AFP)<\/i><\/strong><\/p>\n<p data-mrf-recirculation=\"Links inline\"><img fetchpriority=\"high\" decoding=\"async\" class=\"global-image\" src=\"https:\/\/www.infobae.com\/resizer\/v2\/W3CBUN6YNNF7VIZZ3J637URSFA.JPG?auth=8a13c3c5c9787a2a0d16bb19cfe2503d155b6d2921a6cda1a5cf6519da6cace1&amp;smart=true&amp;width=350&amp;height=233&amp;quality=85\" alt=\"La sesi\u00f3n de este martes\" width=\"877\" height=\"584\" \/><\/p>\n<p data-mrf-recirculation=\"Links inline\">La sesi\u00f3n de este martes estar\u00e1 marcada por el primer voto, que corresponder\u00e1 al juez instructor\u00a0Alexandre de Moraes<\/p>\n<p data-mrf-recirculation=\"Links inline\"><strong> (REUTERS\/Jorge Silva)<\/strong><\/p>\n<p data-mrf-recirculation=\"Links inline\"><img decoding=\"async\" class=\"global-image\" src=\"https:\/\/www.infobae.com\/resizer\/v2\/5BYRDKF3HBC4DJPRRDUXJ4SLU4.JPG?auth=068a8102693d71c9266186b0c66cfa7a0143dc2fb7fbee58b641d1cacfbd1613&amp;smart=true&amp;width=350&amp;height=197&amp;quality=85\" alt=\"El domingo, miles de simpatizantes\" width=\"895\" height=\"504\" \/><\/p>\n<p data-mrf-recirculation=\"Links inline\">El domingo, miles de simpatizantes de Bolsonaro se manifestaron en diversas ciudades, con la mayor concentraci\u00f3n en la<\/p>\n<p data-mrf-recirculation=\"Links inline\">Avenida Paulista de S\u00e3o Paulo, donde, seg\u00fan la Universidad de S\u00e3o Paulo, se congregaron unas 42.200 personas<\/p>\n<p data-mrf-recirculation=\"Links inline\"><strong> (REUTERS\/Amanda Perobelli)<\/strong><\/p>\n<p data-mrf-recirculation=\"Links inline\"><strong>Fuente:<\/strong> evafm.net &#8211; infobae.com<\/p>\n<div class=\"gsp_post_data\" \r\n\t            data-post_type=\"post\" \r\n\t            data-cat=\"general,noticias-internacionales\" \r\n\t            data-modified=\"120\"\r\n\t            data-created=\"1757452885\"\r\n\t            data-title=\"El Supremo de Brasil inicia la votaci\u00f3n que definir\u00e1 el futuro de Bolsonaro\" \r\n\t            data-home=\"https:\/\/www.evafm.net\/sitio\"><\/div>","protected":false},"excerpt":{"rendered":"<p>El\u00a0juicio oral\u00a0por intento de golpe de Estado contra el ex presidente brasile\u00f1o\u00a0Jair Bolsonaro\u00a0y siete integrantes de su entorno entra, a partir de este martes, en su etapa clave en el\u00a0Supremo Tribunal Federal\u00a0de\u00a0Brasil. Cinco jueces expondr\u00e1n sucesivamente sus votos para decidir si el ex mandatario y los dem\u00e1s acusados son\u00a0responsables de conspirar\u00a0para\u00a0revertir el resultado de las&#8230;<\/p>\n","protected":false},"author":5,"featured_media":93475,"comment_status":"closed","ping_status":"open","sticky":false,"template":"","format":"standard","meta":{"_joinchat":[],"footnotes":""},"categories":[1720,1345],"tags":[],"class_list":["post-93439","post","type-post","status-publish","format-standard","has-post-thumbnail","hentry","category-general","category-noticias-internacionales","have-post-thumb"],"_links":{"self":[{"href":"https:\/\/www.evafm.net\/sitio\/wp-json\/wp\/v2\/posts\/93439","targetHints":{"allow":["GET"]}}],"collection":[{"href":"https:\/\/www.evafm.net\/sitio\/wp-json\/wp\/v2\/posts"}],"about":[{"href":"https:\/\/www.evafm.net\/sitio\/wp-json\/wp\/v2\/types\/post"}],"author":[{"embeddable":true,"href":"https:\/\/www.evafm.net\/sitio\/wp-json\/wp\/v2\/users\/5"}],"replies":[{"embeddable":true,"href":"https:\/\/www.evafm.net\/sitio\/wp-json\/wp\/v2\/comments?post=93439"}],"version-history":[{"count":1,"href":"https:\/\/www.evafm.net\/sitio\/wp-json\/wp\/v2\/posts\/93439\/revisions"}],"predecessor-version":[{"id":93476,"href":"https:\/\/www.evafm.net\/sitio\/wp-json\/wp\/v2\/posts\/93439\/revisions\/93476"}],"wp:featuredmedia":[{"embeddable":true,"href":"https:\/\/www.evafm.net\/sitio\/wp-json\/wp\/v2\/media\/93475"}],"wp:attachment":[{"href":"https:\/\/www.evafm.net\/sitio\/wp-json\/wp\/v2\/media?parent=93439"}],"wp:term":[{"taxonomy":"category","embeddable":true,"href":"https:\/\/www.evafm.net\/sitio\/wp-json\/wp\/v2\/categories?post=93439"},{"taxonomy":"post_tag","embeddable":true,"href":"https:\/\/www.evafm.net\/sitio\/wp-json\/wp\/v2\/tags?post=93439"}],"curies":[{"name":"wp","href":"https:\/\/api.w.org\/{rel}","templated":true}]}}