{"id":93529,"date":"2025-09-11T21:25:17","date_gmt":"2025-09-12T02:25:17","guid":{"rendered":"https:\/\/www.evafm.net\/sitio\/?p=93529"},"modified":"2025-09-11T21:25:17","modified_gmt":"2025-09-12T02:25:17","slug":"el-gobierno-recupera-15-200-barriles-de-petroleo-tras-labores-de-limpieza","status":"publish","type":"post","link":"https:\/\/www.evafm.net\/sitio\/el-gobierno-recupera-15-200-barriles-de-petroleo-tras-labores-de-limpieza\/","title":{"rendered":"El Gobierno recupera 15 200 barriles de petr\u00f3leo tras labores de limpieza"},"content":{"rendered":"<p>El Gobierno, mediante un programa de limpieza y rehabilitaci\u00f3n de \u00e1reas afectas por la operaciones hidrocarbur\u00edferas realizadas d\u00e9cadas atr\u00e1s, ha recuperado y reinsertado en la producci\u00f3n nacional\u00a0<b>15 200 barriles de crudo desde 2023<\/b>, a trav\u00e9s de la empresa p\u00fablica\u00a0<a href=\"https:\/\/www.ecuavisa.com\/metadatos\/-\/meta\/petroecuador\" target=\"_blank\" rel=\"noopener noreferrer\" data-mrf-link=\"https:\/\/www.ecuavisa.com\/metadatos\/-\/meta\/petroecuador\">Petroecuador<\/a>.<\/p>\n<p>En estos dos a\u00f1os, el personal t\u00e9cnico del programa ejecut\u00f3 labores de limpieza para recuperar el\u00a0<b>crudo da\u00f1ado durante los \u00faltimos a\u00f1os<\/b>, indic\u00f3 el Ministerio de Ambiente y Energ\u00eda en un comunicado, en el que detall\u00f3 que primero separaron los residuos de hidrocarburo y material org\u00e1nico y despu\u00e9s procesaron el\u00a0<b>petr\u00f3leo encontrado en fuentes de contaminaci\u00f3n<\/b> en la Planta de Tratamiento y Recuperaci\u00f3n de Sacha, en la provincia de Orellana.<\/p>\n<p>&nbsp;<\/p>\n<p>En el marco del programa, desde 2023 se eliminaron\u00a0<b>301 fuentes de contaminaci\u00f3n<\/b>, se remediaron m\u00e1s de 256 000 metros c\u00fabicos de suelo, se rehabilitaron alrededor de 155 000 metros cuadrados de suelo y se mejor\u00f3 la vegetaci\u00f3n en un \u00e1rea de alrededor de 76 000 metros cuadrados.<\/p>\n<div id=\"sunmedia-div\"><\/div>\n<p>Estos trabajos, seg\u00fan el Ministerio, benefician y mejoran la calidad de vida de los ciudadanos de 94 comunidades repartidas en las provincias de\u00a0<b>Orellana, Sucumb\u00edos y Pastaza<\/b>.<\/p>\n<p>\u00ab<b>Amazon\u00eda Viva<\/b>\u00a0tiene como objetivo primordial la protecci\u00f3n, restauraci\u00f3n, conservaci\u00f3n y remediaci\u00f3n de los recursos naturales pertenecientes a los suelos amaz\u00f3nicos, donde existi\u00f3 actividad petrolera d\u00e9cadas atr\u00e1s, lo cual se considera como un pasivo ambiental\u00bb, explicaron respecto al programa.<\/p>\n<p>En Amazon\u00eda Viva participan\u00a0<b>expertos en reparaci\u00f3n del suelo, tecnolog\u00edas ambientales y reforestaci\u00f3n<\/b>.<\/p>\n<p>Las metas del programa van acorde a lo estipulado en los objetivos de desarrollo sostenible de Naciones Unidas sobre la acci\u00f3n por el clima y la vida de ecosistemas terrestres; y el Plan Nacional de Desarrollo.<\/p>\n<p><strong>Derrame.<\/strong><\/p>\n<p>En marzo pasado, una rotura de un oleoducto Transecuatoriano (Sote) provoc\u00f3 un derrame de m\u00e1s de\u00a0<b>25 000 barriles de crudo<\/b>\u00a0que llegaron a los principales r\u00edos de la provincia costera de Esmeraldas, Fronteriza con Colombia.<\/p>\n<p>La rotura de la tuber\u00eda del Sote se produjo a su paso por el municipio de\u00a0<b>Quinind\u00e9<\/b>, situado en la provincia de\u00a0<b>Esmeraldas<\/b>, y el hidrocarburo lleg\u00f3 hasta el mismo r\u00edo que da nombre a esta demarcaci\u00f3n, lo que oblig\u00f3 a suspender el suministro de agua potable en varias localidades, entre ellas la ciudad de Esmeraldas, la capital provincial.<\/p>\n<p>La actividad del oleoducto, que transporta el petr\u00f3leo extra\u00eddo de los pozos de la Amazon\u00eda ecuatoriana hasta la costa del pa\u00eds, estuvo paralizada durante los seis d\u00edas que dur\u00f3 la reparaci\u00f3n de la tuber\u00eda y la retirada de unos 225 000 metros c\u00fabicos de tierra que cayeron encima de la infraestructura, producto del deslizamiento de tierra.<strong>(I)<\/strong><\/p>\n<p>&nbsp;<\/p>\n<p><strong>Fuente:<\/strong> evafm.net &#8211; ecuavisa.com<\/p>\n<div class=\"gsp_post_data\" \r\n\t            data-post_type=\"post\" \r\n\t            data-cat=\"general,noticias-ecuador\" \r\n\t            data-modified=\"120\"\r\n\t            data-created=\"1757625917\"\r\n\t            data-title=\"El Gobierno recupera 15 200 barriles de petr\u00f3leo tras labores de limpieza\" \r\n\t            data-home=\"https:\/\/www.evafm.net\/sitio\"><\/div>","protected":false},"excerpt":{"rendered":"<p>El Gobierno, mediante un programa de limpieza y rehabilitaci\u00f3n de \u00e1reas afectas por la operaciones hidrocarbur\u00edferas realizadas d\u00e9cadas atr\u00e1s, ha recuperado y reinsertado en la producci\u00f3n nacional\u00a015 200 barriles de crudo desde 2023, a trav\u00e9s de la empresa p\u00fablica\u00a0Petroecuador. En estos dos a\u00f1os, el personal t\u00e9cnico del programa ejecut\u00f3 labores de limpieza para recuperar el\u00a0crudo&#8230;<\/p>\n","protected":false},"author":5,"featured_media":93552,"comment_status":"closed","ping_status":"open","sticky":false,"template":"","format":"standard","meta":{"_joinchat":[],"footnotes":""},"categories":[1720,1558],"tags":[],"class_list":["post-93529","post","type-post","status-publish","format-standard","has-post-thumbnail","hentry","category-general","category-noticias-ecuador","have-post-thumb"],"_links":{"self":[{"href":"https:\/\/www.evafm.net\/sitio\/wp-json\/wp\/v2\/posts\/93529","targetHints":{"allow":["GET"]}}],"collection":[{"href":"https:\/\/www.evafm.net\/sitio\/wp-json\/wp\/v2\/posts"}],"about":[{"href":"https:\/\/www.evafm.net\/sitio\/wp-json\/wp\/v2\/types\/post"}],"author":[{"embeddable":true,"href":"https:\/\/www.evafm.net\/sitio\/wp-json\/wp\/v2\/users\/5"}],"replies":[{"embeddable":true,"href":"https:\/\/www.evafm.net\/sitio\/wp-json\/wp\/v2\/comments?post=93529"}],"version-history":[{"count":1,"href":"https:\/\/www.evafm.net\/sitio\/wp-json\/wp\/v2\/posts\/93529\/revisions"}],"predecessor-version":[{"id":93553,"href":"https:\/\/www.evafm.net\/sitio\/wp-json\/wp\/v2\/posts\/93529\/revisions\/93553"}],"wp:featuredmedia":[{"embeddable":true,"href":"https:\/\/www.evafm.net\/sitio\/wp-json\/wp\/v2\/media\/93552"}],"wp:attachment":[{"href":"https:\/\/www.evafm.net\/sitio\/wp-json\/wp\/v2\/media?parent=93529"}],"wp:term":[{"taxonomy":"category","embeddable":true,"href":"https:\/\/www.evafm.net\/sitio\/wp-json\/wp\/v2\/categories?post=93529"},{"taxonomy":"post_tag","embeddable":true,"href":"https:\/\/www.evafm.net\/sitio\/wp-json\/wp\/v2\/tags?post=93529"}],"curies":[{"name":"wp","href":"https:\/\/api.w.org\/{rel}","templated":true}]}}