{"id":93583,"date":"2025-09-12T10:01:36","date_gmt":"2025-09-12T15:01:36","guid":{"rendered":"https:\/\/www.evafm.net\/sitio\/?p=93583"},"modified":"2025-09-12T10:01:36","modified_gmt":"2025-09-12T15:01:36","slug":"luis-zubeldia-candidato-a-dirigir-a-venezuela-para-las-eliminatorias-2030","status":"publish","type":"post","link":"https:\/\/www.evafm.net\/sitio\/luis-zubeldia-candidato-a-dirigir-a-venezuela-para-las-eliminatorias-2030\/","title":{"rendered":"Luis Zubeld\u00eda, candidato a dirigir a Venezuela para las Eliminatorias 2030"},"content":{"rendered":"<p>Tras la reciente y dolorosa eliminaci\u00f3n de Venezuela en su camino hacia el\u00a0<b><a href=\"https:\/\/www.ecuavisa.com\/deportes\/futbol-internacional\/maduro-exige-cambio-en-el-cuerpo-tecnico-de-la-vinotinto-tras-eliminacion-ante-colombia-II10093803\" data-mrf-link=\"https:\/\/www.ecuavisa.com\/deportes\/futbol-internacional\/maduro-exige-cambio-en-el-cuerpo-tecnico-de-la-vinotinto-tras-eliminacion-ante-colombia-II10093803\">Mundial 2026<\/a><\/b>, la\u00a0<b>Federaci\u00f3n Venezolana de F\u00fatbol (FVF)\u00a0<\/b>ya trabaja en un nuevo proyecto con la mira puesta en 2030.<\/p>\n<p>Y el nombre que m\u00e1s fuerza ha cobrado en las \u00faltimas horas es el del argentino\u00a0<b>Luis Zubeld\u00eda,<\/b>\u00a0quien aparece como principal candidato para asumir el banquillo vinotinto.<\/p>\n<p>Medios venezolanos aseguran que el ext\u00e9cnico de<b>\u00a0Liga de Quito<\/b>\u00a0encabeza la lista de posibles reemplazantes de\u00a0<b>Fernando Batista,<\/b>\u00a0cuya salida se confirm\u00f3 la noche del mi\u00e9rcoles por medio de<\/p>\n<p>presiones del dictador Nicol\u00e1s Maduro, quien critic\u00f3 el desempe\u00f1o del cuerpo t\u00e9cnico.<\/p>\n<p>&nbsp;<\/p>\n<p>Zubeld\u00eda, de 43 a\u00f1os, viene de conquistar la Copa Sudamericana 2023 con LDUQ y cuenta con un recorrido amplio y s\u00f3lido tanto en clubes sudamericanos como internacionales.<\/p>\n<p>En su trayectoria figuran equipos como<b>\u00a0S\u00e3o Paulo, Racing Club, Lan\u00fas y Barcelona SC,<\/b>\u00a0donde ha dejado una huella como entrenador met\u00f3dico, estrat\u00e9gico y con visi\u00f3n de largo plazo.<\/p>\n<div id=\"sunmedia-div\"><\/div>\n<p>Desde la FVF apuestan por un proyecto estructural y sostenido, con el objetivo de que Venezuela d\u00e9 el salto de calidad definitivo en la escena internacional.<\/p>\n<p>La llegada de Zubeld\u00eda representar\u00eda una apuesta por un entrenador joven y sin experiencia dirigiendo combinados nacionales pero con una gran proyecci\u00f3n a futuro. <strong>(D)<\/strong><\/p>\n<p>&nbsp;<\/p>\n<p><strong>Fuente: <\/strong>evafm.net &#8211; ecuavisa.com<\/p>\n<div class=\"gsp_post_data\" \r\n\t            data-post_type=\"post\" \r\n\t            data-cat=\"deportes-internacionales\" \r\n\t            data-modified=\"120\"\r\n\t            data-created=\"1757671296\"\r\n\t            data-title=\"Luis Zubeld\u00eda, candidato a dirigir a Venezuela para las Eliminatorias 2030\" \r\n\t            data-home=\"https:\/\/www.evafm.net\/sitio\"><\/div>","protected":false},"excerpt":{"rendered":"<p>Tras la reciente y dolorosa eliminaci\u00f3n de Venezuela en su camino hacia el\u00a0Mundial 2026, la\u00a0Federaci\u00f3n Venezolana de F\u00fatbol (FVF)\u00a0ya trabaja en un nuevo proyecto con la mira puesta en 2030. Y el nombre que m\u00e1s fuerza ha cobrado en las \u00faltimas horas es el del argentino\u00a0Luis Zubeld\u00eda,\u00a0quien aparece como principal candidato para asumir el banquillo&#8230;<\/p>\n","protected":false},"author":5,"featured_media":93584,"comment_status":"closed","ping_status":"open","sticky":false,"template":"","format":"standard","meta":{"_joinchat":[],"footnotes":""},"categories":[1342],"tags":[],"class_list":["post-93583","post","type-post","status-publish","format-standard","has-post-thumbnail","hentry","category-deportes-internacionales","have-post-thumb"],"_links":{"self":[{"href":"https:\/\/www.evafm.net\/sitio\/wp-json\/wp\/v2\/posts\/93583","targetHints":{"allow":["GET"]}}],"collection":[{"href":"https:\/\/www.evafm.net\/sitio\/wp-json\/wp\/v2\/posts"}],"about":[{"href":"https:\/\/www.evafm.net\/sitio\/wp-json\/wp\/v2\/types\/post"}],"author":[{"embeddable":true,"href":"https:\/\/www.evafm.net\/sitio\/wp-json\/wp\/v2\/users\/5"}],"replies":[{"embeddable":true,"href":"https:\/\/www.evafm.net\/sitio\/wp-json\/wp\/v2\/comments?post=93583"}],"version-history":[{"count":1,"href":"https:\/\/www.evafm.net\/sitio\/wp-json\/wp\/v2\/posts\/93583\/revisions"}],"predecessor-version":[{"id":93585,"href":"https:\/\/www.evafm.net\/sitio\/wp-json\/wp\/v2\/posts\/93583\/revisions\/93585"}],"wp:featuredmedia":[{"embeddable":true,"href":"https:\/\/www.evafm.net\/sitio\/wp-json\/wp\/v2\/media\/93584"}],"wp:attachment":[{"href":"https:\/\/www.evafm.net\/sitio\/wp-json\/wp\/v2\/media?parent=93583"}],"wp:term":[{"taxonomy":"category","embeddable":true,"href":"https:\/\/www.evafm.net\/sitio\/wp-json\/wp\/v2\/categories?post=93583"},{"taxonomy":"post_tag","embeddable":true,"href":"https:\/\/www.evafm.net\/sitio\/wp-json\/wp\/v2\/tags?post=93583"}],"curies":[{"name":"wp","href":"https:\/\/api.w.org\/{rel}","templated":true}]}}