{"id":93586,"date":"2025-09-12T10:13:22","date_gmt":"2025-09-12T15:13:22","guid":{"rendered":"https:\/\/www.evafm.net\/sitio\/?p=93586"},"modified":"2025-09-12T10:14:11","modified_gmt":"2025-09-12T15:14:11","slug":"comienza-la-era-del-data-act-las-pymes-europeas-estrenan-reglas-para-compartir-y-monetizar-datos","status":"publish","type":"post","link":"https:\/\/www.evafm.net\/sitio\/comienza-la-era-del-data-act-las-pymes-europeas-estrenan-reglas-para-compartir-y-monetizar-datos\/","title":{"rendered":"Comienza la era del Data\u202fAct: las pymes europeas estrenan reglas para compartir y monetizar datos"},"content":{"rendered":"<p>Desde hoy se aplica en la Uni\u00f3n Europea el Reglamento de Datos, pieza clave del paquete digital que redefine qui\u00e9n accede a la informaci\u00f3n generada por dispositivos conectados.<\/p>\n<p>La norma obliga a fabricantes y proveedores de servicios de nube a abrir interfaces y dejar que usuarios y empresas recuperen y redistribuyan los datos de sus propios productos.<\/p>\n<p>Expertos jur\u00eddicos alertan de que el cumplimiento ser\u00e1 complejo, pero celebran que finalmente se equilibren fuerzas frente a los gigantes de la plataforma.<\/p>\n<p>Para las pymes se abre la posibilidad de lanzar servicios de posventa, mantenimiento predictivo y anal\u00edtica avanzada sin depender de acuerdos opacos con los titulares de la infraestructura.<\/p>\n<p>El Data\u202fAct introduce asimismo salvaguardias contra transferencias forzosas de datos hacia jurisdicciones con legislaciones invasivas y crea un mecanismo de resoluci\u00f3n de disputas expreso.<\/p>\n<p>Firmas de consultor\u00eda anticipan un auge de soluciones de gobernanza y una \u201csegunda ola\u201d de migraciones multicloud ante la exigencia de portabilidad casi en tiempo real.<\/p>\n<p>Las startups del Internet de las Cosas ven la norma como pasaporte para escalar; los incumbentes temen un aumento de costes de interoperabilidad.<\/p>\n<p>Bruselas se reserva poderes sancionadores equivalentes al RGPD para garantizar que la revoluci\u00f3n de la econom\u00eda del dato no quede en papel mojado.<strong>(T)<\/strong><\/p>\n<p><a href=\"https:\/\/www.evafm.net\/sitio\/wp-content\/uploads\/2025\/09\/Tec_2_2_09122025.jpg\"><img fetchpriority=\"high\" decoding=\"async\" class=\"alignnone size-full wp-image-93578\" src=\"https:\/\/www.evafm.net\/sitio\/wp-content\/uploads\/2025\/09\/Tec_2_2_09122025.jpg\" alt=\"\" width=\"600\" height=\"400\" srcset=\"https:\/\/www.evafm.net\/sitio\/wp-content\/uploads\/2025\/09\/Tec_2_2_09122025.jpg 600w, https:\/\/www.evafm.net\/sitio\/wp-content\/uploads\/2025\/09\/Tec_2_2_09122025-300x200.jpg 300w\" sizes=\"(max-width: 600px) 100vw, 600px\" \/><\/a><\/p>\n<p><strong>Fuente:<\/strong> evafm.net &#8211; compterworld.es<\/p>\n<div class=\"gsp_post_data\" \r\n\t            data-post_type=\"post\" \r\n\t            data-cat=\"tecnologia\" \r\n\t            data-modified=\"120\"\r\n\t            data-created=\"1757672002\"\r\n\t            data-title=\"Comienza la era del Data\u202fAct: las pymes europeas estrenan reglas para compartir y monetizar datos\" \r\n\t            data-home=\"https:\/\/www.evafm.net\/sitio\"><\/div>","protected":false},"excerpt":{"rendered":"<p>Desde hoy se aplica en la Uni\u00f3n Europea el Reglamento de Datos, pieza clave del paquete digital que redefine qui\u00e9n accede a la informaci\u00f3n generada por dispositivos conectados. La norma obliga a fabricantes y proveedores de servicios de nube a abrir interfaces y dejar que usuarios y empresas recuperen y redistribuyan los datos de sus&#8230;<\/p>\n","protected":false},"author":1,"featured_media":93579,"comment_status":"closed","ping_status":"open","sticky":false,"template":"","format":"standard","meta":{"_joinchat":[],"footnotes":""},"categories":[65],"tags":[],"class_list":["post-93586","post","type-post","status-publish","format-standard","has-post-thumbnail","hentry","category-tecnologia","have-post-thumb"],"_links":{"self":[{"href":"https:\/\/www.evafm.net\/sitio\/wp-json\/wp\/v2\/posts\/93586","targetHints":{"allow":["GET"]}}],"collection":[{"href":"https:\/\/www.evafm.net\/sitio\/wp-json\/wp\/v2\/posts"}],"about":[{"href":"https:\/\/www.evafm.net\/sitio\/wp-json\/wp\/v2\/types\/post"}],"author":[{"embeddable":true,"href":"https:\/\/www.evafm.net\/sitio\/wp-json\/wp\/v2\/users\/1"}],"replies":[{"embeddable":true,"href":"https:\/\/www.evafm.net\/sitio\/wp-json\/wp\/v2\/comments?post=93586"}],"version-history":[{"count":2,"href":"https:\/\/www.evafm.net\/sitio\/wp-json\/wp\/v2\/posts\/93586\/revisions"}],"predecessor-version":[{"id":93591,"href":"https:\/\/www.evafm.net\/sitio\/wp-json\/wp\/v2\/posts\/93586\/revisions\/93591"}],"wp:featuredmedia":[{"embeddable":true,"href":"https:\/\/www.evafm.net\/sitio\/wp-json\/wp\/v2\/media\/93579"}],"wp:attachment":[{"href":"https:\/\/www.evafm.net\/sitio\/wp-json\/wp\/v2\/media?parent=93586"}],"wp:term":[{"taxonomy":"category","embeddable":true,"href":"https:\/\/www.evafm.net\/sitio\/wp-json\/wp\/v2\/categories?post=93586"},{"taxonomy":"post_tag","embeddable":true,"href":"https:\/\/www.evafm.net\/sitio\/wp-json\/wp\/v2\/tags?post=93586"}],"curies":[{"name":"wp","href":"https:\/\/api.w.org\/{rel}","templated":true}]}}