{"id":93742,"date":"2025-09-15T22:25:06","date_gmt":"2025-09-16T03:25:06","guid":{"rendered":"https:\/\/www.evafm.net\/sitio\/?p=93742"},"modified":"2025-09-15T22:25:06","modified_gmt":"2025-09-16T03:25:06","slug":"apple-redisena-el-futuro-movil-con-el-iphone-17-pro-iphone-air-e-ios-26","status":"publish","type":"post","link":"https:\/\/www.evafm.net\/sitio\/apple-redisena-el-futuro-movil-con-el-iphone-17-pro-iphone-air-e-ios-26\/","title":{"rendered":"Apple redise\u00f1a el futuro m\u00f3vil con el iPhone\u00a017\u00a0Pro, iPhone\u00a0Air e iOS\u00a026"},"content":{"rendered":"<p>Apple celebr\u00f3 su evento de septiembre y present\u00f3 los iPhone\u00a017\u00a0Pro y 17\u00a0Pro\u00a0Max junto con el nuevo iPhone\u00a0Air, combinando un chasis ultradelgado con el chip A19\u00a0Pro, el m\u00e1s potente jam\u00e1s visto en un iPhone.<\/p>\n<p>Las c\u00e1maras \u201cFusion\u201d de 48\u00a0Mpx cubren desde ultra gran angular hasta un zoom \u00f3ptico de ocho aumentos, mientras que la nueva c\u00e1mara frontal Center\u00a0Stage de 18\u00a0Mpx estrena el primer sensor cuadrado de Apple.<\/p>\n<p>Apple ampli\u00f3 su apuesta por la IA con Apple\u00a0Intelligence, funciones de fotograf\u00eda computacional y un Photonic\u00a0Engine renovado que reduce ruido y mejora color en entornos de baja luz.<\/p>\n<p>La autonom\u00eda se refuerza con una bater\u00eda optimizada y refrigeraci\u00f3n por c\u00e1mara de vapor soldada por l\u00e1ser al aluminio unibody, reduciendo hasta un 30\u202f% la temperatura interna.<\/p>\n<p>Los nuevos acabados azul oscuro, naranja c\u00f3smico y plata estar\u00e1n disponibles para reserva el 12 de septiembre y llegar\u00e1n a tiendas el 19 de septiembre en m\u00e1s de 60 regiones, incluida Espa\u00f1a.<\/p>\n<p>En paralelo, Apple confirm\u00f3 que iOS\u00a026 se libera hoy, 15 de septiembre, para modelos desde el iPhone\u00a012, con mejoras como Live\u00a0Rooms en FaceTime y widgets interactivos.<\/p>\n<p>La versi\u00f3n Release\u00a0Candidate pas\u00f3 a ser la build p\u00fablica definitiva, lo que facilita a desarrolladores subir aplicaciones preparadas para la nueva API de Apple\u00a0Intelligence.<\/p>\n<p>Con este lanzamiento Apple unifica ecosistema: los iPhone\u00a017 salen de f\u00e1brica con iOS\u00a026, AirPods\u00a0Pro\u202f3 y Apple\u00a0Watch\u00a0Series\u00a011 integran funciones cruzadas de salud y streaming.<\/p>\n<p>El anuncio coincide con la estrategia Apple 2030 de neutralidad de carbono, usando 30\u202f% de materiales reciclados y empaques totalmente libres de pl\u00e1stico.<\/p>\n<p><br data-start=\"2074\" data-end=\"2077\" \/>El mercado ya valora el impacto: analistas prev\u00e9n que la combinaci\u00f3n de hardware y servicios impulse los ingresos de la divisi\u00f3n iPhone un 8\u202f% en el Q4\u20112025.<strong>(T)<\/strong><\/p>\n<p><a href=\"https:\/\/www.evafm.net\/sitio\/wp-content\/uploads\/2025\/09\/Tec_1_2_09152025.jpg\"><img fetchpriority=\"high\" decoding=\"async\" class=\"alignnone size-full wp-image-93748\" src=\"https:\/\/www.evafm.net\/sitio\/wp-content\/uploads\/2025\/09\/Tec_1_2_09152025.jpg\" alt=\"\" width=\"600\" height=\"400\" srcset=\"https:\/\/www.evafm.net\/sitio\/wp-content\/uploads\/2025\/09\/Tec_1_2_09152025.jpg 600w, https:\/\/www.evafm.net\/sitio\/wp-content\/uploads\/2025\/09\/Tec_1_2_09152025-300x200.jpg 300w\" sizes=\"(max-width: 600px) 100vw, 600px\" \/><\/a><\/p>\n<p><strong>Fuente:<\/strong> evafm.net &#8211; apple.com<\/p>\n<div class=\"gsp_post_data\" \r\n\t            data-post_type=\"post\" \r\n\t            data-cat=\"general,tecnologia\" \r\n\t            data-modified=\"120\"\r\n\t            data-created=\"1757975106\"\r\n\t            data-title=\"Apple redise\u00f1a el futuro m\u00f3vil con el iPhone\u00a017\u00a0Pro, iPhone\u00a0Air e iOS\u00a026\" \r\n\t            data-home=\"https:\/\/www.evafm.net\/sitio\"><\/div>","protected":false},"excerpt":{"rendered":"<p>Apple celebr\u00f3 su evento de septiembre y present\u00f3 los iPhone\u00a017\u00a0Pro y 17\u00a0Pro\u00a0Max junto con el nuevo iPhone\u00a0Air, combinando un chasis ultradelgado con el chip A19\u00a0Pro, el m\u00e1s potente jam\u00e1s visto en un iPhone. Las c\u00e1maras \u201cFusion\u201d de 48\u00a0Mpx cubren desde ultra gran angular hasta un zoom \u00f3ptico de ocho aumentos, mientras que la nueva c\u00e1mara&#8230;<\/p>\n","protected":false},"author":1,"featured_media":93749,"comment_status":"closed","ping_status":"open","sticky":false,"template":"","format":"standard","meta":{"_joinchat":[],"footnotes":""},"categories":[1720,65],"tags":[],"class_list":["post-93742","post","type-post","status-publish","format-standard","has-post-thumbnail","hentry","category-general","category-tecnologia","have-post-thumb"],"_links":{"self":[{"href":"https:\/\/www.evafm.net\/sitio\/wp-json\/wp\/v2\/posts\/93742","targetHints":{"allow":["GET"]}}],"collection":[{"href":"https:\/\/www.evafm.net\/sitio\/wp-json\/wp\/v2\/posts"}],"about":[{"href":"https:\/\/www.evafm.net\/sitio\/wp-json\/wp\/v2\/types\/post"}],"author":[{"embeddable":true,"href":"https:\/\/www.evafm.net\/sitio\/wp-json\/wp\/v2\/users\/1"}],"replies":[{"embeddable":true,"href":"https:\/\/www.evafm.net\/sitio\/wp-json\/wp\/v2\/comments?post=93742"}],"version-history":[{"count":2,"href":"https:\/\/www.evafm.net\/sitio\/wp-json\/wp\/v2\/posts\/93742\/revisions"}],"predecessor-version":[{"id":93750,"href":"https:\/\/www.evafm.net\/sitio\/wp-json\/wp\/v2\/posts\/93742\/revisions\/93750"}],"wp:featuredmedia":[{"embeddable":true,"href":"https:\/\/www.evafm.net\/sitio\/wp-json\/wp\/v2\/media\/93749"}],"wp:attachment":[{"href":"https:\/\/www.evafm.net\/sitio\/wp-json\/wp\/v2\/media?parent=93742"}],"wp:term":[{"taxonomy":"category","embeddable":true,"href":"https:\/\/www.evafm.net\/sitio\/wp-json\/wp\/v2\/categories?post=93742"},{"taxonomy":"post_tag","embeddable":true,"href":"https:\/\/www.evafm.net\/sitio\/wp-json\/wp\/v2\/tags?post=93742"}],"curies":[{"name":"wp","href":"https:\/\/api.w.org\/{rel}","templated":true}]}}