{"id":93763,"date":"2025-09-16T21:10:03","date_gmt":"2025-09-17T02:10:03","guid":{"rendered":"https:\/\/www.evafm.net\/sitio\/?p=93763"},"modified":"2025-09-16T21:10:03","modified_gmt":"2025-09-17T02:10:03","slug":"con-la-eliminacion-del-subsidio-al-diesel-ecuador-podria-acceder-a-mas-financiamiento-de-multilaterales","status":"publish","type":"post","link":"https:\/\/www.evafm.net\/sitio\/con-la-eliminacion-del-subsidio-al-diesel-ecuador-podria-acceder-a-mas-financiamiento-de-multilaterales\/","title":{"rendered":"Con la eliminaci\u00f3n del subsidio al di\u00e9sel, Ecuador podr\u00eda acceder a m\u00e1s financiamiento de multilaterales"},"content":{"rendered":"<p>El presidente Daniel Noboa decidi\u00f3<a href=\"https:\/\/www.ecuavisa.com\/noticias\/economia\/variables-precio-diesel-ecuador-JB10113183\" target=\"_blank\" rel=\"noopener noreferrer\" data-mrf-link=\"https:\/\/www.ecuavisa.com\/noticias\/economia\/variables-precio-diesel-ecuador-JB10113183\">\u00a0<b>eliminar el subsidio del di\u00e9sel<\/b><\/a>\u00a0desde el pasado 13 de septiembre de 2025, lo que provoc\u00f3 una ola de reacciones de las organizaciones sociales que no tardaron en rechazar la medida del Gobierno, argumentando un posible incremento de los precios de la canasta b\u00e1sica, y atribuyendo la iniciativa al\u00a0<b><a href=\"https:\/\/www.ecuavisa.com\/metadatos\/-\/meta\/fondo-monetario-internacional\" target=\"_blank\" rel=\"noopener noreferrer\" data-mrf-link=\"https:\/\/www.ecuavisa.com\/metadatos\/-\/meta\/fondo-monetario-internacional\">Fondo Monetario Internacional (FMI)<\/a><\/b>.<\/p>\n<p>Los ministros de Infraestructura y Transporte, Roberto Luque; Agricultura, Danilo Palacios; Finanzas, Sariha Moya; y de Desarrollo Humano, Harold Burbano, justificaron la eliminaci\u00f3n del subsidio en la lucha contra el contrabando y la optimizaci\u00f3n de esos recursos para que sean utilizados en\u00a0<b>proyectos sociales<\/b>.<\/p>\n<p>Esos argumentos son los mismos que utiliza el organismo multilateral para recomendar a Ecuador la optimizaci\u00f3n de los subsidios.<\/p>\n<p>&nbsp;<\/p>\n<p><strong>\u00bfQu\u00e9 significa para el FMI la decisi\u00f3n del Gobierno de eliminar el subsidio al di\u00e9sel?<\/strong><\/p>\n<p>El Fondo Monetario Internacional es un socio importante para Ecuador cuando se trata de obtener financiamiento internacional.<\/p>\n<p>El pa\u00eds tiene vigente un acuerdo de tipo\u00a0<b>Servicio Ampliado del FMI (SAF)<\/b>, que consiste en una programaci\u00f3n de desembolsos durante un lapso de tiempo, en funci\u00f3n de que el Gobierno cumpla con los objetivos cualitativos y cuantitativos establecidos en com\u00fan acuerdo.<\/p>\n<div id=\"sunmedia-div\"><\/div>\n<p>Ecuador consigui\u00f3 un financiamiento de\u00a0<b>USD 4 000 millones<\/b>\u00a0con entregas peri\u00f3dicas durante cuatro a\u00f1os.<\/p>\n<p>De ese monto, el Gobierno, ya recibi\u00f3 USD\u00a0<b>1 500 millones<\/b><\/p>\n<p>En el marco de la segunda revisi\u00f3n del programa, se logr\u00f3 un aumento por\u00a0<b>USD 1 000 millones\u00a0<\/b>en el financiamiento total.<\/p>\n<p>La ampliaci\u00f3n del programa inicial fue una muestra de confianza en la propuesta econ\u00f3mica del gobierno de\u00a0<b>Daniel Noboa<\/b>.<\/p>\n<p>En ese entonces se revisaron las medidas que el Gobierno hab\u00eda tomado previamente. Por ejemplo, en abril de 2024, Noboa logr\u00f3 el aumento del\u00a0<b>Impuesto al Valor Agregado (IVA)<\/b>, del 12 al 15 %.<\/p>\n<p>En el primer trimestre de 2025, la recaudaci\u00f3n de IVA fue de\u00a0<b>USD 2 659 millones<\/b>, un crecimiento del\u00a0<b>26,5%<\/b>\u00a0en comparaci\u00f3n con el mismo per\u00edodo de 2024.<\/p>\n<p>El Gobierno tambi\u00e9n elimin\u00f3 el subsidio a la\u00a0<b>gasolina Extra y Ecopa\u00eds,<\/b>\u00a0que representaba unos <strong>USD 600 millones anuales.<\/strong><\/p>\n<p>Y la m\u00e1s reciente decisi\u00f3n, que aunque no fue evaluada por el organismo multilateral, est\u00e1 en la misma l\u00ednea de las recomendaciones que ha hecho el FMI, se trata del\u00a0<b>despido de funcionarios p\u00fablicos<\/b>, lo que se traduce en la reducci\u00f3n del gasto, en un contexto de d\u00e9ficit fiscal.<\/p>\n<p>Una vez alcanzado el aumento del cr\u00e9dito, se esperaba que el organismo multilateral pida una reestructuraci\u00f3n m\u00e1s profunda, y ya ah\u00ed se hablaba de\u00a0<b>revisar el subsidio al di\u00e9sel<\/b>.<\/p>\n<p>Francisco Rivadeneira, exdelegado de Ecuador ante el FMI, aclara que la entidad hace recomendaciones que no son de obligatorio cumplimiento.<\/p>\n<p>No obstante, considera que el organismo va a ver con buenos ojos la decisi\u00f3n porque\u00a0<b>\u00abel mecanismo de subsidio a los combustibles era totalmente inadecuado, no estaba dirigido espec\u00edficamente a quienes se deber\u00eda proteger con el subsidio, sino que beneficiaba a todo mundo\u00bb,\u00a0<\/b>indica el experto y aclara que la sugerencia no era la eliminaci\u00f3n, sino la focalizaci\u00f3n.<\/p>\n<p>&nbsp;<\/p>\n<p><strong>\u00bfLa eliminaci\u00f3n del subsidio da paso a acceder a nuevos cr\u00e9ditos?<\/strong><\/p>\n<p>Rivadeneira dice que al alinearse a las recomendaciones, es m\u00e1s probable que los desembolsos se realicen de manera puntual y sin mayores tropiezos.<\/p>\n<p>Sin embargo, dice que es dif\u00edcil adelantar un criterio del FMI para entregar m\u00e1s recursos, aunque recuerda que ya hubo una\u00a0<b>ampliaci\u00f3n por USD 1 000 millones<\/b>.<\/p>\n<p>&nbsp;<\/p>\n<p>El docente de la Universidad Central y PhD en Econom\u00eda, Santiago Garc\u00eda, explica que los\u00a0<b>topes de cr\u00e9dito con el FMI est\u00e1n en niveles m\u00e1ximos<\/b>, pero, el Gobierno podr\u00eda intentar solicitar fondos adicionales mediante otras l\u00edneas, as\u00ed como acudir a otros multilaterales como el <strong>BID o la CAF.<\/strong><\/p>\n<p>&nbsp;<\/p>\n<p>Mar\u00eda Herrera dice que el Gobierno\u00a0<b>necesita ese dinero<\/b>\u00a0para financiar el presupuesto y cubrir el d\u00e9ficit fiscal, incluso indica que \u00abEcuador necesita m\u00e1s de 11 000 millones para a cubrir el d\u00e9ficit que es de 5 525 millones y pagar amortizaciones, atrasos, deudas pendientes que tiene el Estado con proveedores y otras instituciones\u00bb.<\/p>\n<p><strong>\u00bfEcuador dej\u00f3 de ser un pa\u00eds petrolero?<\/strong><\/p>\n<p>La baja producci\u00f3n de petr\u00f3leo y la incapacidad de producir combustibles de manera sostenible han sido factores que no favorecen el mantener el subsidio.<\/p>\n<p>El economista Garc\u00eda indica que Ecuador ya no se puede considerar como un pa\u00eds petrolero y que ning\u00fan gobierno en los \u00faltimos a\u00f1os ha logrado sostener la producci\u00f3n. <strong>(I)<\/strong><\/p>\n<p>&nbsp;<\/p>\n<p><strong>Fuente:<\/strong> evafm.net &#8211; ecuavisa.com<\/p>\n<p>&nbsp;<\/p>\n<p>&nbsp;<\/p>\n<div class=\"gsp_post_data\" \r\n\t            data-post_type=\"post\" \r\n\t            data-cat=\"general,noticias-ecuador\" \r\n\t            data-modified=\"120\"\r\n\t            data-created=\"1758057003\"\r\n\t            data-title=\"Con la eliminaci\u00f3n del subsidio al di\u00e9sel, Ecuador podr\u00eda acceder a m\u00e1s financiamiento de multilaterales\" \r\n\t            data-home=\"https:\/\/www.evafm.net\/sitio\"><\/div>","protected":false},"excerpt":{"rendered":"<p>El presidente Daniel Noboa decidi\u00f3\u00a0eliminar el subsidio del di\u00e9sel\u00a0desde el pasado 13 de septiembre de 2025, lo que provoc\u00f3 una ola de reacciones de las organizaciones sociales que no tardaron en rechazar la medida del Gobierno, argumentando un posible incremento de los precios de la canasta b\u00e1sica, y atribuyendo la iniciativa al\u00a0Fondo Monetario Internacional (FMI)&#8230;.<\/p>\n","protected":false},"author":5,"featured_media":93780,"comment_status":"closed","ping_status":"open","sticky":false,"template":"","format":"standard","meta":{"_joinchat":[],"footnotes":""},"categories":[1720,1558],"tags":[],"class_list":["post-93763","post","type-post","status-publish","format-standard","has-post-thumbnail","hentry","category-general","category-noticias-ecuador","have-post-thumb"],"_links":{"self":[{"href":"https:\/\/www.evafm.net\/sitio\/wp-json\/wp\/v2\/posts\/93763","targetHints":{"allow":["GET"]}}],"collection":[{"href":"https:\/\/www.evafm.net\/sitio\/wp-json\/wp\/v2\/posts"}],"about":[{"href":"https:\/\/www.evafm.net\/sitio\/wp-json\/wp\/v2\/types\/post"}],"author":[{"embeddable":true,"href":"https:\/\/www.evafm.net\/sitio\/wp-json\/wp\/v2\/users\/5"}],"replies":[{"embeddable":true,"href":"https:\/\/www.evafm.net\/sitio\/wp-json\/wp\/v2\/comments?post=93763"}],"version-history":[{"count":1,"href":"https:\/\/www.evafm.net\/sitio\/wp-json\/wp\/v2\/posts\/93763\/revisions"}],"predecessor-version":[{"id":93781,"href":"https:\/\/www.evafm.net\/sitio\/wp-json\/wp\/v2\/posts\/93763\/revisions\/93781"}],"wp:featuredmedia":[{"embeddable":true,"href":"https:\/\/www.evafm.net\/sitio\/wp-json\/wp\/v2\/media\/93780"}],"wp:attachment":[{"href":"https:\/\/www.evafm.net\/sitio\/wp-json\/wp\/v2\/media?parent=93763"}],"wp:term":[{"taxonomy":"category","embeddable":true,"href":"https:\/\/www.evafm.net\/sitio\/wp-json\/wp\/v2\/categories?post=93763"},{"taxonomy":"post_tag","embeddable":true,"href":"https:\/\/www.evafm.net\/sitio\/wp-json\/wp\/v2\/tags?post=93763"}],"curies":[{"name":"wp","href":"https:\/\/api.w.org\/{rel}","templated":true}]}}