{"id":93764,"date":"2025-09-16T21:11:32","date_gmt":"2025-09-17T02:11:32","guid":{"rendered":"https:\/\/www.evafm.net\/sitio\/?p=93764"},"modified":"2025-09-16T21:11:32","modified_gmt":"2025-09-17T02:11:32","slug":"trump-llega-a-londres-para-reunirse-con-el-rey-carlos-iii-y-debatir-la-agenda-global-con-el-premier-keir-starmer","status":"publish","type":"post","link":"https:\/\/www.evafm.net\/sitio\/trump-llega-a-londres-para-reunirse-con-el-rey-carlos-iii-y-debatir-la-agenda-global-con-el-premier-keir-starmer\/","title":{"rendered":"Trump llega a Londres para reunirse con el rey Carlos III y debatir la agenda global con el premier Keir Starmer"},"content":{"rendered":"<p><i>(Enviado especial a Londres, Reino Unido)<\/i>\u00a0<b>Donald Trump llega a Londres<\/b>\u00a0con una<i>\u00a0<\/i>ajustada\u00a0<i>agenda<\/i>\u00a0que incluye un pomposo banquete organizado por el\u00a0<b>rey Carlos III<\/b>\u00a0en el Castillo de Windsor y un encuentro a solas con el premier brit\u00e1nico\u00a0<b>Keir Starmer<\/b>\u00a0para analizar la situaci\u00f3n internacional.<\/p>\n<p class=\"paragraph\" data-mrf-recirculation=\"Links inline\">La comitiva oficial estar\u00e1 integrada por el secretario de Estado,\u00a0<b>Marco Rubio<\/b>; el secretario del Tesoro,\u00a0<b>Scott Bessent<\/b>; el embajador\u00a0<b>Warren Stevens<\/b>; el enviado especial\u00a0<b>Steve Witkoff<\/b>; y la jefa de gabinete de la Casa Blanca,\u00a0<b>Susie Wiles<\/b>.<\/p>\n<div class=\"inline ad-wrapper\">\n<div class=\"dfpAd ad-inline\"><\/div>\n<\/div>\n<p class=\"paragraph\" data-mrf-recirculation=\"Links inline\"><b>Se trata de una visita hist\u00f3rica<\/b>\u00a0ya que nunca hab\u00eda sucedido que un mismo presidente de los Estados Unidos\u00a0<b>sea invitado dos veces<\/b>\u00a0por la Casa Real, en un<b>\u00a0contexto de crisis pol\u00edtica\u00a0<\/b>en Reino Unido por la<b>\u00a0econom\u00eda en rojo<\/b>, la\u00a0<b>inmigraci\u00f3n indocumentada\u00a0<\/b>y el avance de\u00a0<b>la extrema derecha.<\/b><\/p>\n<p class=\"paragraph\" data-mrf-recirculation=\"Links inline\">A trav\u00e9s del\u00a0<b>Canal de la Mancha,<\/b>\u00a0ya ingresaron en\u00a0<b>agosto 29.000 inmigrantes<\/b>\u00a0frente a los\u00a0<b>21.000<\/b>\u00a0que llegaron hasta ese mes en 2024.<\/p>\n<p class=\"paragraph\" data-mrf-recirculation=\"Links inline\">Por la inmigraci\u00f3n indocumentada, la imagen de Starmer\u00a0<b>cay\u00f3 a niveles in\u00e9ditos\u00a0<\/b>y la extrema derecha organiz\u00f3\u00a0<b>una marcha masiva\u00a0<\/b>que impacto en la sociedad brit\u00e1nica.<\/p>\n<div class=\"inline_2_DSK ad-wrapper ad-desktop\">\n<div class=\"dfpAd ad-inline\"><\/div>\n<\/div>\n<p class=\"paragraph\" data-mrf-recirculation=\"Links inline\">Trump<b>\u00a0coincide con las consignas\u00a0<\/b>que se cantaron en la movilizaci\u00f3n convocada este s\u00e1bado por el dirigente\u00a0<b>Tommy Robinson<\/b>, bajo el lema\u00a0<b>\u201cUnamos al Reino\u201d<\/b>.<\/p>\n<p class=\"paragraph\" data-mrf-recirculation=\"Links inline\">De hecho, en la marcha que\u00a0<b>sum\u00f3 m\u00e1s de 100.000 personas,\u00a0<\/b>se pudieron observar carteles con\u00a0<b>el concepto \u2018Make America Great Again\u2019 (MAGA)<\/b>\u00a0que identifica al presidente de los Estados Unidos.<\/p>\n<p class=\"paragraph\" data-mrf-recirculation=\"Links inline\">Trump sostiene que Starmer<b>\u00a0debe respetar la consigna de Free Speech esgrimida por Tommy Robinson,<\/b>\u00a0que implica la posibilidad de\u00a0<b>cuestionar sin sutilezas gramaticales<\/b>\u00a0a los inmigrantes ilegales que llegan a Gran Breta\u00f1a.<\/p>\n<p class=\"paragraph\" data-mrf-recirculation=\"Links inline\">El presidente de los Estados Unidos\u00a0<b>tiene una pol\u00edtica activa\u00a0<\/b>de respaldo a las expresiones ideol\u00f3gicas de extrema derecha en Europa, y\u00a0<b>ya mostr\u00f3 tambien sus coincidencias\u00a0<\/b>con l\u00edderes pol\u00edticos en Francia y Alemania.<\/p>\n<p class=\"paragraph\" data-mrf-recirculation=\"Links inline\">Starmer\u00a0<b>no coincide con el l\u00edder republicano respecto a su perspectiva sobre la libertad de expresi\u00f3n<\/b>, y es muy probable que<b>\u00a0traten este complejo asunto\u00a0<\/b>durante la reuni\u00f3n que mantengan en\u00a0<i>Chequers<\/i>,\u00a0<b>la residencia de campo<\/b>\u00a0del primer ministro ingl\u00e9s.<\/p>\n<p class=\"paragraph\" data-mrf-recirculation=\"Links inline\">A las diferencias respecto a la libertad de expresi\u00f3n para las organizaciones de extrema derecha en Reino Unido, se deben sumar las<b>\u00a0distintas perspectivas pol\u00edticas\u00a0<\/b>que Trump y Starmer tienen sobre\u00a0<b>la guerra en Ucrania\u00a0<\/b>y la situaci\u00f3n de\u00a0<b>Palestina bajo el control de Hamas.<\/b><\/p>\n<p class=\"paragraph\" data-mrf-recirculation=\"Links inline\">Starmer\u00a0<b>exige\u00a0<\/b>que se profundicen\u00a0<b>las sanciones internacionales contra Rusia\u00a0<\/b>para respaldar la defensa militar de Ucrania, mientras que Trump\u00a0<b>sostiene que Europa\u00a0<\/b>debe dar el primer paso imponiendo<b>\u00a0restricciones comerciales a China\u00a0<\/b>por su apoyo constante a\u00a0<b>Vladimir Putin<\/b>.<\/p>\n<p class=\"paragraph\" data-mrf-recirculation=\"Links inline\">Es muy probable que\u00a0<b>no haya acuerdo<\/b>\u00a0en este punto clave de la agenda internacional.<\/p>\n<p class=\"paragraph\" data-mrf-recirculation=\"Links inline\">Pese a los escasos resultados que hacia adelante depar\u00f3 la cumbre de Alaska, Trump sigue apostando al\u00a0<b>di\u00e1logo diplom\u00e1tico activo<\/b>\u00a0con el Kremlin.<\/p>\n<p class=\"paragraph\" data-mrf-recirculation=\"Links inline\">En una semana, la Asamblea General de Naciones Unidas\u00a0<b>ser\u00e1 el centro\u00a0<\/b>de la diplomacia internacional. Reino Unido, Francia y Canad\u00e1 tienen previsto anunciar el\u00a0<b>reconocimiento de Palestina como Estado<\/b>, una decisi\u00f3n geopol\u00edtica que\u00a0<b>fortalecer\u00e1 la presencia de Hamas en Gaza.<\/b><\/p>\n<p class=\"paragraph\" data-mrf-recirculation=\"Links inline\">Trump y Starmer\u00a0<b>tambi\u00e9n tienen diferencias<\/b>\u00a0sobre el status jur\u00eddico de Palestina, cuando todav\u00eda hay una guerra en Gaza que enfrenta a Israel con la organizaci\u00f3n terroristas financiada por Ir\u00e1n.<\/p>\n<p class=\"paragraph\" data-mrf-recirculation=\"Links inline\">El presidente de los Estados Unidos\u00a0<b>ya exhibi\u00f3 su malestar\u00a0<\/b>con\u00a0<b>Benjam\u00edn Netanyahu\u00a0<\/b>por el ataque que orden\u00f3 en Qatar para eliminar a la actual c\u00fapula de Hamas, pero eso no implica que la Casa Blanca respalde el movimiento diplom\u00e1tico que en forma sincronizada ejecutar\u00e1n Starmer,\u00a0<b>Emmanuel Macron<\/b>\u00a0y\u00a0<b>Mark Carney<\/b>.<\/p>\n<div class=\"undefined ad-wrapper\">\n<div class=\"dfpAd \">\n<div id=\"infobae\/estados-unidos\/nota\/undefined\" class=\"infobae\/estados-unidos\/nota\/undefined arcad\"><\/div>\n<\/div>\n<\/div>\n<p class=\"paragraph\" data-mrf-recirculation=\"Links inline\">Starmer<b>\u00a0ya anunci\u00f3<\/b>\u00a0su decisi\u00f3n de reconocer a Palestina en la Asamblea de la ONU, y Trump\u00a0<b>tiene escasas chances de bloquear\u00a0<\/b>la postura del primer ministro brit\u00e1nico.<\/p>\n<p class=\"paragraph\" data-mrf-recirculation=\"Links inline\">Al margen de las diferencias respecto al Free Speech, Ucrania y Palestina, Trump\u00a0<b>apuesta a consolidar una relaci\u00f3n estrat\u00e9gica\u00a0<\/b>con Reino Unido, que en definitiva\u00a0<b>debilit\u00f3 sus lazos<\/b>\u00a0con Europa tras el<i>\u00a0Brexit.<\/i><\/p>\n<p class=\"paragraph\" data-mrf-recirculation=\"Links inline\">En este contexto, Trump y Starmer<b>\u00a0firmar\u00e1n un acuerdo de tecnolog\u00eda y energ\u00eda nuclear\u00a0<\/b>que no tiene antecedentes en las relaciones bilaterales entre Estados Unidos e Inglaterra.<\/p>\n<div class=\"undefined ad-wrapper\">\n<div class=\"dfpAd \">\n<div id=\"infobae\/estados-unidos\/nota\/undefined\" class=\"infobae\/estados-unidos\/nota\/undefined arcad\"><\/div>\n<\/div>\n<\/div>\n<p class=\"paragraph\" data-mrf-recirculation=\"Links inline\">Junto al presidente republicano llegar\u00e1n a Londres, el CEO de Nvidia,\u00a0<b>Jensen Huang<\/b>; el CEO de OpenAI,\u00a0<b>Sam Altman<\/b>, y el director ejecutivo de Blackstone<b>, Stephen Schwarzman,\u00a0<\/b>que\u00a0<b>apoyan la decisi\u00f3n<\/b>\u00a0de Trump de avalar acuerdos comerciales entre Washington y Londres.<\/p>\n<p class=\"paragraph\" data-mrf-recirculation=\"Links inline\">La empresa OpenAI abrir\u00e1 una filial para el Reino Unido como parte de Stargate, un proyecto de centro de datos valuado en\u00a0<b>500.000 millones de d\u00f3lares.<\/b><\/p>\n<p class=\"paragraph\" data-mrf-recirculation=\"Links inline\">Esta iniciativa bilateral\u00a0<b>se complementa\u00a0<\/b>con el aporte de\u00a0<b>los chips de Nvidia,<\/b>\u00a0por eso durante la firma del acuerdo tecnol\u00f3gico se encontrar\u00e1\u00a0<b>Jensen Huang, CEO de Nvidia.<\/b><\/p>\n<p class=\"paragraph\" data-mrf-recirculation=\"Links inline\">Antes del c\u00f3nclave con Starmer,<b>\u00a0Trump y su esposa Melania\u00a0<\/b>ser\u00e1n recibidos en e<i>l Castillo de Windsor<\/i>\u00a0por<b>\u00a0Carlos III y la reina Camila,\u00a0<\/b>que pondr\u00e1n a su disposici\u00f3n toda\u00a0<i>la pompa real.<\/i><\/p>\n<p class=\"paragraph\" data-mrf-recirculation=\"Links inline\">Trump y Melania\u00a0<b>pasear\u00e1n en Carruaje, habr\u00e1 salvas en su honor y ser\u00e1n agasajados<\/b>\u00a0por<b>\u00a0<\/b>un banquete servido<b>\u00a0en vajilla de plata de 200 a\u00f1os de antig\u00fcedad.<\/b><\/p>\n<p class=\"paragraph\" data-mrf-recirculation=\"Links inline\">El presidente de Estados Unidos logr\u00f3 una relaci\u00f3n personal con la<b>\u00a0reina Isabel II\u00a0<\/b>-madre de Carlos III- y<b>\u00a0pidi\u00f3 visitar su tumba en el castillo de Windsor.<\/b><\/p>\n<p class=\"paragraph\" data-mrf-recirculation=\"Links inline\"><b>El jueves 18,<\/b>\u00a0noche en Londres, Trump\u00a0<b>regresar\u00e1<\/b> a Washington. <strong>(I)<\/strong><\/p>\n<div class=\"visual__image\"><img fetchpriority=\"high\" decoding=\"async\" class=\"global-image\" src=\"https:\/\/www.infobae.com\/resizer\/v2\/T5RV3BYQIJBBPCBVLSFMTZT7B4.jpg?auth=ba0d9217df24acb49a97e101c35e5462cb8dc964599c3370ff866ac7d3f556e9&amp;smart=true&amp;width=350&amp;height=233&amp;quality=85\" alt=\"Donald Trump y Keir Starmer\" width=\"850\" height=\"566\" \/><\/div>\n<div class=\"visual__image\">Donald Trump y Keir Starmer durante su \u00faltimo encuentro en la Casa Blanca, (Washington, Estados Unidos)<\/div>\n<div><\/div>\n<div><\/div>\n<div><\/div>\n<p data-mrf-recirculation=\"Links inline\"><img decoding=\"async\" class=\"global-image\" src=\"https:\/\/www.infobae.com\/resizer\/v2\/Z5ABIJJVBRFOLCQORUJUUVYTOQ.jpg?auth=624c33b2ed5ae0c54b9675d3f2f22b0d2312536b615eb75fac845b9186290566&amp;smart=true&amp;width=350&amp;height=197&amp;quality=85\" alt=\"Terroristas del grupo Hamas en\" width=\"847\" height=\"477\" \/><\/p>\n<p data-mrf-recirculation=\"Links inline\">Terroristas del grupo Hamas en Gaza cuando entregaron a rehenes que hab\u00eda secuestrado en Israel durante el ataque<\/p>\n<p data-mrf-recirculation=\"Links inline\">del 7 de octubre de 2023<\/p>\n<p data-mrf-recirculation=\"Links inline\"><img decoding=\"async\" class=\"global-image\" src=\"https:\/\/www.infobae.com\/resizer\/v2\/NA2P6JHHDKMOQFXBUF7A2SJJ7M.jpg?auth=41ed394c35d5bf32ac992c79062fd8f2d4f63b5d685b5465110407588c9a87e7&amp;smart=true&amp;width=350&amp;height=255&amp;quality=85\" alt=\"Donald Trump y el CEO\" width=\"856\" height=\"624\" \/><\/p>\n<p data-mrf-recirculation=\"Links inline\">Donald Trump y el CEO de OpenAI, Sam Altman, en la Casa Blanca, (Washington, Estados Unidos)<\/p>\n<p data-mrf-recirculation=\"Links inline\"><img loading=\"lazy\" decoding=\"async\" class=\"global-image\" src=\"https:\/\/www.infobae.com\/resizer\/v2\/R7QU7EFZ7UAL52KNP7M52UEBFI.jpg?auth=71f30c501139db175d0c8a045a383146630dc24f0135b0a26874b3bfc96a0c4d&amp;smart=true&amp;width=350&amp;height=233&amp;quality=85\" alt=\"El rey Carlos III de\" width=\"862\" height=\"574\" \/><\/p>\n<p data-mrf-recirculation=\"Links inline\">El rey Carlos III de Inglaterra y la reina Camila durante una cena en el Palacio Quirinale en Roma, (Italia)<\/p>\n<p data-mrf-recirculation=\"Links inline\"><strong>Fuente<\/strong>: evafm.net &#8211; infobae.com<\/p>\n<div class=\"gsp_post_data\" \r\n\t            data-post_type=\"post\" \r\n\t            data-cat=\"general,noticias-internacionales\" \r\n\t            data-modified=\"120\"\r\n\t            data-created=\"1758057092\"\r\n\t            data-title=\"Trump llega a Londres para reunirse con el rey Carlos III y debatir la agenda global con el premier Keir Starmer\" \r\n\t            data-home=\"https:\/\/www.evafm.net\/sitio\"><\/div>","protected":false},"excerpt":{"rendered":"<p>(Enviado especial a Londres, Reino Unido)\u00a0Donald Trump llega a Londres\u00a0con una\u00a0ajustada\u00a0agenda\u00a0que incluye un pomposo banquete organizado por el\u00a0rey Carlos III\u00a0en el Castillo de Windsor y un encuentro a solas con el premier brit\u00e1nico\u00a0Keir Starmer\u00a0para analizar la situaci\u00f3n internacional. La comitiva oficial estar\u00e1 integrada por el secretario de Estado,\u00a0Marco Rubio; el secretario del Tesoro,\u00a0Scott Bessent; el&#8230;<\/p>\n","protected":false},"author":5,"featured_media":93782,"comment_status":"closed","ping_status":"open","sticky":false,"template":"","format":"standard","meta":{"_joinchat":[],"footnotes":""},"categories":[1720,1345],"tags":[],"class_list":["post-93764","post","type-post","status-publish","format-standard","has-post-thumbnail","hentry","category-general","category-noticias-internacionales","have-post-thumb"],"_links":{"self":[{"href":"https:\/\/www.evafm.net\/sitio\/wp-json\/wp\/v2\/posts\/93764","targetHints":{"allow":["GET"]}}],"collection":[{"href":"https:\/\/www.evafm.net\/sitio\/wp-json\/wp\/v2\/posts"}],"about":[{"href":"https:\/\/www.evafm.net\/sitio\/wp-json\/wp\/v2\/types\/post"}],"author":[{"embeddable":true,"href":"https:\/\/www.evafm.net\/sitio\/wp-json\/wp\/v2\/users\/5"}],"replies":[{"embeddable":true,"href":"https:\/\/www.evafm.net\/sitio\/wp-json\/wp\/v2\/comments?post=93764"}],"version-history":[{"count":1,"href":"https:\/\/www.evafm.net\/sitio\/wp-json\/wp\/v2\/posts\/93764\/revisions"}],"predecessor-version":[{"id":93783,"href":"https:\/\/www.evafm.net\/sitio\/wp-json\/wp\/v2\/posts\/93764\/revisions\/93783"}],"wp:featuredmedia":[{"embeddable":true,"href":"https:\/\/www.evafm.net\/sitio\/wp-json\/wp\/v2\/media\/93782"}],"wp:attachment":[{"href":"https:\/\/www.evafm.net\/sitio\/wp-json\/wp\/v2\/media?parent=93764"}],"wp:term":[{"taxonomy":"category","embeddable":true,"href":"https:\/\/www.evafm.net\/sitio\/wp-json\/wp\/v2\/categories?post=93764"},{"taxonomy":"post_tag","embeddable":true,"href":"https:\/\/www.evafm.net\/sitio\/wp-json\/wp\/v2\/tags?post=93764"}],"curies":[{"name":"wp","href":"https:\/\/api.w.org\/{rel}","templated":true}]}}