{"id":93774,"date":"2025-09-16T09:44:51","date_gmt":"2025-09-16T14:44:51","guid":{"rendered":"https:\/\/www.evafm.net\/sitio\/?p=93774"},"modified":"2025-09-16T09:44:51","modified_gmt":"2025-09-16T14:44:51","slug":"liga-de-portoviejo-rescindio-el-contrato-de-pedro-pablo-perlaza-por-indisciplina","status":"publish","type":"post","link":"https:\/\/www.evafm.net\/sitio\/liga-de-portoviejo-rescindio-el-contrato-de-pedro-pablo-perlaza-por-indisciplina\/","title":{"rendered":"Liga de Portoviejo rescindi\u00f3 el contrato de Pedro Pablo Perlaza por indisciplina"},"content":{"rendered":"<p><b><a href=\"https:\/\/www.ecuavisa.com\/metadatos\/-\/meta\/liga-de-portoviejo\" target=\"_blank\" rel=\"noopener noreferrer\" data-mrf-link=\"https:\/\/www.ecuavisa.com\/metadatos\/-\/meta\/liga-de-portoviejo\">Liga Deportiva Universitaria de Portoviejo<\/a><\/b>\u00a0anunci\u00f3 este lunes la separaci\u00f3n de dos de sus jugadores,\u00a0<b><a href=\"https:\/\/www.ecuavisa.com\/deportes\/futbol-nacional\/pedro-pablo-perlaza-es-nuevo-refuerzo-de-liga-de-portoviejo-CJ9865433\" target=\"_blank\" rel=\"noopener noreferrer\" data-mrf-link=\"https:\/\/www.ecuavisa.com\/deportes\/futbol-nacional\/pedro-pablo-perlaza-es-nuevo-refuerzo-de-liga-de-portoviejo-CJ9865433\">Pedro Pablo Perlaza<\/a><\/b>\u00a0y\u00a0<b>Daniel Esteban Uquillas<\/b>, debido a actos de indisciplina.<\/p>\n<p>La decisi\u00f3n se toma a tan solo un mes y medio de la llegada de Perlaza al club, mientras que Uquillas formaba parte del plantel desde el 2024.<\/p>\n<p>Este domingo,\u00a0<a href=\"https:\/\/www.ecuavisa.com\/deportes\/futbol-nacional\/video-increible-gol-fantasma-otorgaron-liga-de-portoviejo-ascenso-nacional-IB10115519\" target=\"_blank\" rel=\"noopener noreferrer\" data-mrf-link=\"https:\/\/www.ecuavisa.com\/deportes\/futbol-nacional\/video-increible-gol-fantasma-otorgaron-liga-de-portoviejo-ascenso-nacional-IB10115519\">la Capira venci\u00f3 4 -0 a Loja City<\/a>\u00a0por los 32avos de final de los playoffs del\u00a0<b><a href=\"https:\/\/www.ecuavisa.com\/metadatos\/-\/meta\/ascenso-futbol\" target=\"_blank\" rel=\"nofollow noopener noreferrer\" data-mrf-link=\"https:\/\/www.ecuavisa.com\/metadatos\/-\/meta\/ascenso-futbol\">Ascenso Nacional<\/a><\/b>\u00a0sin la presencia de los mencionados.<\/p>\n<p>&nbsp;<\/p>\n<p>\u00abLa presente decisi\u00f3n ha sido adoptada por incumplimientos de car\u00e1cter disciplinario, lo que obliga a actuar de manera inmediata y responsable, a fin de proteger los intereses institucionales<\/p>\n<p>salvaguardar la imagen del club y honrar el compromiso con nuestra afici\u00f3n\u00bb.<\/p>\n<div id=\"sunmedia-div\"><\/div>\n<p>\u00abLiga Deportiva Universitaria de Portoviejo ratifica que la disciplina, el respeto y la responsabilidad son principios fundamentales e innegociables en el desarrollo de nuestra actividad deportiva<\/p>\n<p>y continuar\u00e1 trabajando con firmeza y transparencia en la consecuci\u00f3n de los objetivos trazados\u00bb, firm\u00f3 la <b>presidenta de la instituci\u00f3n M\u00f3nica Zamora Hern\u00e1ndez. (D)<\/b><\/p>\n<p>&nbsp;<\/p>\n<p><strong>Fuente:<\/strong> evafm.net &#8211; euavisa.com<\/p>\n<div class=\"gsp_post_data\" \r\n\t            data-post_type=\"post\" \r\n\t            data-cat=\"deportes-ecuador\" \r\n\t            data-modified=\"120\"\r\n\t            data-created=\"1758015891\"\r\n\t            data-title=\"Liga de Portoviejo rescindi\u00f3 el contrato de Pedro Pablo Perlaza por indisciplina\" \r\n\t            data-home=\"https:\/\/www.evafm.net\/sitio\"><\/div>","protected":false},"excerpt":{"rendered":"<p>Liga Deportiva Universitaria de Portoviejo\u00a0anunci\u00f3 este lunes la separaci\u00f3n de dos de sus jugadores,\u00a0Pedro Pablo Perlaza\u00a0y\u00a0Daniel Esteban Uquillas, debido a actos de indisciplina. La decisi\u00f3n se toma a tan solo un mes y medio de la llegada de Perlaza al club, mientras que Uquillas formaba parte del plantel desde el 2024. Este domingo,\u00a0la Capira venci\u00f3&#8230;<\/p>\n","protected":false},"author":5,"featured_media":93775,"comment_status":"closed","ping_status":"open","sticky":false,"template":"","format":"standard","meta":{"_joinchat":[],"footnotes":""},"categories":[1557],"tags":[],"class_list":["post-93774","post","type-post","status-publish","format-standard","has-post-thumbnail","hentry","category-deportes-ecuador","have-post-thumb"],"_links":{"self":[{"href":"https:\/\/www.evafm.net\/sitio\/wp-json\/wp\/v2\/posts\/93774","targetHints":{"allow":["GET"]}}],"collection":[{"href":"https:\/\/www.evafm.net\/sitio\/wp-json\/wp\/v2\/posts"}],"about":[{"href":"https:\/\/www.evafm.net\/sitio\/wp-json\/wp\/v2\/types\/post"}],"author":[{"embeddable":true,"href":"https:\/\/www.evafm.net\/sitio\/wp-json\/wp\/v2\/users\/5"}],"replies":[{"embeddable":true,"href":"https:\/\/www.evafm.net\/sitio\/wp-json\/wp\/v2\/comments?post=93774"}],"version-history":[{"count":1,"href":"https:\/\/www.evafm.net\/sitio\/wp-json\/wp\/v2\/posts\/93774\/revisions"}],"predecessor-version":[{"id":93776,"href":"https:\/\/www.evafm.net\/sitio\/wp-json\/wp\/v2\/posts\/93774\/revisions\/93776"}],"wp:featuredmedia":[{"embeddable":true,"href":"https:\/\/www.evafm.net\/sitio\/wp-json\/wp\/v2\/media\/93775"}],"wp:attachment":[{"href":"https:\/\/www.evafm.net\/sitio\/wp-json\/wp\/v2\/media?parent=93774"}],"wp:term":[{"taxonomy":"category","embeddable":true,"href":"https:\/\/www.evafm.net\/sitio\/wp-json\/wp\/v2\/categories?post=93774"},{"taxonomy":"post_tag","embeddable":true,"href":"https:\/\/www.evafm.net\/sitio\/wp-json\/wp\/v2\/tags?post=93774"}],"curies":[{"name":"wp","href":"https:\/\/api.w.org\/{rel}","templated":true}]}}