{"id":93812,"date":"2025-09-17T16:47:04","date_gmt":"2025-09-17T21:47:04","guid":{"rendered":"https:\/\/www.evafm.net\/sitio\/?p=93812"},"modified":"2025-09-17T16:48:52","modified_gmt":"2025-09-17T21:48:52","slug":"emelec-pide-ayuda-al-municipio-de-guayaquil","status":"publish","type":"post","link":"https:\/\/www.evafm.net\/sitio\/emelec-pide-ayuda-al-municipio-de-guayaquil\/","title":{"rendered":"Emelec pide ayuda al Municipio de Guayaquil"},"content":{"rendered":"<p><b><a href=\"https:\/\/www.ecuavisa.com\/metadatos\/-\/meta\/emelec\" target=\"_blank\" rel=\"noopener noreferrer\" data-mrf-link=\"https:\/\/www.ecuavisa.com\/metadatos\/-\/meta\/emelec\">Emelec<\/a>\u00a0arrastra una deuda de varios a\u00f1os con\u00a0<a href=\"https:\/\/www.ecuavisa.com\/metadatos\/-\/meta\/interagua\" target=\"_blank\" rel=\"noopener noreferrer\" data-mrf-link=\"https:\/\/www.ecuavisa.com\/metadatos\/-\/meta\/interagua\">Interagua<\/a><\/b>\u00a0y despu\u00e9s de llegar a un acuerdo de pagos no han cumplido, por lo que la directiva solicit\u00f3 ayuda al alcalde de Guayaquil, Aquiles \u00c1lvarez.<\/p>\n<p><a href=\"https:\/\/www.ecuavisa.com\/noticias\/guayaquil\/alvarez-defiende-construccion-nuevo-aeropuerto-guayaquil-PC10127811\" target=\"_blank\" rel=\"noopener noreferrer\" data-mrf-link=\"https:\/\/www.ecuavisa.com\/noticias\/guayaquil\/alvarez-defiende-construccion-nuevo-aeropuerto-guayaquil-PC10127811\">En un enlace radial<\/a>, el\u00a0<b>alcalde se pronunci\u00f3 por las conversaciones que ha tenido con la directiva<\/b>\u00a0del bombillo para ayudarlo con los valores pendientes del\u00a0<a href=\"https:\/\/www.ecuavisa.com\/metadatos\/-\/meta\/estadio-george-capwell\" target=\"_blank\" rel=\"noopener noreferrer\" data-mrf-link=\"https:\/\/www.ecuavisa.com\/metadatos\/-\/meta\/estadio-george-capwell\">estadio George Capwell<\/a>.<\/p>\n<p>\u201c<b>Es una deuda que se arrastra desde Nassib Neme<\/b>. Existi\u00f3 un litigio que gan\u00f3 Interagua y en la \u00e9poca de Jos\u00e9 Pileggi se firmaron unos acuerdos que se incumplieron\u201d, explic\u00f3 \u00c1lvarez.<\/p>\n<p>&nbsp;<\/p>\n<p>El alcalde explic\u00f3 que se ofreci\u00f3 para ser intermediario entre las entidades, pero el problema radica en que<b>\u00a0\u201cel bombillo no reconoce algunos de los valores que est\u00e1n registrados en la deuda\u201d<\/b>, coment\u00f3.<\/p>\n<p>Sin embargo, Aquiles aclar\u00f3 que \u201c<b>Interagua no tiene problema en estirar la forma de pago\u00a0<\/b>o dar un cr\u00e9dito, pero no condonar la deuda\u201d, y especific\u00f3 que la soluci\u00f3n ser\u00e1 que<\/p>\n<p><b>\u201cEmelec reconozca los valores que est\u00e1n registrados en esas cuentas\u201d<\/b>, destac\u00f3.<\/p>\n<p>&nbsp;<\/p>\n<p>Finalmente, el alcalde coment\u00f3 que \u201ctambi\u00e9n<b>\u00a0pas\u00f3 con Barcelona y ellos est\u00e1n cumpliendo<\/b>\u00a0sus acuerdos de pago\u201d, cerr\u00f3.<\/p>\n<p><strong>Las declaraciones de la directiva de Emelec por la deuda con Interagua.<\/strong><\/p>\n<p>El pasado 1 de septiembre, uno de los directivos de Emelec, Luis Barrezueta, pidi\u00f3 que<b>\u00a0Interagua deje de ser tan estricto con el club\u00a0<\/b>y crear un nuevo plazo de pagos.<\/p>\n<p>\u201cLa nueva administraci\u00f3n ha expresado su disposici\u00f3n a llegar a un\u00a0<b>acuerdo para cancelar el monto reconocido, pero solicita flexibilidad en las condiciones<\/b>\u00a0de pago, ya que las cuotas establecidas en la actualidad resultan imposibles de cubrir para el club\u201d, dijo.<\/p>\n<p><strong>La respuesta de Interagua a la directiva de Emelec.<\/strong><\/p>\n<p>La cuenta de Interagua respondi\u00f3 al comentario del directivo en X y fue directo al mencionar que \u201c<b>la empresa ha intentado resolver con Emelec el pago de sus deudas acumuladas<\/b>\u00a0por consumo de agua durante m\u00e1s de cinco a\u00f1os, sin ning\u00fan avance\u201d, aclar\u00f3.<\/p>\n<p>A pesar de tener una sentencia judicial favorable de pago, y haber ofrecido facilidades a esta instituci\u00f3n emblem\u00e1tica, hasta ahora ninguna directiva ha honrado sus compromisos.<\/p>\n<p>\u201cHemos dado una nueva oportunidad a la directiva actual para cumplir con un nuevo acuerdo de pago, que<b>\u00a0supone un primer pago programado para el 15 de septiembre<\/b>, con la esperanza de que esta vez s\u00ed se cumpla y no se sume a la larga lista de promesas fallidas\u201d, cerr\u00f3.<strong> (D)<\/strong><\/p>\n<p>&nbsp;<\/p>\n<p><strong>Fuente<\/strong>: evafm.net &#8211; ecuavisa.com<\/p>\n<div class=\"gsp_post_data\" \r\n\t            data-post_type=\"post\" \r\n\t            data-cat=\"deportes-ecuador\" \r\n\t            data-modified=\"120\"\r\n\t            data-created=\"1758127624\"\r\n\t            data-title=\"Emelec pide ayuda al Municipio de Guayaquil\" \r\n\t            data-home=\"https:\/\/www.evafm.net\/sitio\"><\/div>","protected":false},"excerpt":{"rendered":"<p>Emelec\u00a0arrastra una deuda de varios a\u00f1os con\u00a0Interagua\u00a0y despu\u00e9s de llegar a un acuerdo de pagos no han cumplido, por lo que la directiva solicit\u00f3 ayuda al alcalde de Guayaquil, Aquiles \u00c1lvarez. En un enlace radial, el\u00a0alcalde se pronunci\u00f3 por las conversaciones que ha tenido con la directiva\u00a0del bombillo para ayudarlo con los valores pendientes del\u00a0estadio&#8230;<\/p>\n","protected":false},"author":5,"featured_media":93813,"comment_status":"closed","ping_status":"open","sticky":false,"template":"","format":"standard","meta":{"_joinchat":[],"footnotes":""},"categories":[1557],"tags":[],"class_list":["post-93812","post","type-post","status-publish","format-standard","has-post-thumbnail","hentry","category-deportes-ecuador","have-post-thumb"],"_links":{"self":[{"href":"https:\/\/www.evafm.net\/sitio\/wp-json\/wp\/v2\/posts\/93812","targetHints":{"allow":["GET"]}}],"collection":[{"href":"https:\/\/www.evafm.net\/sitio\/wp-json\/wp\/v2\/posts"}],"about":[{"href":"https:\/\/www.evafm.net\/sitio\/wp-json\/wp\/v2\/types\/post"}],"author":[{"embeddable":true,"href":"https:\/\/www.evafm.net\/sitio\/wp-json\/wp\/v2\/users\/5"}],"replies":[{"embeddable":true,"href":"https:\/\/www.evafm.net\/sitio\/wp-json\/wp\/v2\/comments?post=93812"}],"version-history":[{"count":1,"href":"https:\/\/www.evafm.net\/sitio\/wp-json\/wp\/v2\/posts\/93812\/revisions"}],"predecessor-version":[{"id":93814,"href":"https:\/\/www.evafm.net\/sitio\/wp-json\/wp\/v2\/posts\/93812\/revisions\/93814"}],"wp:featuredmedia":[{"embeddable":true,"href":"https:\/\/www.evafm.net\/sitio\/wp-json\/wp\/v2\/media\/93813"}],"wp:attachment":[{"href":"https:\/\/www.evafm.net\/sitio\/wp-json\/wp\/v2\/media?parent=93812"}],"wp:term":[{"taxonomy":"category","embeddable":true,"href":"https:\/\/www.evafm.net\/sitio\/wp-json\/wp\/v2\/categories?post=93812"},{"taxonomy":"post_tag","embeddable":true,"href":"https:\/\/www.evafm.net\/sitio\/wp-json\/wp\/v2\/tags?post=93812"}],"curies":[{"name":"wp","href":"https:\/\/api.w.org\/{rel}","templated":true}]}}