{"id":93894,"date":"2025-09-19T21:32:49","date_gmt":"2025-09-20T02:32:49","guid":{"rendered":"https:\/\/www.evafm.net\/sitio\/?p=93894"},"modified":"2025-09-19T21:32:49","modified_gmt":"2025-09-20T02:32:49","slug":"liga-de-quito-quiere-llevarse-a-diogo-bagui","status":"publish","type":"post","link":"https:\/\/www.evafm.net\/sitio\/liga-de-quito-quiere-llevarse-a-diogo-bagui\/","title":{"rendered":"\u00bfLiga de Quito quiere llevarse a Diogo Bag\u00fc\u00ed?"},"content":{"rendered":"<p>El futuro del defensa ecuatoriano\u00a0<b><a href=\"https:\/\/www.ecuavisa.com\/deportes\/emelec\" data-mrf-link=\"https:\/\/www.ecuavisa.com\/deportes\/emelec\">Diogo Bag\u00fc\u00ed<\/a>\u00a0<\/b>empieza a convertirse en uno de los temas m\u00e1s comentados del mercado de fichajes de cara a la pr\u00f3xima temporada de la\u00a0<b>Liga Ecuabet conectada por Xtrim.\u00a0<\/b><\/p>\n<p>El joven zaguero finaliza contrato con Emelec este a\u00f1o y, bajo reglamento FIFA, ya est\u00e1 habilitado para negociar con otros clubes.<\/p>\n<p>En los \u00faltimos d\u00edas, surgieron versiones que\u00a0<b>Bag\u00fc\u00ed<\/b> lo vinculaban a Liga de Quito, sin embargo, la periodista Johanna Calder\u00f3n desminti\u00f3 este jueves 18 de septiembre que exista alg\u00fan tipo de acercamiento o negociaci\u00f3n con el cuadro albo.<\/p>\n<div class=\"paragraph\">\n<p>Desde el entorno el\u00e9ctrico, se conoci\u00f3 que solicit\u00f3 una prima de renovaci\u00f3n de<b>\u00a0USD 250 mil\u00a0<\/b>y un salario mensual de\u00a0<b>USD 25 mil<\/b>, cifras que no habr\u00edan sido bien recibidas por la dirigencia.<\/p>\n<p>Seg\u00fan medios locales, Emelec habr\u00eda ofrecido apenas una cuarta parte de lo solicitado.<\/p>\n<div id=\"sunmedia-div\"><\/div>\n<\/div>\n<div class=\"paragraph\">\n<p>Con su continuidad en el \u00abBombillo\u00bb en duda y sin propuestas concretas de otros clubes confirmadas, el futuro de<b>\u00a0Bag\u00fc\u00ed<\/b>\u00a0permanece incierto, pero su nombre ya comienza a figurar entre los m\u00e1s mencionados del mercado nacional.<\/p>\n<p>El tema de\u00a0<b>Bag\u00fc\u00ed<\/b>\u00a0tom\u00f3 fuerza luego de que no fuera titular en la goleada sufrida por\u00a0<b>Emelec<\/b> el fin de semana pasado ante Barcelona SC por el Cl\u00e1sico del Astillero.<strong>(D)<\/strong><\/p>\n<\/div>\n<p><strong>Fuente:<\/strong> evafm.net &#8211; ecuavisa.com<\/p>\n<div class=\"gsp_post_data\" \r\n\t            data-post_type=\"post\" \r\n\t            data-cat=\"deportes-ecuador,general\" \r\n\t            data-modified=\"120\"\r\n\t            data-created=\"1758317569\"\r\n\t            data-title=\"\u00bfLiga de Quito quiere llevarse a Diogo Bag\u00fc\u00ed?\" \r\n\t            data-home=\"https:\/\/www.evafm.net\/sitio\"><\/div>","protected":false},"excerpt":{"rendered":"<p>El futuro del defensa ecuatoriano\u00a0Diogo Bag\u00fc\u00ed\u00a0empieza a convertirse en uno de los temas m\u00e1s comentados del mercado de fichajes de cara a la pr\u00f3xima temporada de la\u00a0Liga Ecuabet conectada por Xtrim.\u00a0 El joven zaguero finaliza contrato con Emelec este a\u00f1o y, bajo reglamento FIFA, ya est\u00e1 habilitado para negociar con otros clubes. En los \u00faltimos&#8230;<\/p>\n","protected":false},"author":5,"featured_media":93922,"comment_status":"closed","ping_status":"open","sticky":false,"template":"","format":"standard","meta":{"_joinchat":[],"footnotes":""},"categories":[1557,1720],"tags":[],"class_list":["post-93894","post","type-post","status-publish","format-standard","has-post-thumbnail","hentry","category-deportes-ecuador","category-general","have-post-thumb"],"_links":{"self":[{"href":"https:\/\/www.evafm.net\/sitio\/wp-json\/wp\/v2\/posts\/93894","targetHints":{"allow":["GET"]}}],"collection":[{"href":"https:\/\/www.evafm.net\/sitio\/wp-json\/wp\/v2\/posts"}],"about":[{"href":"https:\/\/www.evafm.net\/sitio\/wp-json\/wp\/v2\/types\/post"}],"author":[{"embeddable":true,"href":"https:\/\/www.evafm.net\/sitio\/wp-json\/wp\/v2\/users\/5"}],"replies":[{"embeddable":true,"href":"https:\/\/www.evafm.net\/sitio\/wp-json\/wp\/v2\/comments?post=93894"}],"version-history":[{"count":1,"href":"https:\/\/www.evafm.net\/sitio\/wp-json\/wp\/v2\/posts\/93894\/revisions"}],"predecessor-version":[{"id":93923,"href":"https:\/\/www.evafm.net\/sitio\/wp-json\/wp\/v2\/posts\/93894\/revisions\/93923"}],"wp:featuredmedia":[{"embeddable":true,"href":"https:\/\/www.evafm.net\/sitio\/wp-json\/wp\/v2\/media\/93922"}],"wp:attachment":[{"href":"https:\/\/www.evafm.net\/sitio\/wp-json\/wp\/v2\/media?parent=93894"}],"wp:term":[{"taxonomy":"category","embeddable":true,"href":"https:\/\/www.evafm.net\/sitio\/wp-json\/wp\/v2\/categories?post=93894"},{"taxonomy":"post_tag","embeddable":true,"href":"https:\/\/www.evafm.net\/sitio\/wp-json\/wp\/v2\/tags?post=93894"}],"curies":[{"name":"wp","href":"https:\/\/api.w.org\/{rel}","templated":true}]}}