{"id":94000,"date":"2025-09-22T09:39:01","date_gmt":"2025-09-22T14:39:01","guid":{"rendered":"https:\/\/www.evafm.net\/sitio\/?p=94000"},"modified":"2025-09-22T09:39:01","modified_gmt":"2025-09-22T14:39:01","slug":"gol-de-leo-realpe-en-el-futbol-de-portugal","status":"publish","type":"post","link":"https:\/\/www.evafm.net\/sitio\/gol-de-leo-realpe-en-el-futbol-de-portugal\/","title":{"rendered":"\u00a1Gol de Leo Realpe en el f\u00fatbol de Portugal!"},"content":{"rendered":"<p>El defensor ecuatoriano Leo Realpe vivi\u00f3 una noche especial en la liga de Portugal al marcar su primer gol desde su llegada a Europa y el segundo de su carrera profesional.<\/p>\n<p>El tanto lleg\u00f3 tras un preciso centro al \u00e1rea que el zaguero aprovech\u00f3 con un potente cabezazo en el segundo palo, desatando la euforia de su equipo y de la afici\u00f3n.<\/p>\n<p>&nbsp;<\/p>\n<p>Gracias a su oportuna aparici\u00f3n, el Famalic\u00e3o se puso por delante en el marcador, ratificando el buen momento que atraviesa el ecuatoriano en su adaptaci\u00f3n al f\u00fatbol europeo.<\/p>\n<p>Este gol no solo significa confianza para Realpe, sino tambi\u00e9n un impulso para consolidarse como titular en el club portugu\u00e9s.<strong>(D)<\/strong><\/p>\n<p>&nbsp;<\/p>\n<p><strong>Fuente:<\/strong> evafm.net &#8211; studiofutbol.com.ec<\/p>\n<div class=\"gsp_post_data\" \r\n\t            data-post_type=\"post\" \r\n\t            data-cat=\"deportes-internacionales\" \r\n\t            data-modified=\"120\"\r\n\t            data-created=\"1758533941\"\r\n\t            data-title=\"\u00a1Gol de Leo Realpe en el f\u00fatbol de Portugal!\" \r\n\t            data-home=\"https:\/\/www.evafm.net\/sitio\"><\/div>","protected":false},"excerpt":{"rendered":"<p>El defensor ecuatoriano Leo Realpe vivi\u00f3 una noche especial en la liga de Portugal al marcar su primer gol desde su llegada a Europa y el segundo de su carrera profesional. El tanto lleg\u00f3 tras un preciso centro al \u00e1rea que el zaguero aprovech\u00f3 con un potente cabezazo en el segundo palo, desatando la euforia&#8230;<\/p>\n","protected":false},"author":5,"featured_media":94001,"comment_status":"closed","ping_status":"open","sticky":false,"template":"","format":"standard","meta":{"_joinchat":[],"footnotes":""},"categories":[1342],"tags":[],"class_list":["post-94000","post","type-post","status-publish","format-standard","has-post-thumbnail","hentry","category-deportes-internacionales","have-post-thumb"],"_links":{"self":[{"href":"https:\/\/www.evafm.net\/sitio\/wp-json\/wp\/v2\/posts\/94000","targetHints":{"allow":["GET"]}}],"collection":[{"href":"https:\/\/www.evafm.net\/sitio\/wp-json\/wp\/v2\/posts"}],"about":[{"href":"https:\/\/www.evafm.net\/sitio\/wp-json\/wp\/v2\/types\/post"}],"author":[{"embeddable":true,"href":"https:\/\/www.evafm.net\/sitio\/wp-json\/wp\/v2\/users\/5"}],"replies":[{"embeddable":true,"href":"https:\/\/www.evafm.net\/sitio\/wp-json\/wp\/v2\/comments?post=94000"}],"version-history":[{"count":1,"href":"https:\/\/www.evafm.net\/sitio\/wp-json\/wp\/v2\/posts\/94000\/revisions"}],"predecessor-version":[{"id":94002,"href":"https:\/\/www.evafm.net\/sitio\/wp-json\/wp\/v2\/posts\/94000\/revisions\/94002"}],"wp:featuredmedia":[{"embeddable":true,"href":"https:\/\/www.evafm.net\/sitio\/wp-json\/wp\/v2\/media\/94001"}],"wp:attachment":[{"href":"https:\/\/www.evafm.net\/sitio\/wp-json\/wp\/v2\/media?parent=94000"}],"wp:term":[{"taxonomy":"category","embeddable":true,"href":"https:\/\/www.evafm.net\/sitio\/wp-json\/wp\/v2\/categories?post=94000"},{"taxonomy":"post_tag","embeddable":true,"href":"https:\/\/www.evafm.net\/sitio\/wp-json\/wp\/v2\/tags?post=94000"}],"curies":[{"name":"wp","href":"https:\/\/api.w.org\/{rel}","templated":true}]}}